{"id":595,"date":"2019-06-04T08:54:40","date_gmt":"2019-06-04T06:54:40","guid":{"rendered":"http:\/\/5.45.101.177\/haut-allier\/usagers-transportse\/index.php\/2019\/06\/04\/trains-du-quotidien-a-carpentras595\/"},"modified":"2019-06-04T08:54:40","modified_gmt":"2019-06-04T06:54:40","slug":"trains-du-quotidien-a-carpentras595","status":"publish","type":"post","link":"https:\/\/usagers-transports.haut-allier.eu\/index.php\/2019\/06\/04\/trains-du-quotidien-a-carpentras595\/","title":{"rendered":"Trains du quotidien : \u00e0 Carpentras les collectivit\u00e9s pr\u00e9parent leur gare num\u00e9rique"},"content":{"rendered":"<p>Alors que certains usagers, et \u00e9lus, du massif central se recroquevillent un tantinet sur les fermetures de guichets des gares, car v\u00e9cues comme un nouveau recul du service public, d&rsquo;autres ont bien compris que les gares pouvaient \u00eatre un espace convivial si elles \u00e9taient g\u00e9r\u00e9es par d&rsquo;autres entit\u00e9s que la moribonde SNCF.<br \/>\n&nbsp;<br \/>\nLe mot d&rsquo;ordre qu&rsquo;il faudrait plut\u00f4t lancer est : <strong>Reprenons les gares d&rsquo;urgence \u00e0 la SNCF !<\/strong> Quand celles-ci ne sont pas d\u00e9j\u00e0 communales ou intercommunales.<br \/>\n&nbsp;<br \/>\nEn tous cas \u00e0 Carpentras, les citoyens travaillent en commun sur l&rsquo;am\u00e9nagement de leur gare \u00ab\u00a0num\u00e9rique\u00a0\u00bb et il en ressort un projet ambitieux et int\u00e9ressant. Le tout pilot\u00e9 par la Communaut\u00e9 d&rsquo;agglom\u00e9rations Ventoux Comtat venaissin qui veut r\u00e9habiliter l&rsquo;ancienne gare SNCF de Carpentras en <a href=\"http:\/\/www.laprovencecreative.fr\/la-gare-numerique\/le-projet-gare-numerique.html\"><strong>gare num\u00e9rique<\/strong><\/a> cette ann\u00e9e m\u00eame.<br \/>\n&nbsp;<br \/>\nL&rsquo;objectif est de cr\u00e9er, sur une surface de 1 142 m2 desservie par le r\u00e9seau de fibre optique, un v\u00e9ritable \u00e9cosyst\u00e8me consacr\u00e9 aux nouvelles technologies sous la forme d&rsquo;un p\u00f4le de services d\u00e9di\u00e9s aux TPE locales.<br \/>\n&nbsp;<br \/>\nC&rsquo;est ce que nous apprend le Dauphin\u00e9 de ce jour :<br \/>\n&nbsp;<br \/>\n <img loading=\"lazy\" decoding=\"async\" class=\" aligncenter size-full wp-image-2667\" src=\"http:\/\/5.45.101.177\/haut-allier\/usagers-transportse\/wp-content\/uploads\/2019\/06\/dauphine-gare-numerique.jpg\" alt=\"dauphine-gare-numerique.jpg\" align=\"center\" width=\"736\" height=\"850\" srcset=\"https:\/\/usagers-transports.haut-allier.eu\/wp-content\/uploads\/2019\/06\/dauphine-gare-numerique.jpg 736w, https:\/\/usagers-transports.haut-allier.eu\/wp-content\/uploads\/2019\/06\/dauphine-gare-numerique-260x300.jpg 260w\" sizes=\"auto, (max-width: 736px) 100vw, 736px\" \/><br \/>\n&nbsp;<br \/>\nLa pr\u00e9sentation du projet :<br \/>\n&nbsp;<br \/>\n<iframe loading=\"lazy\" width=\"560\" height=\"315\" src=\"https:\/\/www.youtube.com\/embed\/DjkBylUAZ9o\" frameborder=\"0\" allowfullscreen><\/iframe><br \/>\n&nbsp;<br \/>\nEsp\u00e9rons simplement qu&rsquo;\u00e0 part des bureaux partag\u00e9s les usagers du train auront l&rsquo;assurance de b\u00e9n\u00e9ficier de quelques facilit\u00e9s.<\/p>\n","protected":false},"excerpt":{"rendered":"<p>Alors que certains usagers, et \u00e9lus, du massif central se recroquevillent un tantinet sur les fermetures de guichets<\/p>\n","protected":false},"author":1,"featured_media":2666,"comment_status":"open","ping_status":"open","sticky":false,"template":"","format":"standard","meta":{"footnotes":""},"categories":[3],"tags":[],"class_list":["post-595","post","type-post","status-publish","format-standard","has-post-thumbnail","hentry","category-en-train"],"_links":{"self":[{"href":"https:\/\/usagers-transports.haut-allier.eu\/index.php\/wp-json\/wp\/v2\/posts\/595","targetHints":{"allow":["GET"]}}],"collection":[{"href":"https:\/\/usagers-transports.haut-allier.eu\/index.php\/wp-json\/wp\/v2\/posts"}],"about":[{"href":"https:\/\/usagers-transports.haut-allier.eu\/index.php\/wp-json\/wp\/v2\/types\/post"}],"author":[{"embeddable":true,"href":"https:\/\/usagers-transports.haut-allier.eu\/index.php\/wp-json\/wp\/v2\/users\/1"}],"replies":[{"embeddable":true,"href":"https:\/\/usagers-transports.haut-allier.eu\/index.php\/wp-json\/wp\/v2\/comments?post=595"}],"version-history":[{"count":0,"href":"https:\/\/usagers-transports.haut-allier.eu\/index.php\/wp-json\/wp\/v2\/posts\/595\/revisions"}],"wp:featuredmedia":[{"embeddable":true,"href":"https:\/\/usagers-transports.haut-allier.eu\/index.php\/wp-json\/wp\/v2\/media\/2666"}],"wp:attachment":[{"href":"https:\/\/usagers-transports.haut-allier.eu\/index.php\/wp-json\/wp\/v2\/media?parent=595"}],"wp:term":[{"taxonomy":"category","embeddable":true,"href":"https:\/\/usagers-transports.haut-allier.eu\/index.php\/wp-json\/wp\/v2\/categories?post=595"},{"taxonomy":"post_tag","embeddable":true,"href":"https:\/\/usagers-transports.haut-allier.eu\/index.php\/wp-json\/wp\/v2\/tags?post=595"}],"curies":[{"name":"wp","href":"https:\/\/api.w.org\/{rel}","templated":true}]}}