{"id":596,"date":"2019-06-04T16:39:57","date_gmt":"2019-06-04T14:39:57","guid":{"rendered":"http:\/\/5.45.101.177\/haut-allier\/usagers-transportse\/index.php\/2019\/06\/04\/jean-michel-fondateur-de-l596\/"},"modified":"2019-06-04T16:39:57","modified_gmt":"2019-06-04T14:39:57","slug":"jean-michel-fondateur-de-l596","status":"publish","type":"post","link":"https:\/\/usagers-transports.haut-allier.eu\/index.php\/2019\/06\/04\/jean-michel-fondateur-de-l596\/","title":{"rendered":"Jean MICHEL fondateur de l&rsquo;association des usagers SNCF du Gard s&rsquo;en est all\u00e9"},"content":{"rendered":"<p>Le pr\u00e9d\u00e9cesseur d&rsquo;Anne-Marie Skora \u00e0 la t\u00eate de cette association de d\u00e9fense avait 76 ans. Toutes nos condol\u00e9ances \u00e0 nos amis, tr\u00e8s efficaces, du Gard et des d\u00e9partements limitrophes avec qui nous collaborons r\u00e9guli\u00e8rement.<br \/>\n&nbsp;<br \/>\nL&rsquo;article de Midi LIbre :<br \/>\n&nbsp;<br \/>\n<img loading=\"lazy\" decoding=\"async\" class=\" aligncenter size-full wp-image-2669\" src=\"http:\/\/5.45.101.177\/haut-allier\/usagers-transportse\/wp-content\/uploads\/2019\/06\/jeanmichel.jpg\" alt=\"jeanmichel.jpg\" align=\"center\" width=\"454\" height=\"797\" srcset=\"https:\/\/usagers-transports.haut-allier.eu\/wp-content\/uploads\/2019\/06\/jeanmichel.jpg 454w, https:\/\/usagers-transports.haut-allier.eu\/wp-content\/uploads\/2019\/06\/jeanmichel-171x300.jpg 171w\" sizes=\"auto, (max-width: 454px) 100vw, 454px\" \/><br \/>\n&nbsp;<br \/>\n<em>[photo du logo : Midi Libre]<\/em><\/p>\n","protected":false},"excerpt":{"rendered":"<p>Le pr\u00e9d\u00e9cesseur d&rsquo;Anne-Marie Skora \u00e0 la t\u00eate de cette association de d\u00e9fense avait 76 ans. Toutes nos condol\u00e9ances<\/p>\n","protected":false},"author":1,"featured_media":2668,"comment_status":"open","ping_status":"open","sticky":false,"template":"","format":"standard","meta":{"footnotes":""},"categories":[2],"tags":[],"class_list":["post-596","post","type-post","status-publish","format-standard","has-post-thumbnail","hentry","category-infos"],"_links":{"self":[{"href":"https:\/\/usagers-transports.haut-allier.eu\/index.php\/wp-json\/wp\/v2\/posts\/596","targetHints":{"allow":["GET"]}}],"collection":[{"href":"https:\/\/usagers-transports.haut-allier.eu\/index.php\/wp-json\/wp\/v2\/posts"}],"about":[{"href":"https:\/\/usagers-transports.haut-allier.eu\/index.php\/wp-json\/wp\/v2\/types\/post"}],"author":[{"embeddable":true,"href":"https:\/\/usagers-transports.haut-allier.eu\/index.php\/wp-json\/wp\/v2\/users\/1"}],"replies":[{"embeddable":true,"href":"https:\/\/usagers-transports.haut-allier.eu\/index.php\/wp-json\/wp\/v2\/comments?post=596"}],"version-history":[{"count":0,"href":"https:\/\/usagers-transports.haut-allier.eu\/index.php\/wp-json\/wp\/v2\/posts\/596\/revisions"}],"wp:featuredmedia":[{"embeddable":true,"href":"https:\/\/usagers-transports.haut-allier.eu\/index.php\/wp-json\/wp\/v2\/media\/2668"}],"wp:attachment":[{"href":"https:\/\/usagers-transports.haut-allier.eu\/index.php\/wp-json\/wp\/v2\/media?parent=596"}],"wp:term":[{"taxonomy":"category","embeddable":true,"href":"https:\/\/usagers-transports.haut-allier.eu\/index.php\/wp-json\/wp\/v2\/categories?post=596"},{"taxonomy":"post_tag","embeddable":true,"href":"https:\/\/usagers-transports.haut-allier.eu\/index.php\/wp-json\/wp\/v2\/tags?post=596"}],"curies":[{"name":"wp","href":"https:\/\/api.w.org\/{rel}","templated":true}]}}