{"id":5963,"date":"2018-01-18T09:43:38","date_gmt":"2018-01-18T08:43:38","guid":{"rendered":"http:\/\/5.45.101.177\/haut-allier\/usagers-transportse\/index.php\/2018\/01\/18\/janvier-2018001\/"},"modified":"2018-01-18T09:43:38","modified_gmt":"2018-01-18T08:43:38","slug":"janvier-2018001","status":"publish","type":"post","link":"https:\/\/usagers-transports.haut-allier.eu\/index.php\/2018\/01\/18\/janvier-2018001\/","title":{"rendered":"Janvier 2018"},"content":{"rendered":"<p>17\/01 : <strong>Suppression sans pr\u00e9avis<\/strong> du train C\u00e9venol 877952 entre Al\u00e8s et Clermont Fd. Aucune substitution mise en place pour Chapeauroux, Alleyras, Monistrol d&rsquo;Allier. Cause : absence de conducteur <em>(Source GT)<\/em>.<br \/>\n&nbsp;<br \/>\n[(<strong> <em>Le Collectif communiquera la liste des dysfonctionnements tous les mois aux r\u00e9gions AURA et OCCITANIE. Pour signaler les mauvaises exp\u00e9riences : notre <a href=\"mailto:usagers-transports@haut-allier.eu\">mail<\/a>.<\/em> <\/strong>)]<\/p>\n","protected":false},"excerpt":{"rendered":"<p>17\/01 : Suppression sans pr\u00e9avis du train C\u00e9venol 877952 entre Al\u00e8s et Clermont Fd. Aucune substitution mise en<\/p>\n","protected":false},"author":1,"featured_media":0,"comment_status":"open","ping_status":"open","sticky":false,"template":"","format":"standard","meta":{"footnotes":""},"categories":[11],"tags":[],"class_list":["post-5963","post","type-post","status-publish","format-standard","hentry","category-infos-breves"],"_links":{"self":[{"href":"https:\/\/usagers-transports.haut-allier.eu\/index.php\/wp-json\/wp\/v2\/posts\/5963","targetHints":{"allow":["GET"]}}],"collection":[{"href":"https:\/\/usagers-transports.haut-allier.eu\/index.php\/wp-json\/wp\/v2\/posts"}],"about":[{"href":"https:\/\/usagers-transports.haut-allier.eu\/index.php\/wp-json\/wp\/v2\/types\/post"}],"author":[{"embeddable":true,"href":"https:\/\/usagers-transports.haut-allier.eu\/index.php\/wp-json\/wp\/v2\/users\/1"}],"replies":[{"embeddable":true,"href":"https:\/\/usagers-transports.haut-allier.eu\/index.php\/wp-json\/wp\/v2\/comments?post=5963"}],"version-history":[{"count":0,"href":"https:\/\/usagers-transports.haut-allier.eu\/index.php\/wp-json\/wp\/v2\/posts\/5963\/revisions"}],"wp:attachment":[{"href":"https:\/\/usagers-transports.haut-allier.eu\/index.php\/wp-json\/wp\/v2\/media?parent=5963"}],"wp:term":[{"taxonomy":"category","embeddable":true,"href":"https:\/\/usagers-transports.haut-allier.eu\/index.php\/wp-json\/wp\/v2\/categories?post=5963"},{"taxonomy":"post_tag","embeddable":true,"href":"https:\/\/usagers-transports.haut-allier.eu\/index.php\/wp-json\/wp\/v2\/tags?post=5963"}],"curies":[{"name":"wp","href":"https:\/\/api.w.org\/{rel}","templated":true}]}}