{"id":5964,"date":"2018-02-06T08:33:26","date_gmt":"2018-02-06T07:33:26","guid":{"rendered":"http:\/\/5.45.101.177\/haut-allier\/usagers-transportse\/index.php\/2018\/02\/06\/fevrier-2018002\/"},"modified":"2018-02-06T08:33:26","modified_gmt":"2018-02-06T07:33:26","slug":"fevrier-2018002","status":"publish","type":"post","link":"https:\/\/usagers-transports.haut-allier.eu\/index.php\/2018\/02\/06\/fevrier-2018002\/","title":{"rendered":"F\u00e9vrier 2018"},"content":{"rendered":"<p>06\/02 : <strong>Attention ! Du 12 f\u00e9vrier au 3 mars <\/strong> le train C\u00e9venol N\u00eemes Clermont-Fd est avanc\u00e9 de 55 minutes sur toute la ligne afin d&rsquo;assurer la correspondance avec le Clermont Paris lui-m\u00eame avanc\u00e9. Les sites Internet sont \u00e0 jour mais PAS LES AFFICHES EN GARE ni les d\u00e9pliants horaires. <em>(Source GT)<\/em>.<br \/>\n&nbsp;<br \/>\n05\/02 : <strong>Arr\u00eat \u00e0 Labastide Saint-Laurent<\/strong> du train TER 877706 entre N\u00eemes et Mende. Substitution par bus et arriv\u00e9e \u00e0 18h20 soit 3 heures de retard. Cause : absence de d\u00e9neigement de la voie entre Labastide et Mende malgr\u00e9 les mises en garde m\u00e9t\u00e9o <em>(Source DF)<\/em>.<\/p>\n<p>[(<strong> <em>Le Collectif communiquera la liste des dysfonctionnements tous les mois aux r\u00e9gions AURA et OCCITANIE. Pour signaler les mauvaises exp\u00e9riences : notre <a href=\"mailto:usagers-transports@haut-allier.eu\">mail<\/a>.<\/em> <\/strong>)]<\/p>\n","protected":false},"excerpt":{"rendered":"<p>06\/02 : Attention ! Du 12 f\u00e9vrier au 3 mars le train C\u00e9venol N\u00eemes Clermont-Fd est avanc\u00e9 de<\/p>\n","protected":false},"author":1,"featured_media":0,"comment_status":"open","ping_status":"open","sticky":false,"template":"","format":"standard","meta":{"footnotes":""},"categories":[11],"tags":[],"class_list":["post-5964","post","type-post","status-publish","format-standard","hentry","category-infos-breves"],"_links":{"self":[{"href":"https:\/\/usagers-transports.haut-allier.eu\/index.php\/wp-json\/wp\/v2\/posts\/5964","targetHints":{"allow":["GET"]}}],"collection":[{"href":"https:\/\/usagers-transports.haut-allier.eu\/index.php\/wp-json\/wp\/v2\/posts"}],"about":[{"href":"https:\/\/usagers-transports.haut-allier.eu\/index.php\/wp-json\/wp\/v2\/types\/post"}],"author":[{"embeddable":true,"href":"https:\/\/usagers-transports.haut-allier.eu\/index.php\/wp-json\/wp\/v2\/users\/1"}],"replies":[{"embeddable":true,"href":"https:\/\/usagers-transports.haut-allier.eu\/index.php\/wp-json\/wp\/v2\/comments?post=5964"}],"version-history":[{"count":0,"href":"https:\/\/usagers-transports.haut-allier.eu\/index.php\/wp-json\/wp\/v2\/posts\/5964\/revisions"}],"wp:attachment":[{"href":"https:\/\/usagers-transports.haut-allier.eu\/index.php\/wp-json\/wp\/v2\/media?parent=5964"}],"wp:term":[{"taxonomy":"category","embeddable":true,"href":"https:\/\/usagers-transports.haut-allier.eu\/index.php\/wp-json\/wp\/v2\/categories?post=5964"},{"taxonomy":"post_tag","embeddable":true,"href":"https:\/\/usagers-transports.haut-allier.eu\/index.php\/wp-json\/wp\/v2\/tags?post=5964"}],"curies":[{"name":"wp","href":"https:\/\/api.w.org\/{rel}","templated":true}]}}