{"id":5965,"date":"2018-03-05T09:30:01","date_gmt":"2018-03-05T08:30:01","guid":{"rendered":"http:\/\/5.45.101.177\/haut-allier\/usagers-transportse\/index.php\/2018\/03\/05\/mars-2018003\/"},"modified":"2018-03-05T09:30:01","modified_gmt":"2018-03-05T08:30:01","slug":"mars-2018003","status":"publish","type":"post","link":"https:\/\/usagers-transports.haut-allier.eu\/index.php\/2018\/03\/05\/mars-2018003\/","title":{"rendered":"Mars 2018"},"content":{"rendered":"<p>05\/02 : <strong>Attention ! Du 5 mars au 4 mai<\/strong> plus aucune circulation de trains dans les gorges de l&rsquo;Allier suite \u00e0 DEUX MOIS de soit-disant travaux : en fait seuls ceux du tunnel de Crest, en contrebas du hameau de Genestouse seront effectu\u00e9s. La r\u00e9gion AURA et son pilote Wauquiez ont refus\u00e9 en janvier de participer au financement des travaux de r\u00e9habilitation des voies et donc SNCF R\u00e9seau n&rsquo;effectuera pas la deuxi\u00e8me partie des travaux. Donc coupure de DEUX MOIS sans raison. Pour les voyageurs de Monistrol, Alleyras et Chapeauroux, insistez en t\u00e9l\u00e9phonant \u00e0 la SNCF pour obtenir un taxi \u00e0 la demande au prix normal du billet de train car les BILLETS pour ces destinations ou d\u00e9parts n&rsquo;APPARAISSENT PLUS sur les sites de r\u00e9servation !<\/p>\n<p>[(<strong> <em>Le Collectif communiquera la liste des dysfonctionnements tous les mois aux r\u00e9gions AURA et OCCITANIE. Pour signaler les mauvaises exp\u00e9riences : notre <a href=\"mailto:usagers-transports@haut-allier.eu\">mail<\/a>.<\/em> <\/strong>)]<\/p>\n","protected":false},"excerpt":{"rendered":"<p>05\/02 : Attention ! Du 5 mars au 4 mai plus aucune circulation de trains dans les gorges<\/p>\n","protected":false},"author":1,"featured_media":0,"comment_status":"open","ping_status":"open","sticky":false,"template":"","format":"standard","meta":{"footnotes":""},"categories":[11],"tags":[],"class_list":["post-5965","post","type-post","status-publish","format-standard","hentry","category-infos-breves"],"_links":{"self":[{"href":"https:\/\/usagers-transports.haut-allier.eu\/index.php\/wp-json\/wp\/v2\/posts\/5965","targetHints":{"allow":["GET"]}}],"collection":[{"href":"https:\/\/usagers-transports.haut-allier.eu\/index.php\/wp-json\/wp\/v2\/posts"}],"about":[{"href":"https:\/\/usagers-transports.haut-allier.eu\/index.php\/wp-json\/wp\/v2\/types\/post"}],"author":[{"embeddable":true,"href":"https:\/\/usagers-transports.haut-allier.eu\/index.php\/wp-json\/wp\/v2\/users\/1"}],"replies":[{"embeddable":true,"href":"https:\/\/usagers-transports.haut-allier.eu\/index.php\/wp-json\/wp\/v2\/comments?post=5965"}],"version-history":[{"count":0,"href":"https:\/\/usagers-transports.haut-allier.eu\/index.php\/wp-json\/wp\/v2\/posts\/5965\/revisions"}],"wp:attachment":[{"href":"https:\/\/usagers-transports.haut-allier.eu\/index.php\/wp-json\/wp\/v2\/media?parent=5965"}],"wp:term":[{"taxonomy":"category","embeddable":true,"href":"https:\/\/usagers-transports.haut-allier.eu\/index.php\/wp-json\/wp\/v2\/categories?post=5965"},{"taxonomy":"post_tag","embeddable":true,"href":"https:\/\/usagers-transports.haut-allier.eu\/index.php\/wp-json\/wp\/v2\/tags?post=5965"}],"curies":[{"name":"wp","href":"https:\/\/api.w.org\/{rel}","templated":true}]}}