{"id":5966,"date":"2018-05-05T08:13:50","date_gmt":"2018-05-05T06:13:50","guid":{"rendered":"http:\/\/5.45.101.177\/haut-allier\/usagers-transportse\/index.php\/2018\/05\/05\/mai-2018004\/"},"modified":"2018-05-05T08:13:50","modified_gmt":"2018-05-05T06:13:50","slug":"mai-2018004","status":"publish","type":"post","link":"https:\/\/usagers-transports.haut-allier.eu\/index.php\/2018\/05\/05\/mai-2018004\/","title":{"rendered":"Mai 2018"},"content":{"rendered":"<p>05\/05 : <strong>Attention ! Jour de reprise des circulations hors gr\u00e8ve<\/strong> et un seul train sur 3 annonc\u00e9s dans les gorges de l&rsquo;Allier, celui de la mi-journ\u00e9e, l&rsquo;ex Intercit\u00e9s C\u00e9venol.<br \/>\n&nbsp;<br \/>\n[(<strong> <em>Le Collectif communiquera la liste des dysfonctionnements tous les mois aux r\u00e9gions AURA et OCCITANIE. Pour signaler les mauvaises exp\u00e9riences : notre <a href=\"mailto:usagers-transports@haut-allier.eu\">mail<\/a>.<\/em> <\/strong>)]<\/p>\n","protected":false},"excerpt":{"rendered":"<p>05\/05 : Attention ! Jour de reprise des circulations hors gr\u00e8ve et un seul train sur 3 annonc\u00e9s<\/p>\n","protected":false},"author":1,"featured_media":0,"comment_status":"open","ping_status":"open","sticky":false,"template":"","format":"standard","meta":{"footnotes":""},"categories":[11],"tags":[],"class_list":["post-5966","post","type-post","status-publish","format-standard","hentry","category-infos-breves"],"_links":{"self":[{"href":"https:\/\/usagers-transports.haut-allier.eu\/index.php\/wp-json\/wp\/v2\/posts\/5966","targetHints":{"allow":["GET"]}}],"collection":[{"href":"https:\/\/usagers-transports.haut-allier.eu\/index.php\/wp-json\/wp\/v2\/posts"}],"about":[{"href":"https:\/\/usagers-transports.haut-allier.eu\/index.php\/wp-json\/wp\/v2\/types\/post"}],"author":[{"embeddable":true,"href":"https:\/\/usagers-transports.haut-allier.eu\/index.php\/wp-json\/wp\/v2\/users\/1"}],"replies":[{"embeddable":true,"href":"https:\/\/usagers-transports.haut-allier.eu\/index.php\/wp-json\/wp\/v2\/comments?post=5966"}],"version-history":[{"count":0,"href":"https:\/\/usagers-transports.haut-allier.eu\/index.php\/wp-json\/wp\/v2\/posts\/5966\/revisions"}],"wp:attachment":[{"href":"https:\/\/usagers-transports.haut-allier.eu\/index.php\/wp-json\/wp\/v2\/media?parent=5966"}],"wp:term":[{"taxonomy":"category","embeddable":true,"href":"https:\/\/usagers-transports.haut-allier.eu\/index.php\/wp-json\/wp\/v2\/categories?post=5966"},{"taxonomy":"post_tag","embeddable":true,"href":"https:\/\/usagers-transports.haut-allier.eu\/index.php\/wp-json\/wp\/v2\/tags?post=5966"}],"curies":[{"name":"wp","href":"https:\/\/api.w.org\/{rel}","templated":true}]}}