{"id":5971,"date":"2018-10-12T22:34:34","date_gmt":"2018-10-12T20:34:34","guid":{"rendered":"http:\/\/5.45.101.177\/haut-allier\/usagers-transportse\/index.php\/2018\/10\/12\/octobre-2018009\/"},"modified":"2018-10-12T22:34:34","modified_gmt":"2018-10-12T20:34:34","slug":"octobre-2018009","status":"publish","type":"post","link":"https:\/\/usagers-transports.haut-allier.eu\/index.php\/2018\/10\/12\/octobre-2018009\/","title":{"rendered":"OCTOBRE 2018"},"content":{"rendered":"<p>Les dysfonctionnements s&rsquo;encha\u00eenent sur la ligne avec notamment des rames de trains sous-dimensionn\u00e9es pour l&rsquo;accueil des usagers en fin de semaine entre Langogne et N\u00eemes. A tel point que des voyageurs restent \u00e0 quai. La SNCF continue \u00e0 massacrer la ligne et les territoires en poussant les usagers \u00e0 d\u00e9tester le train. Quelle compte bien sur nous pour le lui rappeler au bon moment&#8230;   <\/p>\n","protected":false},"excerpt":{"rendered":"<p>Les dysfonctionnements s&rsquo;encha\u00eenent sur la ligne avec notamment des rames de trains sous-dimensionn\u00e9es pour l&rsquo;accueil des usagers en<\/p>\n","protected":false},"author":1,"featured_media":0,"comment_status":"open","ping_status":"open","sticky":false,"template":"","format":"standard","meta":{"footnotes":""},"categories":[11],"tags":[],"class_list":["post-5971","post","type-post","status-publish","format-standard","hentry","category-infos-breves"],"_links":{"self":[{"href":"https:\/\/usagers-transports.haut-allier.eu\/index.php\/wp-json\/wp\/v2\/posts\/5971","targetHints":{"allow":["GET"]}}],"collection":[{"href":"https:\/\/usagers-transports.haut-allier.eu\/index.php\/wp-json\/wp\/v2\/posts"}],"about":[{"href":"https:\/\/usagers-transports.haut-allier.eu\/index.php\/wp-json\/wp\/v2\/types\/post"}],"author":[{"embeddable":true,"href":"https:\/\/usagers-transports.haut-allier.eu\/index.php\/wp-json\/wp\/v2\/users\/1"}],"replies":[{"embeddable":true,"href":"https:\/\/usagers-transports.haut-allier.eu\/index.php\/wp-json\/wp\/v2\/comments?post=5971"}],"version-history":[{"count":0,"href":"https:\/\/usagers-transports.haut-allier.eu\/index.php\/wp-json\/wp\/v2\/posts\/5971\/revisions"}],"wp:attachment":[{"href":"https:\/\/usagers-transports.haut-allier.eu\/index.php\/wp-json\/wp\/v2\/media?parent=5971"}],"wp:term":[{"taxonomy":"category","embeddable":true,"href":"https:\/\/usagers-transports.haut-allier.eu\/index.php\/wp-json\/wp\/v2\/categories?post=5971"},{"taxonomy":"post_tag","embeddable":true,"href":"https:\/\/usagers-transports.haut-allier.eu\/index.php\/wp-json\/wp\/v2\/tags?post=5971"}],"curies":[{"name":"wp","href":"https:\/\/api.w.org\/{rel}","templated":true}]}}