{"id":5975,"date":"2019-02-01T08:43:55","date_gmt":"2019-02-01T07:43:55","guid":{"rendered":"http:\/\/5.45.101.177\/haut-allier\/usagers-transportse\/index.php\/2019\/02\/01\/fevrier-2019013\/"},"modified":"2019-02-01T08:43:55","modified_gmt":"2019-02-01T07:43:55","slug":"fevrier-2019013","status":"publish","type":"post","link":"https:\/\/usagers-transports.haut-allier.eu\/index.php\/2019\/02\/01\/fevrier-2019013\/","title":{"rendered":"FEVRIER 2019"},"content":{"rendered":"<p><strong>INFO TRAFIC : LUNDI 4 FEVRIER<br \/>\n\u00ab\u00a0Suite aux intemp\u00e9ries\u00a0\u00bb toutes les circulations en train sont annul\u00e9es entre Brioude et N\u00eemes !!! <\/strong><br \/>\n&nbsp;<br \/>\n<strong>INFO TRAFIC : MARDI 5 FEVRIER<br \/>\n\u00ab\u00a0C&rsquo;est la gr\u00e8ve !!!\u00a0\u00bb<\/strong><br \/>\n&nbsp;<br \/>\n<strong> <em>Quoi ? les routes sont impraticables ? il restait le train ? Non Messieurs dames c&rsquo;\u00e9tait il y a bien longtemps, quand la SNCF connaissait son m\u00e9tier.<\/em> <\/strong><br \/>\n&nbsp;<br \/>\n&nbsp;<br \/>\nProfitez des billets \u00e0 un euro de la r\u00e9gion Occitanie entre N\u00eemes et l&rsquo;Auvergne \u00e7a se poursuit en 2019 uniquement via Internet.<br \/>\n&nbsp;<br \/>\nEn rade dans une gare du massif central pour se d\u00e9brouiller sans guichets, sans gares, voire sans panneau d&rsquo;affichage les seuls canaux d&rsquo;informations sont :<br \/>\n&nbsp;<br \/>\n&#8211; Pour la confirmation de vos horaires, les retards et suppressions \u00e9ventuels ils sont signal\u00e9s sur ce site \u00e0 la chronique <a href=\"https:\/\/www.ter.sncf.com\/occitanie\/gares\/recherche\/pratique\"><strong>Prochains d\u00e9parts<\/strong><\/a> ou encore mieux le nouveau <a href=\"https:\/\/www.sncf.com\/fr\/itineraire-reservation\/horaires\"><strong>site de la SNCF<\/strong><\/a> enfin pratique et compatible smartphones.<br \/>\n&#8211; Pour planifier et acheter un billet en d\u00e9sert rural pas d&rsquo;autres moyens que le site web <a href=\"https:\/\/www.oui.sncf\/\"><strong>Oui.sncf<\/strong><\/a> pour tous les trajets ou, c&rsquo;est nouveau, le <a href=\"https:\/\/www.ter.sncf.com\"><strong>site TER<\/strong><\/a> pour ce qui concerne un voyage de bout en bout en TER.<br \/>\n&#8211; Le site web <a href=\"https:\/\/www.ter.sncf.com\/occitanie\"><strong>TER Occitanie<\/strong> <\/a> (avec les trajets \u00e0 un euro)<br \/>\n&#8211; Le site web <a href=\"https:\/\/www.ter.sncf.com\/auvergne-rhone-alpes\"><strong>TER Auvergne Rh\u00f4ne Alpes<\/strong><\/a><br \/>\n&#8211; Pour les horaires, les trajets, les cartes, les arr\u00eats interm\u00e9diaires et la clart\u00e9 vous pouvez aussi utiliser le site de <a href=\"https:\/\/www.bahn.com\/fr\/view\/index.shtml\"><strong>DB France<\/strong><\/a><br \/>\n&#8211; L&rsquo;application d\u00e9di\u00e9e Oui.sncf pour smartphones <a href=\"https:\/\/www.oui.sncf\/mobile\"><strong>Android<\/strong> et <strong>Apple<\/strong><\/a> est une \u00e9norme bouse qu&rsquo;il faut mettre \u00e0 jour tous les mois et qui squatte toute la m\u00e9moire de votre smartphone, mais ya que \u00e7a. Les autres applis SNCF ne servent \u00e0 rien.<br \/>\n&nbsp;<br \/>\nPour ceux et celles qui veulent faire mumuse et qui ont du temps \u00e0 perdre vous pouvez questionner la SNCF AURA et Occitanie sur Twitter \u00e0 @TER_Occitanie ou @SNCFTERAURA en esp\u00e9rant obtenir une r\u00e9ponse convenable. Le samedi et le dimanche \u00ab\u00a0service\u00a0\u00bb ferm\u00e9.<br \/>\n&nbsp;<br \/>\nEt pour raconter vos mauvaises exp\u00e9riences : notre <a href=\"mailto:usagers-transports@haut-allier.eu\"><strong>mail<\/strong><\/a>.<br \/>\n&nbsp;<br \/>\nBon courage. Coupure pour travaux plus de 2 mois \u00e0 partir du 8 avril jusqu&rsquo;au 14 juin 2019.<\/p>\n","protected":false},"excerpt":{"rendered":"<p>INFO TRAFIC : LUNDI 4 FEVRIER \u00ab\u00a0Suite aux intemp\u00e9ries\u00a0\u00bb toutes les circulations en train sont annul\u00e9es entre Brioude<\/p>\n","protected":false},"author":1,"featured_media":0,"comment_status":"open","ping_status":"open","sticky":false,"template":"","format":"standard","meta":{"footnotes":""},"categories":[11],"tags":[],"class_list":["post-5975","post","type-post","status-publish","format-standard","hentry","category-infos-breves"],"_links":{"self":[{"href":"https:\/\/usagers-transports.haut-allier.eu\/index.php\/wp-json\/wp\/v2\/posts\/5975","targetHints":{"allow":["GET"]}}],"collection":[{"href":"https:\/\/usagers-transports.haut-allier.eu\/index.php\/wp-json\/wp\/v2\/posts"}],"about":[{"href":"https:\/\/usagers-transports.haut-allier.eu\/index.php\/wp-json\/wp\/v2\/types\/post"}],"author":[{"embeddable":true,"href":"https:\/\/usagers-transports.haut-allier.eu\/index.php\/wp-json\/wp\/v2\/users\/1"}],"replies":[{"embeddable":true,"href":"https:\/\/usagers-transports.haut-allier.eu\/index.php\/wp-json\/wp\/v2\/comments?post=5975"}],"version-history":[{"count":0,"href":"https:\/\/usagers-transports.haut-allier.eu\/index.php\/wp-json\/wp\/v2\/posts\/5975\/revisions"}],"wp:attachment":[{"href":"https:\/\/usagers-transports.haut-allier.eu\/index.php\/wp-json\/wp\/v2\/media?parent=5975"}],"wp:term":[{"taxonomy":"category","embeddable":true,"href":"https:\/\/usagers-transports.haut-allier.eu\/index.php\/wp-json\/wp\/v2\/categories?post=5975"},{"taxonomy":"post_tag","embeddable":true,"href":"https:\/\/usagers-transports.haut-allier.eu\/index.php\/wp-json\/wp\/v2\/tags?post=5975"}],"curies":[{"name":"wp","href":"https:\/\/api.w.org\/{rel}","templated":true}]}}