{"id":5979,"date":"2019-07-03T07:23:35","date_gmt":"2019-07-03T05:23:35","guid":{"rendered":"http:\/\/5.45.101.177\/haut-allier\/usagers-transportse\/index.php\/2019\/07\/03\/juillet-2019017\/"},"modified":"2019-07-03T07:23:35","modified_gmt":"2019-07-03T05:23:35","slug":"juillet-2019017","status":"publish","type":"post","link":"https:\/\/usagers-transports.haut-allier.eu\/index.php\/2019\/07\/03\/juillet-2019017\/","title":{"rendered":"JUILLET 2019"},"content":{"rendered":"<p>Apr\u00e8s la reprise le 14 juin dernier, d\u00e9j\u00e0 plusieurs incidents relat\u00e9s par les usagers :<\/p>\n<p>[(<br \/>\n&#8211; le jour de la reprise impossible gare de Clermont Ferrand de prendre un billet pour Alleyras les fiches informatis\u00e9es ou autre n&rsquo;\u00e9taient pas \u00e0 jour, ce qui a men\u00e9 jusqu&rsquo;\u00e0 des altercations avec l&#8217;employ\u00e9e SNCF, et enfin une d\u00e9livrance du billet suite \u00e0 la reconnaissance par un \u00ab\u00a0grad\u00e9\u00a0\u00bb de la non mise \u00e0 jour.<br \/>\n&#8211; le 22 juin le train 877957 ne s&rsquo;est pas arr\u00eat\u00e9 \u00e0 Alleyras obligeant les voyageurs \u00e0 trouver un autre moyen de transport depuis Langogne.<br \/>\n&#8211; le mardi 2 juillet SUPRESSION sans raison des deux TER du soir, les TER 873994 et TER 873995.<br \/>\n&#8211; le vendredi 5 juillet : GREVE et circulations \u00ab\u00a0perturb\u00e9es\u00a0\u00bb en r\u00e9gion Occitanie sur N\u00eemes Mende et N\u00eemes Clermont. <a href=\"https:\/\/cdn.ter.sncf.com\/medias\/PDF\/occitanie\/NI-ALE-MDE%20%205%20juillet%204_tcm76-225402_tcm76-225401.pdf\"><strong>Fiche horaire ici<\/strong><\/a>.<br \/>\n&#8211; les rames TER sont syst\u00e9matiquement hors capacit\u00e9 surtout aux abords des villes, Al\u00e8s, N\u00eemes, Clermont. Des voyageurs restent \u00e0 quai. D&rsquo;autres voyagent debout.<br \/>\n&#8211; le refus de certains contr\u00f4leurs z\u00e9l\u00e9s d&rsquo;appliquer les accords r\u00e9gions (AuRA et Occitanie) SNCF qui INTERDIT d&rsquo;appliquer un surco\u00fbt aux billets achet\u00e9s dans les trains lorsque l&rsquo;usager est mont\u00e9 depuis une gare d\u00e9pourvue de distributeur ou de guichet.<br \/>\n&#8211; les sites TER sont r\u00e9guli\u00e8rement hors d&rsquo;atteinte sans doute vu l&rsquo;augmentation de leur sollicitation l\u00e0 aussi non pr\u00e9vue par les \u00e9diles SNCF parisiens. Et cel\u00e0 dure depuis 3 semaines, aucune am\u00e9lioration au 11 juillet. Site inaccessible.<br \/>\n)]<\/p>\n<p>Profitez des billets \u00e0 un euro de la r\u00e9gion Occitanie entre N\u00eemes et Clermont Ferrand \u00e7a se poursuit en 2019 uniquement via Internet.<br \/>\n&nbsp;<br \/>\nEn rade dans une gare du massif central pour se d\u00e9brouiller sans guichets, sans gares, voire sans panneau d&rsquo;affichage les seuls canaux d&rsquo;informations sont :<br \/>\n&nbsp;<br \/>\n&#8211; Pour la confirmation de vos horaires, les retards et suppressions \u00e9ventuels ils sont signal\u00e9s sur ce site \u00e0 la chronique <a href=\"https:\/\/www.ter.sncf.com\/occitanie\/gares\/recherche\/pratique\"><strong>Prochains d\u00e9parts<\/strong><\/a> ou encore mieux le nouveau <a href=\"https:\/\/www.sncf.com\/fr\/itineraire-reservation\/horaires\"><strong>site de la SNCF<\/strong><\/a> enfin pratique et compatible smartphones.<br \/>\n&#8211; Pour planifier et acheter un billet en d\u00e9sert rural pas d&rsquo;autres moyens que le site web <a href=\"https:\/\/www.oui.sncf\/\"><strong>Oui.sncf<\/strong><\/a> pour tous les trajets, trajets \u00e0 un euro compris, ou le <a href=\"https:\/\/www.ter.sncf.com\"><strong>site TER<\/strong><\/a> pour ce qui concerne un voyage de bout en bout en TER.<br \/>\n&#8211; Pour les horaires, les trajets, les cartes, les arr\u00eats interm\u00e9diaires et la clart\u00e9 vous pouvez aussi utiliser le site de <a href=\"https:\/\/www.bahn.com\/fr\/view\/index.shtml\"><strong>DB France<\/strong><\/a><br \/>\n&#8211; L&rsquo;application d\u00e9di\u00e9e Oui.sncf pour smartphones <a href=\"https:\/\/www.oui.sncf\/mobile\"><strong>Android<\/strong> et <strong>Apple<\/strong><\/a> est une \u00e9norme bouse qu&rsquo;il faut mettre \u00e0 jour tous les mois et qui squatte toute la m\u00e9moire de votre smartphone, mais ya que \u00e7a. Les autres applis SNCF ne servent \u00e0 rien.<br \/>\n&nbsp;<br \/>\nPour ceux et celles qui veulent faire mumuse et qui ont du temps \u00e0 perdre vous pouvez questionner la SNCF AURA et Occitanie sur Twitter \u00e0 @TER_Occitanie ou @SNCFTERAURA en esp\u00e9rant obtenir une r\u00e9ponse convenable. Le samedi et le dimanche \u00ab\u00a0service\u00a0\u00bb ferm\u00e9.<br \/>\n&nbsp;<br \/>\nEt pour raconter vos mauvaises exp\u00e9riences : notre <a href=\"mailto:usagers-transports@haut-allier.eu\"><strong>mail<\/strong><\/a>.<br \/>\n&nbsp;<br \/>\nBon courage.<\/p>\n","protected":false},"excerpt":{"rendered":"<p>Apr\u00e8s la reprise le 14 juin dernier, d\u00e9j\u00e0 plusieurs incidents relat\u00e9s par les usagers : [( &#8211; le<\/p>\n","protected":false},"author":1,"featured_media":0,"comment_status":"open","ping_status":"open","sticky":false,"template":"","format":"standard","meta":{"footnotes":""},"categories":[11],"tags":[],"class_list":["post-5979","post","type-post","status-publish","format-standard","hentry","category-infos-breves"],"_links":{"self":[{"href":"https:\/\/usagers-transports.haut-allier.eu\/index.php\/wp-json\/wp\/v2\/posts\/5979","targetHints":{"allow":["GET"]}}],"collection":[{"href":"https:\/\/usagers-transports.haut-allier.eu\/index.php\/wp-json\/wp\/v2\/posts"}],"about":[{"href":"https:\/\/usagers-transports.haut-allier.eu\/index.php\/wp-json\/wp\/v2\/types\/post"}],"author":[{"embeddable":true,"href":"https:\/\/usagers-transports.haut-allier.eu\/index.php\/wp-json\/wp\/v2\/users\/1"}],"replies":[{"embeddable":true,"href":"https:\/\/usagers-transports.haut-allier.eu\/index.php\/wp-json\/wp\/v2\/comments?post=5979"}],"version-history":[{"count":0,"href":"https:\/\/usagers-transports.haut-allier.eu\/index.php\/wp-json\/wp\/v2\/posts\/5979\/revisions"}],"wp:attachment":[{"href":"https:\/\/usagers-transports.haut-allier.eu\/index.php\/wp-json\/wp\/v2\/media?parent=5979"}],"wp:term":[{"taxonomy":"category","embeddable":true,"href":"https:\/\/usagers-transports.haut-allier.eu\/index.php\/wp-json\/wp\/v2\/categories?post=5979"},{"taxonomy":"post_tag","embeddable":true,"href":"https:\/\/usagers-transports.haut-allier.eu\/index.php\/wp-json\/wp\/v2\/tags?post=5979"}],"curies":[{"name":"wp","href":"https:\/\/api.w.org\/{rel}","templated":true}]}}