{"id":5981,"date":"2019-09-04T19:24:22","date_gmt":"2019-09-04T17:24:22","guid":{"rendered":"http:\/\/5.45.101.177\/haut-allier\/usagers-transportse\/index.php\/2019\/09\/04\/septembre-2019019\/"},"modified":"2019-09-04T19:24:22","modified_gmt":"2019-09-04T17:24:22","slug":"septembre-2019019","status":"publish","type":"post","link":"https:\/\/usagers-transports.haut-allier.eu\/index.php\/2019\/09\/04\/septembre-2019019\/","title":{"rendered":"SEPTEMBRE 2019"},"content":{"rendered":"<p>La grande nouvelle pour septembre est le colloque sur la Mobilit\u00e9 et l&rsquo;avenir du Train dans les territoires de Moyenne Montagne qui se tiendra \u00e0 Alleyras (43) et qui r\u00e9unira les d\u00e9cideurs nationaux et r\u00e9gionaux concern\u00e9s. Ce colloque se tiendra en pr\u00e9mices de toutes les r\u00e9jouissances pr\u00e9vues \u00e9t\u00e9 2020 entre Al\u00e8s et Brioude pour les <a href=\"http:\/\/150anstraincevenol.info\"><strong>150 ans de la ligne du train C\u00e9venol<\/strong><\/a>.<br \/>\n&nbsp;<br \/>\nLa seconde nouvelle est le d\u00e9placement exceptionnel du PDG de la SNCF Guillaume P\u00e9py et du nouveau secr\u00e9taire d&rsquo;\u00e9tat aux transports Jean-Baptiste Djebbari \u00e0 Clermont Ferrand ce vendredi 6 septembre, invit\u00e9 par le quotidien La Montagne. Avant sa mise \u00e0 la retraite le pr\u00e9sident de la soci\u00e9t\u00e9 (trop peu) ferroviaire a tenu \u00e0 r\u00e9pondre directement aux usagers de la ligne Intercit\u00e9s fort m\u00e9contents de ses dysfonctionnements lors d&rsquo;un voyage Paris Clermont en train. En fait il n&rsquo;y aura pas voyage en train de crainte des manifestations des syndicats, mais sans doute voyage en avion et rencontre \u00e0 Clermont, une honte ! Nous avons transmis quand m\u00eame nos questions \u00e0 la r\u00e9dactrice en chef du journal concernant l&rsquo;avenir des lignes Auvergne vers le sud de la France aux journalistes pr\u00e9sents.<br \/>\n&nbsp;<br \/>\nProfitez des billets \u00e0 un euro de la r\u00e9gion Occitanie entre N\u00eemes et Clermont Ferrand \u00e7a se poursuit en 2019 uniquement via Internet. Une des deux gares du billet doit se trouver en Occitanie.<br \/>\n&nbsp;<br \/>\nEn rade dans une gare du massif central pour se d\u00e9brouiller sans guichets, sans gares, voire sans panneau d&rsquo;affichage les seuls canaux d&rsquo;informations sont :<br \/>\n&nbsp;<br \/>\n&#8211; Pour la confirmation de vos horaires, les retards et suppressions \u00e9ventuels ils sont signal\u00e9s sur ce site \u00e0 la chronique <a href=\"https:\/\/www.ter.sncf.com\/occitanie\/gares\/recherche\/pratique\"><strong>Prochains d\u00e9parts<\/strong><\/a> ou encore mieux le nouveau <a href=\"https:\/\/www.sncf.com\/fr\/itineraire-reservation\/horaires\"><strong>site de la SNCF<\/strong><\/a> enfin pratique et compatible smartphones.<br \/>\n&#8211; Pour planifier et acheter un billet en d\u00e9sert rural pas d&rsquo;autres moyens que le site web <a href=\"https:\/\/www.oui.sncf\/\"><strong>Oui.sncf<\/strong><\/a> pour tous les trajets, trajets \u00e0 un euro compris, ou le <a href=\"https:\/\/www.ter.sncf.com\"><strong>site TER<\/strong><\/a> pour ce qui concerne un voyage de bout en bout en TER.<br \/>\n&#8211; Pour les horaires, les trajets, les cartes, les arr\u00eats interm\u00e9diaires et la clart\u00e9 vous pouvez aussi utiliser le site de <a href=\"https:\/\/www.bahn.com\/fr\/view\/index.shtml\"><strong>DB France<\/strong><\/a><br \/>\n&#8211; L&rsquo;application d\u00e9di\u00e9e Oui.sncf pour smartphones <a href=\"https:\/\/www.oui.sncf\/mobile\"><strong>Android<\/strong> et <strong>Apple<\/strong><\/a> est une \u00e9norme bouse qu&rsquo;il faut mettre \u00e0 jour tous les mois et qui squatte toute la m\u00e9moire de votre smartphone, mais ya que \u00e7a. Les autres applis SNCF ne servent \u00e0 rien.<br \/>\n&nbsp;<br \/>\nPour ceux et celles qui veulent faire mumuse et qui ont du temps \u00e0 perdre vous pouvez questionner la SNCF AURA et Occitanie sur Twitter \u00e0 @TER_Occitanie ou @SNCFTERAURA en esp\u00e9rant obtenir une r\u00e9ponse convenable. Le samedi et le dimanche \u00ab\u00a0service\u00a0\u00bb ferm\u00e9.<br \/>\n&nbsp;<br \/>\nEt pour raconter vos mauvaises exp\u00e9riences : notre <a href=\"mailto:usagers-transports@haut-allier.eu\"><strong>mail<\/strong><\/a>.<br \/>\n&nbsp;<br \/>\nBon courage.<\/p>\n","protected":false},"excerpt":{"rendered":"<p>La grande nouvelle pour septembre est le colloque sur la Mobilit\u00e9 et l&rsquo;avenir du Train dans les territoires<\/p>\n","protected":false},"author":1,"featured_media":0,"comment_status":"open","ping_status":"open","sticky":false,"template":"","format":"standard","meta":{"footnotes":""},"categories":[11],"tags":[],"class_list":["post-5981","post","type-post","status-publish","format-standard","hentry","category-infos-breves"],"_links":{"self":[{"href":"https:\/\/usagers-transports.haut-allier.eu\/index.php\/wp-json\/wp\/v2\/posts\/5981","targetHints":{"allow":["GET"]}}],"collection":[{"href":"https:\/\/usagers-transports.haut-allier.eu\/index.php\/wp-json\/wp\/v2\/posts"}],"about":[{"href":"https:\/\/usagers-transports.haut-allier.eu\/index.php\/wp-json\/wp\/v2\/types\/post"}],"author":[{"embeddable":true,"href":"https:\/\/usagers-transports.haut-allier.eu\/index.php\/wp-json\/wp\/v2\/users\/1"}],"replies":[{"embeddable":true,"href":"https:\/\/usagers-transports.haut-allier.eu\/index.php\/wp-json\/wp\/v2\/comments?post=5981"}],"version-history":[{"count":0,"href":"https:\/\/usagers-transports.haut-allier.eu\/index.php\/wp-json\/wp\/v2\/posts\/5981\/revisions"}],"wp:attachment":[{"href":"https:\/\/usagers-transports.haut-allier.eu\/index.php\/wp-json\/wp\/v2\/media?parent=5981"}],"wp:term":[{"taxonomy":"category","embeddable":true,"href":"https:\/\/usagers-transports.haut-allier.eu\/index.php\/wp-json\/wp\/v2\/categories?post=5981"},{"taxonomy":"post_tag","embeddable":true,"href":"https:\/\/usagers-transports.haut-allier.eu\/index.php\/wp-json\/wp\/v2\/tags?post=5981"}],"curies":[{"name":"wp","href":"https:\/\/api.w.org\/{rel}","templated":true}]}}