{"id":5982,"date":"2019-10-01T09:38:15","date_gmt":"2019-10-01T07:38:15","guid":{"rendered":"http:\/\/5.45.101.177\/haut-allier\/usagers-transportse\/index.php\/2019\/10\/01\/octobre-2019020\/"},"modified":"2019-10-01T09:38:15","modified_gmt":"2019-10-01T07:38:15","slug":"octobre-2019020","status":"publish","type":"post","link":"https:\/\/usagers-transports.haut-allier.eu\/index.php\/2019\/10\/01\/octobre-2019020\/","title":{"rendered":"OCTOBRE 2019"},"content":{"rendered":"<p>Finalement et c&rsquo;est rassurant la ligne du train C\u00e9venol Clermont-Ferrand N\u00eemes ne fermera pas fin d\u00e9cembre. Lors du colloque sur la Mobilit\u00e9 et l&rsquo;avenir du Train dans les territoires de Moyenne Montagne d&rsquo;Alleyras (43) la r\u00e9gion Auvergne Rh\u00f4ne Alpes a annonc\u00e9 avoir mis sur la table 100% du budget pour les travaux sur l&rsquo;infrastructure entre Langeac et Langogne, un acte hors comp\u00e9tence, alors que ces 10 millions d&rsquo;euros SNCF R\u00e9seau refusait de les consacrer \u00e0 l&rsquo;axe. Non seulement la ligne est sauv\u00e9e mais les r\u00e9gions AuRA et Occitanie commencent \u00e0 se parler et entreprennent ensemble un projet de relance pour s&rsquo;orienter vers un vrai train du quotidien. Les r\u00e9unions d\u00e9butent en octobre avec tous les autres partenaires.<br \/>\n&nbsp;<br \/>\nProfitez des billets \u00e0 un euro de la r\u00e9gion Occitanie entre N\u00eemes et Clermont Ferrand \u00e7a se poursuit en 2019 uniquement via Internet. Une des deux gares du billet doit se trouver en Occitanie.<br \/>\n&nbsp;<br \/>\nEn rade dans une gare du massif central pour se d\u00e9brouiller sans guichets, sans gares, voire sans panneau d&rsquo;affichage les seuls canaux d&rsquo;informations sont :<br \/>\n&nbsp;<br \/>\n&#8211; Pour la confirmation de vos horaires, les retards et suppressions \u00e9ventuels ils sont signal\u00e9s sur ce site \u00e0 la chronique <a href=\"https:\/\/www.ter.sncf.com\/occitanie\/gares\/recherche\/pratique\"><strong>Prochains d\u00e9parts<\/strong><\/a> ou encore mieux le nouveau <a href=\"https:\/\/www.sncf.com\/fr\/itineraire-reservation\/horaires\"><strong>site de la SNCF<\/strong><\/a> enfin pratique et compatible smartphones.<br \/>\n&#8211; Pour planifier et acheter un billet en d\u00e9sert rural pas d&rsquo;autres moyens que le site web <a href=\"https:\/\/www.oui.sncf\/\"><strong>Oui.sncf<\/strong><\/a> pour tous les trajets, trajets \u00e0 un euro compris, ou le <a href=\"https:\/\/www.ter.sncf.com\"><strong>site TER<\/strong><\/a> pour ce qui concerne un voyage de bout en bout en TER.<br \/>\n&#8211; Pour les horaires, les trajets, les cartes, les arr\u00eats interm\u00e9diaires et la clart\u00e9 vous pouvez aussi utiliser le site de <a href=\"https:\/\/www.bahn.com\/fr\/view\/index.shtml\"><strong>DB France<\/strong><\/a><br \/>\n&#8211; L&rsquo;application d\u00e9di\u00e9e Oui.sncf pour smartphones <a href=\"https:\/\/www.oui.sncf\/mobile\"><strong>Android<\/strong> et <strong>Apple<\/strong><\/a> est une \u00e9norme bouse qu&rsquo;il faut mettre \u00e0 jour tous les mois et qui squatte toute la m\u00e9moire de votre smartphone, mais ya que \u00e7a. Les autres applis SNCF ne servent \u00e0 rien.<br \/>\n&nbsp;<br \/>\nN&rsquo;oubliez pas que les sites SNCF n&rsquo;affichent pas les trajets comportant plus de 2 correspondances. N&rsquo;h\u00e9sitez pas \u00e0 utiliser le site de la DB, <a href=\"https:\/\/www.bahn.com\/fr\/view\/index.shtml\"><strong>en fran\u00e7ais<\/strong><\/a> pour connaitre les vraies possibilit\u00e9s pour votre voyage. Puis reportez vous sur les sites SNCF pour acheter vos billets. Si cet \u00e9tat de fait vous r\u00e9volte, vous pouvez signer <a href=\"http:\/\/chng.it\/bpQgW6sr\"><strong>notre p\u00e9tition<\/strong><\/a>.<br \/>\n&nbsp;<br \/>\nPour ceux et celles qui veulent faire mumuse et qui ont du temps \u00e0 perdre vous pouvez questionner la SNCF AURA et Occitanie sur Twitter \u00e0 @TER_Occitanie ou @SNCFTERAURA en esp\u00e9rant obtenir une r\u00e9ponse convenable. Le samedi et le dimanche \u00ab\u00a0service\u00a0\u00bb ferm\u00e9.<br \/>\n&nbsp;<br \/>\nEt pour raconter vos mauvaises exp\u00e9riences : notre <a href=\"mailto:usagers-transports@haut-allier.eu\"><strong>mail<\/strong><\/a>.<br \/>\n&nbsp;<br \/>\nBon courage.<\/p>\n","protected":false},"excerpt":{"rendered":"<p>Finalement et c&rsquo;est rassurant la ligne du train C\u00e9venol Clermont-Ferrand N\u00eemes ne fermera pas fin d\u00e9cembre. Lors du<\/p>\n","protected":false},"author":1,"featured_media":0,"comment_status":"open","ping_status":"open","sticky":false,"template":"","format":"standard","meta":{"footnotes":""},"categories":[11],"tags":[],"class_list":["post-5982","post","type-post","status-publish","format-standard","hentry","category-infos-breves"],"_links":{"self":[{"href":"https:\/\/usagers-transports.haut-allier.eu\/index.php\/wp-json\/wp\/v2\/posts\/5982","targetHints":{"allow":["GET"]}}],"collection":[{"href":"https:\/\/usagers-transports.haut-allier.eu\/index.php\/wp-json\/wp\/v2\/posts"}],"about":[{"href":"https:\/\/usagers-transports.haut-allier.eu\/index.php\/wp-json\/wp\/v2\/types\/post"}],"author":[{"embeddable":true,"href":"https:\/\/usagers-transports.haut-allier.eu\/index.php\/wp-json\/wp\/v2\/users\/1"}],"replies":[{"embeddable":true,"href":"https:\/\/usagers-transports.haut-allier.eu\/index.php\/wp-json\/wp\/v2\/comments?post=5982"}],"version-history":[{"count":0,"href":"https:\/\/usagers-transports.haut-allier.eu\/index.php\/wp-json\/wp\/v2\/posts\/5982\/revisions"}],"wp:attachment":[{"href":"https:\/\/usagers-transports.haut-allier.eu\/index.php\/wp-json\/wp\/v2\/media?parent=5982"}],"wp:term":[{"taxonomy":"category","embeddable":true,"href":"https:\/\/usagers-transports.haut-allier.eu\/index.php\/wp-json\/wp\/v2\/categories?post=5982"},{"taxonomy":"post_tag","embeddable":true,"href":"https:\/\/usagers-transports.haut-allier.eu\/index.php\/wp-json\/wp\/v2\/tags?post=5982"}],"curies":[{"name":"wp","href":"https:\/\/api.w.org\/{rel}","templated":true}]}}