{"id":5987,"date":"2020-03-02T08:19:18","date_gmt":"2020-03-02T07:19:18","guid":{"rendered":"http:\/\/5.45.101.177\/haut-allier\/usagers-transportse\/index.php\/2020\/03\/02\/mars-2020025\/"},"modified":"2020-03-02T08:19:18","modified_gmt":"2020-03-02T07:19:18","slug":"mars-2020025","status":"publish","type":"post","link":"https:\/\/usagers-transports.haut-allier.eu\/index.php\/2020\/03\/02\/mars-2020025\/","title":{"rendered":"MARS 2020"},"content":{"rendered":"<p>Corona virus et transports en commun :<br \/>\n&nbsp;<br \/>\nCommuniqu\u00e9 TER AURA et Occitanie : \u00ab\u00a0Dans le cadre de la pand\u00e9mie COVID-19, TER est amen\u00e9 \u00e0 adapter ses Plans de Transport, d\u00e8s lundi 16 mars. L\u2019information sur les adaptions mises en place lundi sera disponible d\u00e8s dimanche 17h, puis chaque jour pour le lendemain \u00e0 17h, sur l\u2019Assistant SNCF et l\u2019ensemble de nos canaux d\u2019information.\u00a0\u00bb<br \/>\n&nbsp;<br \/>\n<strong>Esp\u00e9rons que tous les trains de la ligne Clermont-Ferrand N\u00eemes se seront pas supprim\u00e9s bien qu&rsquo;on le sait il ne reste que quelques jours de fonctionnement avant les travaux.<\/strong><br \/>\n&nbsp;<\/p>\n<p>Op\u00e9ration reconqu\u00eate des usagers apr\u00e8s les mois de gr\u00e8ve des cheminots de la part de SNCF et des r\u00e9gions. Regardez les tr\u00e8s int\u00e9ressants week-ends \u00e0 1 euro en Occitanie ce mois-ci. Attention bient\u00f4t la coupure de plus de deux mois, pr\u00e8s de trois sur la ligne des C\u00e9vennes, pour travaux&#8230; (changements de quelques traverses c\u00f4t\u00e9 nord), pr\u00e9vue au printemps.<br \/>\n&nbsp;<br \/>\nLes confortables rames Corodia circulent d\u00e9sormais \u00e0 la mi-journ\u00e9e pour assurer la liaison de l&rsquo;ex Intercit\u00e9s C\u00e9venol. Un nouvel avenir se dessine avec la bonne volont\u00e9 des r\u00e9gions.<br \/>\n&nbsp;<br \/>\nLe scandale des billets SNCF continue, vous le savez, avec des parcours propos\u00e9s par les sites Internet qui occultent souvent les solutions aux plus bas prix et depuis peu le site OUi.SNCF n&rsquo;affiche plus les prix au premier coup d&rsquo;oeil ! Vivement un GROS chamboulement dans le ferroviaire en France ! Continuons \u00e0 signer <a href=\"http:\/\/chng.it\/dMVGYxbb\"><strong>notre p\u00e9tition<\/strong><\/a> pour des tickets ouverts non limit\u00e9s \u00e0 2 changements.<br \/>\n&nbsp;<br \/>\nEn rade dans une gare du massif central pour se d\u00e9brouiller sans guichets, sans gares, voire sans panneau d&rsquo;affichage les seuls canaux d&rsquo;informations sont :<br \/>\n&nbsp;<br \/>\n&#8211; Pour la confirmation de vos horaires, les retards et suppressions \u00e9ventuels ils sont signal\u00e9s sur ce site \u00e0 la chronique <a href=\"https:\/\/www.ter.sncf.com\/occitanie\/gares\/recherche\/pratique\"><strong>Prochains d\u00e9parts<\/strong><\/a> ou encore mieux le nouveau <a href=\"https:\/\/www.sncf.com\/fr\/itineraire-reservation\/horaires\"><strong>site de la SNCF<\/strong><\/a> enfin pratique et compatible smartphones.<br \/>\n&#8211; Pour planifier et acheter un billet en d\u00e9sert rural pas d&rsquo;autres moyens que le site web <a href=\"https:\/\/www.oui.sncf\/\"><strong>Oui.sncf<\/strong><\/a> pour tous les trajets, trajets \u00e0 un euro compris, ou le <a href=\"https:\/\/www.ter.sncf.com\"><strong>site TER<\/strong><\/a> pour ce qui concerne un voyage de bout en bout en TER.<br \/>\n&#8211; Pour les horaires, les trajets, les cartes, les arr\u00eats interm\u00e9diaires et la clart\u00e9 vous pouvez aussi utiliser le site de <a href=\"https:\/\/www.bahn.com\/fr\/view\/index.shtml\"><strong>DB France<\/strong><\/a><br \/>\n&#8211; L&rsquo;application d\u00e9di\u00e9e Oui.sncf pour smartphones <a href=\"https:\/\/www.oui.sncf\/mobile\"><strong>Android<\/strong> et <strong>Apple<\/strong><\/a> est une \u00e9norme bouse qu&rsquo;il faut mettre \u00e0 jour tous les mois et qui squatte toute la m\u00e9moire de votre smartphone, mais ya que \u00e7a. Les autres applis SNCF ne servent \u00e0 rien.<br \/>\n&nbsp;<br \/>\nN&rsquo;oubliez pas que les sites SNCF n&rsquo;affichent pas les trajets comportant plus de 2 correspondances. N&rsquo;h\u00e9sitez pas \u00e0 utiliser le site de la DB, <a href=\"https:\/\/www.bahn.com\/fr\/view\/index.shtml\"><strong>en fran\u00e7ais<\/strong><\/a> pour connaitre les vraies possibilit\u00e9s pour votre voyage. Puis reportez vous sur les sites SNCF pour acheter vos billets. Si cet \u00e9tat de fait vous r\u00e9volte, vous pouvez signer <a href=\"http:\/\/chng.it\/bpQgW6sr\"><strong>notre p\u00e9tition<\/strong><\/a>.<br \/>\n&nbsp;<br \/>\nPour ceux et celles qui veulent faire mumuse et qui ont du temps \u00e0 perdre vous pouvez questionner la SNCF AURA et Occitanie sur Twitter \u00e0 @TER_Occitanie ou @SNCFTERAURA en esp\u00e9rant obtenir une r\u00e9ponse convenable. Le samedi et le dimanche \u00ab\u00a0service\u00a0\u00bb ferm\u00e9.<br \/>\n&nbsp;<br \/>\nPour raconter vos mauvaises exp\u00e9riences : notre <a href=\"mailto:usagers-transports@haut-allier.eu\"><strong>mail<\/strong><\/a>. Nous ferons remonter.<br \/>\n&nbsp;<br \/>\nLe printemps arrive.<\/p>\n","protected":false},"excerpt":{"rendered":"<p>Corona virus et transports en commun : &nbsp; Communiqu\u00e9 TER AURA et Occitanie : \u00ab\u00a0Dans le cadre de<\/p>\n","protected":false},"author":1,"featured_media":0,"comment_status":"open","ping_status":"open","sticky":false,"template":"","format":"standard","meta":{"footnotes":""},"categories":[11],"tags":[],"class_list":["post-5987","post","type-post","status-publish","format-standard","hentry","category-infos-breves"],"_links":{"self":[{"href":"https:\/\/usagers-transports.haut-allier.eu\/index.php\/wp-json\/wp\/v2\/posts\/5987","targetHints":{"allow":["GET"]}}],"collection":[{"href":"https:\/\/usagers-transports.haut-allier.eu\/index.php\/wp-json\/wp\/v2\/posts"}],"about":[{"href":"https:\/\/usagers-transports.haut-allier.eu\/index.php\/wp-json\/wp\/v2\/types\/post"}],"author":[{"embeddable":true,"href":"https:\/\/usagers-transports.haut-allier.eu\/index.php\/wp-json\/wp\/v2\/users\/1"}],"replies":[{"embeddable":true,"href":"https:\/\/usagers-transports.haut-allier.eu\/index.php\/wp-json\/wp\/v2\/comments?post=5987"}],"version-history":[{"count":0,"href":"https:\/\/usagers-transports.haut-allier.eu\/index.php\/wp-json\/wp\/v2\/posts\/5987\/revisions"}],"wp:attachment":[{"href":"https:\/\/usagers-transports.haut-allier.eu\/index.php\/wp-json\/wp\/v2\/media?parent=5987"}],"wp:term":[{"taxonomy":"category","embeddable":true,"href":"https:\/\/usagers-transports.haut-allier.eu\/index.php\/wp-json\/wp\/v2\/categories?post=5987"},{"taxonomy":"post_tag","embeddable":true,"href":"https:\/\/usagers-transports.haut-allier.eu\/index.php\/wp-json\/wp\/v2\/tags?post=5987"}],"curies":[{"name":"wp","href":"https:\/\/api.w.org\/{rel}","templated":true}]}}