{"id":5988,"date":"2020-04-03T20:14:54","date_gmt":"2020-04-03T18:14:54","guid":{"rendered":"http:\/\/5.45.101.177\/haut-allier\/usagers-transportse\/index.php\/2020\/04\/03\/avril-2020026\/"},"modified":"2020-04-03T20:14:54","modified_gmt":"2020-04-03T18:14:54","slug":"avril-2020026","status":"publish","type":"post","link":"https:\/\/usagers-transports.haut-allier.eu\/index.php\/2020\/04\/03\/avril-2020026\/","title":{"rendered":"AVRIL 2020"},"content":{"rendered":"<p>Depuis lundi 16 mars plus aucun service ferroviaire dans le massif central.<br \/>\n&nbsp;<br \/>\nLa SNCF nous a appris que les travaux pr\u00e9vus sur la ligne des C\u00e9vennes partie sud et nord jusqu&rsquo;\u00e0 fin juin sont annul\u00e9s. Repouss\u00e9s \u00e0 quand ? Nul ne sait, eux non plus. Sans doute \u00e0 l&rsquo;automne.<br \/>\n&nbsp;<br \/>\n<strong>Le d\u00e9confinement devrait \u00eatre progressif dans le pays ce qui augure une remise en service du trafic de trains progressif aussi. Gageons que si le d\u00e9confinement total a lieu avant fin juin notre fantastique soci\u00e9t\u00e9 ferroviaire va bien maintenir la p\u00e9riode de coupure pour des travaux&#8230; annul\u00e9s, \u00e7a \u00e7a nous pend au nez. Et elle recoupera le trafic \u00e0 l&rsquo;automne pendant trois mois, \u00e7a aussi c&rsquo;est pr\u00e9visible.<\/strong><br \/>\n&nbsp;<br \/>\nLe scandale des billets limit\u00e9s de la SNCF continue, vous le savez, avec des parcours propos\u00e9s par les sites Internet qui occultent souvent les solutions aux plus bas prix. La tentative du site OUi.SNCF de ne plus afficher les prix au premier coup d&rsquo;oeil durant deux mois a fait pschitt puisque l&rsquo;op\u00e9rateur ferroviaire a brusquement r\u00e9tabli cet affichage voil\u00e0 trois semaines ! Tant mieux, c&rsquo;\u00e9tait scandaleux.<br \/>\n&nbsp;<br \/>\n<strong>Continuons \u00e0 signer <a href=\"http:\/\/chng.it\/dMVGYxbb\"><strong>notre p\u00e9tition<\/strong><\/a> pour des tickets ouverts non limit\u00e9s \u00e0 2 changements.<\/strong><br \/>\n&nbsp;<br \/>\nEn rade dans une gare du massif central pour se d\u00e9brouiller sans guichets, sans gares, voire sans panneau d&rsquo;affichage les seuls canaux d&rsquo;informations sont :<br \/>\n&nbsp;<br \/>\n&#8211; Pour la confirmation de vos horaires, les retards et suppressions \u00e9ventuels ils sont signal\u00e9s sur ce site \u00e0 la chronique <a href=\"https:\/\/www.ter.sncf.com\/occitanie\/gares\/recherche\/pratique\"><strong>Prochains d\u00e9parts<\/strong><\/a> ou encore mieux le nouveau <a href=\"https:\/\/www.sncf.com\/fr\/itineraire-reservation\/horaires\"><strong>site de la SNCF<\/strong><\/a> enfin pratique et compatible smartphones.<br \/>\n&#8211; Pour planifier et acheter un billet en d\u00e9sert rural pas d&rsquo;autres moyens que le site web <a href=\"https:\/\/www.oui.sncf\/\"><strong>Oui.sncf<\/strong><\/a> pour tous les trajets, trajets \u00e0 un euro compris, ou le <a href=\"https:\/\/www.ter.sncf.com\"><strong>site TER<\/strong><\/a> pour ce qui concerne un voyage de bout en bout en TER.<br \/>\n&#8211; Pour les horaires, les trajets, les cartes, les arr\u00eats interm\u00e9diaires et la clart\u00e9 vous pouvez aussi utiliser le site de <a href=\"https:\/\/www.bahn.com\/fr\/view\/index.shtml\"><strong>DB France<\/strong><\/a><br \/>\n&#8211; L&rsquo;application d\u00e9di\u00e9e Oui.sncf pour smartphones <a href=\"https:\/\/www.oui.sncf\/mobile\"><strong>Android<\/strong> et <strong>Apple<\/strong><\/a> est une \u00e9norme bouse qu&rsquo;il faut mettre \u00e0 jour tous les mois et qui squatte toute la m\u00e9moire de votre smartphone, mais ya que \u00e7a. Les autres applis SNCF ne servent \u00e0 rien.<br \/>\n&nbsp;<br \/>\nN&rsquo;oubliez pas que les sites SNCF n&rsquo;affichent pas les trajets comportant plus de 2 correspondances. N&rsquo;h\u00e9sitez pas \u00e0 utiliser le site de la DB, <a href=\"https:\/\/www.bahn.com\/fr\/view\/index.shtml\"><strong>en fran\u00e7ais<\/strong><\/a> ou le site<br \/>\n<a href=\"https:\/\/montrain.com\"><strong>montrain.com<\/strong><\/a> pour connaitre les vraies possibilit\u00e9s pour votre voyage. Puis reportez vous sur les sites SNCF pour acheter vos billets. Si cet \u00e9tat de fait vous r\u00e9volte, vous pouvez signer <a href=\"http:\/\/chng.it\/bpQgW6sr\"><strong>notre p\u00e9tition<\/strong><\/a>.<br \/>\n&nbsp;<br \/>\nPour ceux et celles qui veulent faire mumuse et qui ont du temps \u00e0 perdre vous pouvez questionner la SNCF AURA et Occitanie sur Twitter \u00e0 @TER_Occitanie ou @SNCFTERAURA en esp\u00e9rant obtenir une r\u00e9ponse convenable. Le samedi et le dimanche \u00ab\u00a0service\u00a0\u00bb ferm\u00e9.<br \/>\n&nbsp;<br \/>\nPour raconter vos mauvaises exp\u00e9riences : notre <a href=\"mailto:usagers-transports@haut-allier.eu\"><strong>mail<\/strong><\/a>. Nous ferons remonter.<br \/>\n&nbsp;<br \/>\nAllez on profite du merveilleux printemps, m\u00eame confin\u00e9s.<\/p>\n","protected":false},"excerpt":{"rendered":"<p>Depuis lundi 16 mars plus aucun service ferroviaire dans le massif central. &nbsp; La SNCF nous a appris<\/p>\n","protected":false},"author":1,"featured_media":0,"comment_status":"open","ping_status":"open","sticky":false,"template":"","format":"standard","meta":{"footnotes":""},"categories":[11],"tags":[],"class_list":["post-5988","post","type-post","status-publish","format-standard","hentry","category-infos-breves"],"_links":{"self":[{"href":"https:\/\/usagers-transports.haut-allier.eu\/index.php\/wp-json\/wp\/v2\/posts\/5988","targetHints":{"allow":["GET"]}}],"collection":[{"href":"https:\/\/usagers-transports.haut-allier.eu\/index.php\/wp-json\/wp\/v2\/posts"}],"about":[{"href":"https:\/\/usagers-transports.haut-allier.eu\/index.php\/wp-json\/wp\/v2\/types\/post"}],"author":[{"embeddable":true,"href":"https:\/\/usagers-transports.haut-allier.eu\/index.php\/wp-json\/wp\/v2\/users\/1"}],"replies":[{"embeddable":true,"href":"https:\/\/usagers-transports.haut-allier.eu\/index.php\/wp-json\/wp\/v2\/comments?post=5988"}],"version-history":[{"count":0,"href":"https:\/\/usagers-transports.haut-allier.eu\/index.php\/wp-json\/wp\/v2\/posts\/5988\/revisions"}],"wp:attachment":[{"href":"https:\/\/usagers-transports.haut-allier.eu\/index.php\/wp-json\/wp\/v2\/media?parent=5988"}],"wp:term":[{"taxonomy":"category","embeddable":true,"href":"https:\/\/usagers-transports.haut-allier.eu\/index.php\/wp-json\/wp\/v2\/categories?post=5988"},{"taxonomy":"post_tag","embeddable":true,"href":"https:\/\/usagers-transports.haut-allier.eu\/index.php\/wp-json\/wp\/v2\/tags?post=5988"}],"curies":[{"name":"wp","href":"https:\/\/api.w.org\/{rel}","templated":true}]}}