{"id":599,"date":"2019-06-18T20:57:54","date_gmt":"2019-06-18T18:57:54","guid":{"rendered":"http:\/\/5.45.101.177\/haut-allier\/usagers-transportse\/index.php\/2019\/06\/18\/etonnant-wauquiez-se-declare599\/"},"modified":"2019-06-18T20:57:54","modified_gmt":"2019-06-18T18:57:54","slug":"etonnant-wauquiez-se-declare599","status":"publish","type":"post","link":"https:\/\/usagers-transports.haut-allier.eu\/index.php\/2019\/06\/18\/etonnant-wauquiez-se-declare599\/","title":{"rendered":"Etonnant : Wauquiez se d\u00e9clare contre les fermetures de guichets"},"content":{"rendered":"<p>Mais peut-\u00eatre uniquement dans le Cantal, pour satisfaire la fameuse \u00ab\u00a0M\u00e9m\u00e9 du Cantal\u00a0\u00bb et l&rsquo;Allier ?<br \/>\n&nbsp;<br \/>\nPourtant les guichets \u00e7a fait bien longtemps qu&rsquo;ils ont disparu dans les petites gares d&rsquo;Auvergne, et en Haute-Loire sur la ligne du train C\u00e9venol, si elle vous int\u00e9ressait, Monsieur le Pr\u00e9sident de R\u00e9gion. Alors vous voulez m\u00eame qu&rsquo;ils soient rouverts ? Ah non pas vraiment, ouf nous sommes rassur\u00e9s : quand on lit l&rsquo;article de la Montagne jusqu&rsquo;au bout, vous \u00eates plut\u00f4t favorable \u00e0 des solutions \u00ab\u00a0alternatives\u00a0\u00bb telles que la distribution de billets par les commer\u00e7ants, buralistes et autres.<br \/>\n&nbsp;<br \/>\nOn rappelle dans l&rsquo;article que c&rsquo;est par contre 85 millions d&rsquo;euros que la r\u00e9gion Auvergne Rh\u00f4ne Alpes a d\u00e9bloqu\u00e9 pour le s\u00e9curitaire dans les trains&#8230; une broutille. Les usagers n&rsquo;ont toujours pas de trains en nombre suffisant, \u00e0 l&rsquo;heure, et de capacit\u00e9s adapt\u00e9es, par contre les hordes de policiers de tous poils (sncf, agents priv\u00e9s, police, douanes, gendarmerie etc.) dans les trains oui \u00e7a ils connaissent. Ils payent leurs billets tr\u00e8s chers en AURA et en plus ils sont pris pour des voyous. Merci Wauquiez.<br \/>\n&nbsp;<br \/>\nAllez, un peu de propagande par la Montagne du jour :<br \/>\n&nbsp;<br \/>\n<a href=\"https:\/\/www.lamontagne.fr\/clermont-ferrand-63000\/actualites\/laurent-wauquiez-veut-un-moratoire-immediat-sur-la-fermeture-des-guichets-sncf-en-auvergne-rhone-alpes_13586278\"><strong>Transport : Laurent Wauquiez veut un moratoire imm\u00e9diat sur la fermeture des guichets SNCF en Auvergne-Rh\u00f4ne-Alpes<\/strong><\/a><\/p>\n","protected":false},"excerpt":{"rendered":"<p>Mais peut-\u00eatre uniquement dans le Cantal, pour satisfaire la fameuse \u00ab\u00a0M\u00e9m\u00e9 du Cantal\u00a0\u00bb et l&rsquo;Allier ? &nbsp; Pourtant<\/p>\n","protected":false},"author":1,"featured_media":2674,"comment_status":"open","ping_status":"open","sticky":false,"template":"","format":"standard","meta":{"footnotes":""},"categories":[3],"tags":[],"class_list":["post-599","post","type-post","status-publish","format-standard","has-post-thumbnail","hentry","category-en-train"],"_links":{"self":[{"href":"https:\/\/usagers-transports.haut-allier.eu\/index.php\/wp-json\/wp\/v2\/posts\/599","targetHints":{"allow":["GET"]}}],"collection":[{"href":"https:\/\/usagers-transports.haut-allier.eu\/index.php\/wp-json\/wp\/v2\/posts"}],"about":[{"href":"https:\/\/usagers-transports.haut-allier.eu\/index.php\/wp-json\/wp\/v2\/types\/post"}],"author":[{"embeddable":true,"href":"https:\/\/usagers-transports.haut-allier.eu\/index.php\/wp-json\/wp\/v2\/users\/1"}],"replies":[{"embeddable":true,"href":"https:\/\/usagers-transports.haut-allier.eu\/index.php\/wp-json\/wp\/v2\/comments?post=599"}],"version-history":[{"count":0,"href":"https:\/\/usagers-transports.haut-allier.eu\/index.php\/wp-json\/wp\/v2\/posts\/599\/revisions"}],"wp:featuredmedia":[{"embeddable":true,"href":"https:\/\/usagers-transports.haut-allier.eu\/index.php\/wp-json\/wp\/v2\/media\/2674"}],"wp:attachment":[{"href":"https:\/\/usagers-transports.haut-allier.eu\/index.php\/wp-json\/wp\/v2\/media?parent=599"}],"wp:term":[{"taxonomy":"category","embeddable":true,"href":"https:\/\/usagers-transports.haut-allier.eu\/index.php\/wp-json\/wp\/v2\/categories?post=599"},{"taxonomy":"post_tag","embeddable":true,"href":"https:\/\/usagers-transports.haut-allier.eu\/index.php\/wp-json\/wp\/v2\/tags?post=599"}],"curies":[{"name":"wp","href":"https:\/\/api.w.org\/{rel}","templated":true}]}}