{"id":6,"date":"2011-12-17T13:34:11","date_gmt":"2011-12-17T12:34:11","guid":{"rendered":"http:\/\/5.45.101.177\/haut-allier\/usagers-transportse\/index.php\/2011\/12\/17\/la-viabilite-hivernale-a-alleyras006\/"},"modified":"2011-12-17T13:34:11","modified_gmt":"2011-12-17T12:34:11","slug":"la-viabilite-hivernale-a-alleyras006","status":"publish","type":"post","link":"https:\/\/usagers-transports.haut-allier.eu\/index.php\/2011\/12\/17\/la-viabilite-hivernale-a-alleyras006\/","title":{"rendered":"La viabilit\u00e9 hivernale \u00e0 Alleyras : quelques conseils pour prendre la route sereinement !"},"content":{"rendered":"<p>Fid\u00e8les lecteurs, lecteurs occasionnels ou lecteurs pour la premi\u00e8re fois, je vous souhaite \u00e0 tous de tr\u00e8s belles f\u00eates de fin d&rsquo;ann\u00e9e. Que ces moments soient propices au partage, \u00e0 la convivialit\u00e9 et \u00e0 la joie de se retrouver. Au passage, comme mes cor\u00e9dacteurs, je me r\u00e9jouis que vous soyez toujours plus nombreux \u00e0 nous lire. N&rsquo;h\u00e9sitez pas \u00e0 faire conna\u00eetre Alleyras Capitale autour de vous&hellip; Assez dit, bonne lecture. <br \/>Et si les dires des anciens s&rsquo;av\u00e9raient \u00eatre justes ! Temps doux et sec jusqu&rsquo;en (&hellip;)<\/p>\n","protected":false},"excerpt":{"rendered":"<p>Fid\u00e8les lecteurs, lecteurs occasionnels ou lecteurs pour la premi\u00e8re fois, je vous souhaite \u00e0 tous de tr\u00e8s belles<\/p>\n","protected":false},"author":1,"featured_media":0,"comment_status":"closed","ping_status":"open","sticky":false,"template":"","format":"standard","meta":{"footnotes":""},"categories":[2],"tags":[],"class_list":["post-6","post","type-post","status-publish","format-standard","hentry","category-infos"],"_links":{"self":[{"href":"https:\/\/usagers-transports.haut-allier.eu\/index.php\/wp-json\/wp\/v2\/posts\/6","targetHints":{"allow":["GET"]}}],"collection":[{"href":"https:\/\/usagers-transports.haut-allier.eu\/index.php\/wp-json\/wp\/v2\/posts"}],"about":[{"href":"https:\/\/usagers-transports.haut-allier.eu\/index.php\/wp-json\/wp\/v2\/types\/post"}],"author":[{"embeddable":true,"href":"https:\/\/usagers-transports.haut-allier.eu\/index.php\/wp-json\/wp\/v2\/users\/1"}],"replies":[{"embeddable":true,"href":"https:\/\/usagers-transports.haut-allier.eu\/index.php\/wp-json\/wp\/v2\/comments?post=6"}],"version-history":[{"count":0,"href":"https:\/\/usagers-transports.haut-allier.eu\/index.php\/wp-json\/wp\/v2\/posts\/6\/revisions"}],"wp:attachment":[{"href":"https:\/\/usagers-transports.haut-allier.eu\/index.php\/wp-json\/wp\/v2\/media?parent=6"}],"wp:term":[{"taxonomy":"category","embeddable":true,"href":"https:\/\/usagers-transports.haut-allier.eu\/index.php\/wp-json\/wp\/v2\/categories?post=6"},{"taxonomy":"post_tag","embeddable":true,"href":"https:\/\/usagers-transports.haut-allier.eu\/index.php\/wp-json\/wp\/v2\/tags?post=6"}],"curies":[{"name":"wp","href":"https:\/\/api.w.org\/{rel}","templated":true}]}}