{"id":60,"date":"2013-06-29T20:24:37","date_gmt":"2013-06-29T18:24:37","guid":{"rendered":"http:\/\/5.45.101.177\/haut-allier\/usagers-transportse\/index.php\/2013\/06\/29\/notre-petition-tres-petite060\/"},"modified":"2026-09-01T15:53:04","modified_gmt":"2026-09-01T13:53:04","slug":"notre-petition-tres-petite060","status":"publish","type":"post","link":"https:\/\/usagers-transports.haut-allier.eu\/index.php\/2013\/06\/29\/notre-petition-tres-petite060\/","title":{"rendered":"Notre p\u00e9tition : Tr\u00e9s petite victoire sur le temps de correspondance Paris Clermont\/ Clermont N\u00eemes depuis mi juin"},"content":{"rendered":"\nC&rsquo;est une <strong>toute petite am\u00e9lioration<\/strong> que la SNCF a bien voulu consentir suite \u00e0 nos signalements d\u00e8s avril de cette ann\u00e9e, \u00e0 notre p\u00e9tition toujours en cours et peut-\u00eatre \u00e0 l&rsquo;association des \u00e9lus pour la d\u00e9fense du C\u00e9venol, qui s&rsquo;est r\u00e9veill\u00e9e bien tard, concernant un des points importants qui posait probl\u00e8me : le temps de correspondance entre le train Paris Bercy Clermont Fd arrivant \u00e0 16h35 et le train TER Clermont Fd N\u00eemes \u00e9tait de 3 minutes sur un quai \u00e9loign\u00e9. Il a \u00e9t\u00e9 rallong\u00e9 de&#8230; <strong>DEUX MINUTES<\/strong> depuis mi juin !!! gr\u00e2ce au d\u00e9callage du d\u00e9part du TER \u00e0 16h40 (et non \u00e0 partir de fin juin comme pr\u00e9cis\u00e9 par certains). \n\nMais cet allongement de deux petites minutes est <strong>suffisant pour refaire appara\u00eetre les trajets avec correspondance sur les bornes automatiques de r\u00e9servation<\/strong> de billets et Internet en tous cas sur le site SNCF ! Malheureusement \u00e0 ce jour <strong>pas encore sur celui de TER Auvergne o\u00f9 le trajet est inexistant !<\/strong> Des t\u00e9moignages que nous avons recueilli nous prouvaient que des usagers avaient carr\u00e9ment annul\u00e9 leurs r\u00e9servations de vacances au sud de Clermont Ferrand voyant qu&rsquo;ils ne pouvaient y acc\u00e9der par train depuis Paris, les guichetiers refusant de leur vendre les tickets. On fait mieux pour le tourisme.\n\n<em>Les horaires tels qu&rsquo;ils apparaissent lors d&rsquo;une recherche sur le site principal Voyages SNCF&#8230;<\/em>\n<img loading=\"lazy\" decoding=\"async\" class=\" aligncenter size-full wp-image-1424\" src=\"http:\/\/5.45.101.177\/haut-allier\/usagers-transportse\/wp-content\/uploads\/2013\/06\/horaires-sncf.jpg\" alt=\"horaires-sncf.jpg\" align=\"center\" width=\"600\" height=\"420\" srcset=\"https:\/\/usagers-transports.haut-allier.eu\/wp-content\/uploads\/2013\/06\/horaires-sncf.jpg 600w, https:\/\/usagers-transports.haut-allier.eu\/wp-content\/uploads\/2013\/06\/horaires-sncf-300x210.jpg 300w\" sizes=\"auto, (max-width: 600px) 100vw, 600px\" \/>\n\n<em>Que des propositions TGV et toujours aucun trajet d\u00e9part 13h via Clermont lors d&rsquo;une recherche \u00ab\u00a0Paris Bercy &#8211; N\u00eemes\u00a0\u00bb sur le site TER Auvergne. Un comble et un scandale<\/em>\n<img loading=\"lazy\" decoding=\"async\" class=\" aligncenter size-full wp-image-1425\" src=\"http:\/\/5.45.101.177\/haut-allier\/usagers-transportse\/wp-content\/uploads\/2013\/06\/horaires3.jpg\" alt=\"horaires3.jpg\" align=\"center\" width=\"599\" height=\"495\" srcset=\"https:\/\/usagers-transports.haut-allier.eu\/wp-content\/uploads\/2013\/06\/horaires3.jpg 599w, https:\/\/usagers-transports.haut-allier.eu\/wp-content\/uploads\/2013\/06\/horaires3-300x248.jpg 300w\" sizes=\"auto, (max-width: 599px) 100vw, 599px\" \/>\n\nNotre p\u00e9tition continue \u00e0 \u00eatre d&rsquo;actualit\u00e9 sur les <a href=\"http:\/\/usagers-transports.haut-allier.eu\/spip.php?article58\">trois autres points<\/a> et m\u00eame celui dont nous parlons puisque le transfert de trains est toujours tr\u00e9s p\u00e9rilleux pour les personnes \u00e2g\u00e9es avec bagages et que <strong>rien ne prouve que la correspondance se fasse sur le m\u00eame quai<\/strong>, ce qui est bien un minimum. <strong>Nous demandons depuis le d\u00e9but le r\u00e9tablissement d&rsquo;un temps de correspondance d\u00e9cent, tel qu&rsquo;il l&rsquo;\u00e9tait les ann\u00e9es pr\u00e9c\u00e9dentes<\/strong>. Vous la trouverez \u00e0 signer dans toutes les gares du parcours Brioude &#8211; Labastide Saint-Laurent les Bains.<p>&nbsp;<\/p>\n\n\t<figure class=\"wp-block-gallery columns-2 is-cropped wp-block-gallery-1 is-layout-flex wp-block-gallery-is-layout-flex\">\n\t\t<ul class=\"blocks-gallery-grid\">\n\t\t\t<li class=\"blocks-gallery-item\">\n\t\t\t\t<figure>\n\t\t\t\t\t\t\t\t\t\t\t<img loading=\"lazy\" decoding=\"async\" width=\"826\" height=\"1169\" src=\"http:\/\/5.45.101.177\/haut-allier\/usagers-transportse\/wp-content\/uploads\/2013\/07\/reponseJackyLion-01072013-a.jpg\"\n\t\t\t\t\t\t alt=\"reponseJackyLion-01072013-a.jpg\"\n\t\t\t\t\t\t data-id=\"1426\"\n\t\t\t\t\t\t data-full-url=\"http:\/\/5.45.101.177\/haut-allier\/usagers-transportse\/wp-content\/uploads\/2013\/07\/reponseJackyLion-01072013-a.jpg\"\n\t\t\t\t\t\t data-link=\"http:\/\/5.45.101.177\/haut-allier\/usagers-transportse\/attachment-reponsejackylion-01072013-a-jpg\/\"\n\t\t\t\t\t\t class=\"wp-image-1426\" srcset=\"https:\/\/usagers-transports.haut-allier.eu\/wp-content\/uploads\/2013\/07\/reponseJackyLion-01072013-a.jpg 826w, https:\/\/usagers-transports.haut-allier.eu\/wp-content\/uploads\/2013\/07\/reponseJackyLion-01072013-a-212x300.jpg 212w, https:\/\/usagers-transports.haut-allier.eu\/wp-content\/uploads\/2013\/07\/reponseJackyLion-01072013-a-724x1024.jpg 724w, https:\/\/usagers-transports.haut-allier.eu\/wp-content\/uploads\/2013\/07\/reponseJackyLion-01072013-a-768x1087.jpg 768w\" sizes=\"auto, (max-width: 826px) 100vw, 826px\" \/>\n\t\t\t\t<\/figure>\n\t\t\t<\/li>\n\t\t\t<li class=\"blocks-gallery-item\">\n\t\t\t\t<figure>\n\t\t\t\t\t\t\t\t\t\t\t<img loading=\"lazy\" decoding=\"async\" width=\"826\" height=\"1169\" src=\"http:\/\/5.45.101.177\/haut-allier\/usagers-transportse\/wp-content\/uploads\/2013\/07\/reponseJackyLion-01072013.jpg\"\n\t\t\t\t\t\t alt=\"reponseJackyLion-01072013.jpg\"\n\t\t\t\t\t\t data-id=\"1427\"\n\t\t\t\t\t\t data-full-url=\"http:\/\/5.45.101.177\/haut-allier\/usagers-transportse\/wp-content\/uploads\/2013\/07\/reponseJackyLion-01072013.jpg\"\n\t\t\t\t\t\t data-link=\"http:\/\/5.45.101.177\/haut-allier\/usagers-transportse\/attachment-reponsejackylion-01072013-jpg\/\"\n\t\t\t\t\t\t class=\"wp-image-1427\" srcset=\"https:\/\/usagers-transports.haut-allier.eu\/wp-content\/uploads\/2013\/07\/reponseJackyLion-01072013.jpg 826w, https:\/\/usagers-transports.haut-allier.eu\/wp-content\/uploads\/2013\/07\/reponseJackyLion-01072013-212x300.jpg 212w, https:\/\/usagers-transports.haut-allier.eu\/wp-content\/uploads\/2013\/07\/reponseJackyLion-01072013-724x1024.jpg 724w, https:\/\/usagers-transports.haut-allier.eu\/wp-content\/uploads\/2013\/07\/reponseJackyLion-01072013-768x1087.jpg 768w\" sizes=\"auto, (max-width: 826px) 100vw, 826px\" \/>\n\t\t\t\t<\/figure>\n\t\t\t<\/li>\n\t\t<\/ul>\n\t<\/figure>\n","protected":false},"excerpt":{"rendered":"<p>C&rsquo;est une toute petite am\u00e9lioration que la SNCF a bien voulu consentir suite \u00e0 nos signalements d\u00e8s avril<\/p>\n","protected":false},"author":1,"featured_media":1423,"comment_status":"closed","ping_status":"open","sticky":false,"template":"","format":"standard","meta":{"footnotes":""},"categories":[2],"tags":[],"class_list":["post-60","post","type-post","status-publish","format-standard","has-post-thumbnail","hentry","category-infos"],"_links":{"self":[{"href":"https:\/\/usagers-transports.haut-allier.eu\/index.php\/wp-json\/wp\/v2\/posts\/60","targetHints":{"allow":["GET"]}}],"collection":[{"href":"https:\/\/usagers-transports.haut-allier.eu\/index.php\/wp-json\/wp\/v2\/posts"}],"about":[{"href":"https:\/\/usagers-transports.haut-allier.eu\/index.php\/wp-json\/wp\/v2\/types\/post"}],"author":[{"embeddable":true,"href":"https:\/\/usagers-transports.haut-allier.eu\/index.php\/wp-json\/wp\/v2\/users\/1"}],"replies":[{"embeddable":true,"href":"https:\/\/usagers-transports.haut-allier.eu\/index.php\/wp-json\/wp\/v2\/comments?post=60"}],"version-history":[{"count":1,"href":"https:\/\/usagers-transports.haut-allier.eu\/index.php\/wp-json\/wp\/v2\/posts\/60\/revisions"}],"predecessor-version":[{"id":1428,"href":"https:\/\/usagers-transports.haut-allier.eu\/index.php\/wp-json\/wp\/v2\/posts\/60\/revisions\/1428"}],"wp:featuredmedia":[{"embeddable":true,"href":"https:\/\/usagers-transports.haut-allier.eu\/index.php\/wp-json\/wp\/v2\/media\/1423"}],"wp:attachment":[{"href":"https:\/\/usagers-transports.haut-allier.eu\/index.php\/wp-json\/wp\/v2\/media?parent=60"}],"wp:term":[{"taxonomy":"category","embeddable":true,"href":"https:\/\/usagers-transports.haut-allier.eu\/index.php\/wp-json\/wp\/v2\/categories?post=60"},{"taxonomy":"post_tag","embeddable":true,"href":"https:\/\/usagers-transports.haut-allier.eu\/index.php\/wp-json\/wp\/v2\/tags?post=60"}],"curies":[{"name":"wp","href":"https:\/\/api.w.org\/{rel}","templated":true}]}}