{"id":600,"date":"2019-06-20T07:10:42","date_gmt":"2019-06-20T05:10:42","guid":{"rendered":"http:\/\/5.45.101.177\/haut-allier\/usagers-transportse\/index.php\/2019\/06\/20\/ligne-ales-besseges-le-collectif600\/"},"modified":"2019-06-20T07:10:42","modified_gmt":"2019-06-20T05:10:42","slug":"ligne-ales-besseges-le-collectif600","status":"publish","type":"post","link":"https:\/\/usagers-transports.haut-allier.eu\/index.php\/2019\/06\/20\/ligne-ales-besseges-le-collectif600\/","title":{"rendered":"Ligne Al\u00e8s Bess\u00e8ges : le collectif de d\u00e9fense interloqu\u00e9 suite aux nouvelles exigences de SNCF R\u00e9seau"},"content":{"rendered":"<p>C&rsquo;\u00e9tait 10 millions d&rsquo;euros il y a 7 ans, c&rsquo;est aujourd&rsquo;hui 100 millions que r\u00e9clame SNCF R\u00e9seau pour les travaux de remise en \u00e9tat de la ligne Al\u00e8s Bess\u00e8ges. Le collectif de d\u00e9fense l&rsquo;a appris lors d&rsquo;une r\u00e9union avec le directeur r\u00e9gional de SNCF R\u00e9seau, le 24 avril dernier,<br \/>\n&nbsp;<br \/>\nLe message est clair : Je suis la SNCF et je fais strictement ce que je veux sur le r\u00e9seau historique dont l&rsquo;\u00e9tat m&rsquo;a confi\u00e9 la gestion, y compris son d\u00e9mant\u00e8lement.<br \/>\n&nbsp;<br \/>\nPour d\u00e9noncer la surench\u00e8re permanente exerc\u00e9e par la soci\u00e9t\u00e9 soit-disant ferroviaire qui fait tout pour d\u00e9courager les initiatives de r\u00e9ouverture des lignes qu&rsquo;elle a abandonn\u00e9, une grande manifestation est pr\u00e9vue \u00e0 la rentr\u00e9e en septembre.<br \/>\n&nbsp;<br \/>\nLire un article entier sur le sujet dans Objectif Gard :<br \/>\n&nbsp;<br \/>\n<a href=\"https:\/\/www.objectifgard.com\/2019\/06\/19\/gard-ligne-ales-besseges-100-millions-de-travaux-et-un-collectif-sans-voix\/#\"><strong>Ligne Al\u00e8s-Bess\u00e8ges : 100 millions de travaux et un collectif \u00ab sans voix \u00bb<\/strong><\/a><br \/>\n&nbsp;<\/p>\n","protected":false},"excerpt":{"rendered":"<p>C&rsquo;\u00e9tait 10 millions d&rsquo;euros il y a 7 ans, c&rsquo;est aujourd&rsquo;hui 100 millions que r\u00e9clame SNCF R\u00e9seau pour<\/p>\n","protected":false},"author":1,"featured_media":2675,"comment_status":"open","ping_status":"open","sticky":false,"template":"","format":"standard","meta":{"footnotes":""},"categories":[5],"tags":[],"class_list":["post-600","post","type-post","status-publish","format-standard","has-post-thumbnail","hentry","category-ensemble"],"_links":{"self":[{"href":"https:\/\/usagers-transports.haut-allier.eu\/index.php\/wp-json\/wp\/v2\/posts\/600","targetHints":{"allow":["GET"]}}],"collection":[{"href":"https:\/\/usagers-transports.haut-allier.eu\/index.php\/wp-json\/wp\/v2\/posts"}],"about":[{"href":"https:\/\/usagers-transports.haut-allier.eu\/index.php\/wp-json\/wp\/v2\/types\/post"}],"author":[{"embeddable":true,"href":"https:\/\/usagers-transports.haut-allier.eu\/index.php\/wp-json\/wp\/v2\/users\/1"}],"replies":[{"embeddable":true,"href":"https:\/\/usagers-transports.haut-allier.eu\/index.php\/wp-json\/wp\/v2\/comments?post=600"}],"version-history":[{"count":0,"href":"https:\/\/usagers-transports.haut-allier.eu\/index.php\/wp-json\/wp\/v2\/posts\/600\/revisions"}],"wp:featuredmedia":[{"embeddable":true,"href":"https:\/\/usagers-transports.haut-allier.eu\/index.php\/wp-json\/wp\/v2\/media\/2675"}],"wp:attachment":[{"href":"https:\/\/usagers-transports.haut-allier.eu\/index.php\/wp-json\/wp\/v2\/media?parent=600"}],"wp:term":[{"taxonomy":"category","embeddable":true,"href":"https:\/\/usagers-transports.haut-allier.eu\/index.php\/wp-json\/wp\/v2\/categories?post=600"},{"taxonomy":"post_tag","embeddable":true,"href":"https:\/\/usagers-transports.haut-allier.eu\/index.php\/wp-json\/wp\/v2\/tags?post=600"}],"curies":[{"name":"wp","href":"https:\/\/api.w.org\/{rel}","templated":true}]}}