{"id":6004,"date":"2021-10-01T08:13:54","date_gmt":"2021-10-01T06:13:54","guid":{"rendered":"http:\/\/5.45.101.177\/haut-allier\/usagers-transportse\/index.php\/2021\/10\/01\/octobre-2021045\/"},"modified":"2021-10-01T08:13:54","modified_gmt":"2021-10-01T06:13:54","slug":"octobre-2021045","status":"publish","type":"post","link":"https:\/\/usagers-transports.haut-allier.eu\/index.php\/2021\/10\/01\/octobre-2021045\/","title":{"rendered":"OCTOBRE 2021"},"content":{"rendered":"<p>L&rsquo;association <a href=\"https:\/\/150anstraincevenol.info\"><strong>des 150 ans de la ligne du train C\u00e9venol<\/strong><\/a> va se dissoudre ou bien perdurer sous une autre forme, ce sera d\u00e9cid\u00e9 en assembl\u00e9e g\u00e9n\u00e9rale le 9 octobre prochain.<br \/>\n&nbsp;<br \/>\nIl nous faut inciter \u00e0 emprunter la ligne des C\u00e9vennes, que m\u00eame les habitants du Puy en Velay ne connaissent pas, ou que les guichets SNCF (restants) eux m\u00eames d\u00e9conseillent aux usagers. Nous avons re\u00e7u de multiples t\u00e9moignages en ce sens.<br \/>\n&nbsp;<br \/>\nNotre collectif est actif au niveau r\u00e9gional mais \u00e9galement au niveau national et international :<br \/>\n&#8211; au sein du Collectif \u00ab\u00a0<a href=\"https:\/\/ouiautraindenuit.wordpress.com\/\">Oui au Train de Nuit<\/a>\u00a0\u00bb<br \/>\n&#8211; au sein du Collectif de d\u00e9fense pour le retour de la <a href=\"http:\/\/usagers-transports.haut-allier.eu\/?ligne-clermont-ferrand-thiers-boen,695\">Transversale ferroviaire Clermont Thiers St-Etienne Lyon<\/a><br \/>\n&#8211; au sein du forum europ\u00e9en \u00ab\u00a0<a href=\"http:\/\/www.fph.ch\/bdf_partenaire-136_fr.html\">Tous en train<\/a>\u00a0\u00bb initi\u00e9 par la Fondation Charles L\u00e9opold Meyer pour le Progr\u00e8s de l&rsquo;Homme.<br \/>\n&nbsp;<br \/>\nEn rade dans une gare du massif central pour se d\u00e9brouiller sans guichets voire sans panneau d&rsquo;affichage les seuls canaux d&rsquo;informations sont :<br \/>\n&nbsp;<br \/>\n&#8211; Pour la confirmation de vos horaires, les retards et suppressions \u00e9ventuels ils sont signal\u00e9s sur ce site \u00e0 la chronique <a href=\"https:\/\/www.ter.sncf.com\/occitanie\/gares\/recherche\/pratique\"><strong>Prochains d\u00e9parts<\/strong><\/a> ou encore mieux le nouveau <a href=\"https:\/\/www.sncf.com\/fr\/itineraire-reservation\/horaires\"><strong>site de la SNCF<\/strong><\/a> enfin pratique et compatible smartphones.<br \/>\n&#8211; Pour planifier et acheter un billet en d\u00e9sert rural pas d&rsquo;autres moyens que le site web <a href=\"https:\/\/www.oui.sncf\/\"><strong>Oui.sncf<\/strong><\/a> pour tous les trajets, trajets \u00e0 un euro compris, ou le <a href=\"https:\/\/www.ter.sncf.com\"><strong>site TER<\/strong><\/a> pour ce qui concerne un voyage de bout en bout en TER.<br \/>\n&#8211; Pour les horaires, les trajets, les cartes, les arr\u00eats interm\u00e9diaires et la clart\u00e9 vous pouvez aussi utiliser le site de <a href=\"https:\/\/www.bahn.com\/fr\/view\/index.shtml\"><strong>DB France<\/strong><\/a><br \/>\n&#8211; L&rsquo;application d\u00e9di\u00e9e Oui.sncf pour smartphones <a href=\"https:\/\/www.oui.sncf\/mobile\"><strong>Android<\/strong> et <strong>Apple<\/strong><\/a> est une vraie bouse qu&rsquo;il faut mettre \u00e0 jour tous les mois et qui squatte toute la m\u00e9moire de votre smartphone, mais ya que \u00e7a. Les autres applis SNCF ne servent \u00e0 rien.<br \/>\n&nbsp;<br \/>\nN&rsquo;oubliez pas que les sites SNCF n&rsquo;affichent pas les trajets comportant plus de 2 correspondances. N&rsquo;h\u00e9sitez pas \u00e0 utiliser le site de la DB, <a href=\"https:\/\/www.bahn.com\/fr\/view\/index.shtml\"><strong>en fran\u00e7ais<\/strong><\/a> ou le site <a href=\"https:\/\/montrain.com\"><strong>montrain.com<\/strong><\/a> pour connaitre les vraies possibilit\u00e9s pour votre voyage. Puis reportez vous sur les sites SNCF pour acheter vos billets.<br \/>\n&nbsp;<br \/>\n<strong>Continuons \u00e0 signer <a href=\"http:\/\/chng.it\/dMVGYxbb\"><strong>notre p\u00e9tition<\/strong><\/a> pour des tickets ouverts non limit\u00e9s \u00e0 2 changements. On a besoin de vous.<\/strong><br \/>\n&nbsp;<br \/>\nVous pouvez aussi questionner la SNCF AURA et Occitanie sur Twitter \u00e0 @TER_Occitanie ou @SNCFTERAURA. Le samedi et le dimanche \u00ab\u00a0services\u00a0\u00bb ferm\u00e9s.<br \/>\n&nbsp;<br \/>\nPour raconter vos mauvaises exp\u00e9riences : notre <a href=\"mailto:usagers-transports@haut-allier.eu\"><strong>mail<\/strong><\/a>.<br \/>\n&nbsp;<\/p>\n","protected":false},"excerpt":{"rendered":"<p>L&rsquo;association des 150 ans de la ligne du train C\u00e9venol va se dissoudre ou bien perdurer sous une<\/p>\n","protected":false},"author":1,"featured_media":0,"comment_status":"open","ping_status":"open","sticky":false,"template":"","format":"standard","meta":{"footnotes":""},"categories":[11],"tags":[],"class_list":["post-6004","post","type-post","status-publish","format-standard","hentry","category-infos-breves"],"_links":{"self":[{"href":"https:\/\/usagers-transports.haut-allier.eu\/index.php\/wp-json\/wp\/v2\/posts\/6004","targetHints":{"allow":["GET"]}}],"collection":[{"href":"https:\/\/usagers-transports.haut-allier.eu\/index.php\/wp-json\/wp\/v2\/posts"}],"about":[{"href":"https:\/\/usagers-transports.haut-allier.eu\/index.php\/wp-json\/wp\/v2\/types\/post"}],"author":[{"embeddable":true,"href":"https:\/\/usagers-transports.haut-allier.eu\/index.php\/wp-json\/wp\/v2\/users\/1"}],"replies":[{"embeddable":true,"href":"https:\/\/usagers-transports.haut-allier.eu\/index.php\/wp-json\/wp\/v2\/comments?post=6004"}],"version-history":[{"count":0,"href":"https:\/\/usagers-transports.haut-allier.eu\/index.php\/wp-json\/wp\/v2\/posts\/6004\/revisions"}],"wp:attachment":[{"href":"https:\/\/usagers-transports.haut-allier.eu\/index.php\/wp-json\/wp\/v2\/media?parent=6004"}],"wp:term":[{"taxonomy":"category","embeddable":true,"href":"https:\/\/usagers-transports.haut-allier.eu\/index.php\/wp-json\/wp\/v2\/categories?post=6004"},{"taxonomy":"post_tag","embeddable":true,"href":"https:\/\/usagers-transports.haut-allier.eu\/index.php\/wp-json\/wp\/v2\/tags?post=6004"}],"curies":[{"name":"wp","href":"https:\/\/api.w.org\/{rel}","templated":true}]}}