{"id":601,"date":"2019-06-20T07:27:33","date_gmt":"2019-06-20T05:27:33","guid":{"rendered":"http:\/\/5.45.101.177\/haut-allier\/usagers-transportse\/index.php\/2019\/06\/20\/pour-tout-achat-de-billet-la-sncf601\/"},"modified":"2019-06-20T07:27:33","modified_gmt":"2019-06-20T05:27:33","slug":"pour-tout-achat-de-billet-la-sncf601","status":"publish","type":"post","link":"https:\/\/usagers-transports.haut-allier.eu\/index.php\/2019\/06\/20\/pour-tout-achat-de-billet-la-sncf601\/","title":{"rendered":"Pour tout achat de billet la SNCF veut vos noms pr\u00e9noms et date de naissance"},"content":{"rendered":"<p>En France vous ne pouvez plus circuler librement sur le r\u00e9seau ferroviaire g\u00e9r\u00e9 par la SNCF. Elle vient de mettre fin en effet \u00e0 la possibilit\u00e9 de prendre un billet anonymement, et ce contre l&rsquo;avis de la CNIL, charg\u00e9e de v\u00e9rifier les abus contre les libert\u00e9s.<br \/>\n&nbsp;<br \/>\nSeuls les TER lorsqu&rsquo;ils sont pris sur une borne automatique ou au guichet permettent encore l\u2019achat de billets non nominatifs.<br \/>\n&nbsp;<br \/>\n\u00abUn espace de libert\u00e9 de moins\u00bb, regrette la journaliste du Monde Ariane Chemin, qui a photographi\u00e9 le mois dernier cette note de la SNCF affich\u00e9e \u00e0 la gare Saint-Lazare, au moment d\u2019acheter un billet Intercit\u00e9s pour la Normandie.<br \/>\n&nbsp;<br \/>\n<img loading=\"lazy\" decoding=\"async\" class=\" aligncenter size-full wp-image-2677\" src=\"http:\/\/5.45.101.177\/haut-allier\/usagers-transportse\/wp-content\/uploads\/2019\/06\/firefox_screenshot_2019-06-20t05-18-14.533z.png\" alt=\"firefox_screenshot_2019-06-20t05-18-14.533z.png\" align=\"center\" width=\"518\" height=\"683\" srcset=\"https:\/\/usagers-transports.haut-allier.eu\/wp-content\/uploads\/2019\/06\/firefox_screenshot_2019-06-20t05-18-14.533z.png 518w, https:\/\/usagers-transports.haut-allier.eu\/wp-content\/uploads\/2019\/06\/firefox_screenshot_2019-06-20t05-18-14.533z-228x300.png 228w\" sizes=\"auto, (max-width: 518px) 100vw, 518px\" \/><br \/>\n&nbsp;<br \/>\nDepuis le 9 mai, <em>\u00abtout le syst\u00e8me est pens\u00e9 autour du e-billet\u00bb<\/em> car <em>\u00abc\u2019\u00e9tait une vraie attente des gens, d\u2019avoir un syst\u00e8me facile et fluide\u00bb<\/em>, osent expliquer les pontes du fabuleux service de presse de la SNCF, celui qui est charg\u00e9 de tout nous faire avaler \u00e0 grands coups de campagnes promotionelles et de budget surdimensionn\u00e9 d\u00e9nonc\u00e9 tous les ans par la cour des comptes.<br \/>\n&nbsp;<br \/>\nLa CNIL consid\u00e8re, elle, que les entreprises de transport ne doivent pas \u00abpriver les usagers de la possibilit\u00e9 d\u2019utiliser un service de transport public de mani\u00e8re anonyme\u00bb. Elle affirme que \u00able droit \u00e0 voyager de mani\u00e8re anonyme est un droit fondamental pour chaque passager\u00bb. Mais que va-t-elle faire contre la SNCF ?<br \/>\n&nbsp;<br \/>\nSur les r\u00e9seaux sociaux on peut lire les messages des usagers : \u00ab\u00a0La France s&rsquo;enfonce de plus en plus vers la dictature.\u00a0\u00bb ou \u00ab\u00a0Et les billets garanti sans gr\u00eave, c&rsquo;est pour quand&#8230;?\u00a0\u00bb<br \/>\n&nbsp;<\/p>\n<p>&nbsp;<\/p>\n","protected":false},"excerpt":{"rendered":"<p>En France vous ne pouvez plus circuler librement sur le r\u00e9seau ferroviaire g\u00e9r\u00e9 par la SNCF. Elle vient<\/p>\n","protected":false},"author":1,"featured_media":2676,"comment_status":"open","ping_status":"open","sticky":false,"template":"","format":"standard","meta":{"footnotes":""},"categories":[2],"tags":[],"class_list":["post-601","post","type-post","status-publish","format-standard","has-post-thumbnail","hentry","category-infos"],"_links":{"self":[{"href":"https:\/\/usagers-transports.haut-allier.eu\/index.php\/wp-json\/wp\/v2\/posts\/601","targetHints":{"allow":["GET"]}}],"collection":[{"href":"https:\/\/usagers-transports.haut-allier.eu\/index.php\/wp-json\/wp\/v2\/posts"}],"about":[{"href":"https:\/\/usagers-transports.haut-allier.eu\/index.php\/wp-json\/wp\/v2\/types\/post"}],"author":[{"embeddable":true,"href":"https:\/\/usagers-transports.haut-allier.eu\/index.php\/wp-json\/wp\/v2\/users\/1"}],"replies":[{"embeddable":true,"href":"https:\/\/usagers-transports.haut-allier.eu\/index.php\/wp-json\/wp\/v2\/comments?post=601"}],"version-history":[{"count":0,"href":"https:\/\/usagers-transports.haut-allier.eu\/index.php\/wp-json\/wp\/v2\/posts\/601\/revisions"}],"wp:featuredmedia":[{"embeddable":true,"href":"https:\/\/usagers-transports.haut-allier.eu\/index.php\/wp-json\/wp\/v2\/media\/2676"}],"wp:attachment":[{"href":"https:\/\/usagers-transports.haut-allier.eu\/index.php\/wp-json\/wp\/v2\/media?parent=601"}],"wp:term":[{"taxonomy":"category","embeddable":true,"href":"https:\/\/usagers-transports.haut-allier.eu\/index.php\/wp-json\/wp\/v2\/categories?post=601"},{"taxonomy":"post_tag","embeddable":true,"href":"https:\/\/usagers-transports.haut-allier.eu\/index.php\/wp-json\/wp\/v2\/tags?post=601"}],"curies":[{"name":"wp","href":"https:\/\/api.w.org\/{rel}","templated":true}]}}