{"id":6015,"date":"2022-09-01T00:30:00","date_gmt":"2022-08-31T22:30:00","guid":{"rendered":"http:\/\/5.45.101.177\/haut-allier\/usagers-transportse\/index.php\/2022\/09\/01\/septembre-2022056\/"},"modified":"2022-09-01T00:30:00","modified_gmt":"2022-08-31T22:30:00","slug":"septembre-2022056","status":"publish","type":"post","link":"https:\/\/usagers-transports.haut-allier.eu\/index.php\/2022\/09\/01\/septembre-2022056\/","title":{"rendered":"SEPTEMBRE 2022"},"content":{"rendered":"<p>Cafouillage g\u00e9n\u00e9ral cet \u00e9t\u00e9 avec des suppressions de trains, faute de rames ou de conducteurs, des rames en sous capacit\u00e9 obligeant les usagers \u00e0 voyager debout quand on approche des zones urbanis\u00e9es : la demande croissante des usagers au vu de la crise \u00e9nerg\u00e9tique et du prix des carburants ne semble pas \u00eatre la bienvenue \u00e0 la SNCF et dans les r\u00e9gions. La moindre des choses est pourtant de r\u00e9pondre \u00e0 ce changement : de nouvelles rames doivent \u00eatre command\u00e9es, \u00e9ventuellement les voitures mises au rebut doivent \u00eatre r\u00e9habilit\u00e9es.<br \/>\n&nbsp;<br \/>\nMais r\u00e9jouissons nous, une ligne rouvre aux voyageurs pr\u00e8s de chez nous, dans le bas de la rive droite du Rh\u00f4ne, bient\u00f4t ce sera le tour d&rsquo;Al\u00e8s Bess\u00e8ges. Le tout gr\u00e2ce \u00e0 la politique volontariste de la r\u00e9gion Occitanie. Et en <a href=\"http:\/\/usagers-transports.haut-allier.eu\/?reouvertures-de-lignes,841\"><em>Auvergne Rh\u00f4ne Alpes<\/em><\/a> nous direz vous ? Le pr\u00e9sident de la r\u00e9gion actuel exprime au quotidien son d\u00e9dain pour le train par le silence aux questions de ses administr\u00e9s. Il ne consent \u00e0 agir qu&rsquo;oblig\u00e9 comme \u00e0 proximit\u00e9 de la Suisse o\u00f9 il a lanc\u00e9 une \u00e9tude (pour gagner du temps) sur la r\u00e9ouverture d&rsquo;Evian-les-Bains \u00e0 Saint-Gingolph. Les suisses la d\u00e9sirent depuis 40 ans. C&rsquo;est ainsi extr\u00eamement facile de se pr\u00e9senter ensuite comme r\u00e9gion \u00e0 la gestion la mieux g\u00e9r\u00e9e, celle o\u00f9 il y a le moins de d\u00e9penses, quand on sait que le ferroviaire est le plus gros budget des r\u00e9gions. Vous avez compris l&rsquo;astuce ? Motus et le moins possible sur le train et ainsi tous les \u00e9lecteurs, agriculteurs et personnes ais\u00e9es d&rsquo;un certain \u00e2ge qui ne se d\u00e9placent pas ou peu en train, revoteront pour l&rsquo; -excellente- gestion.<br \/>\n&nbsp;<br \/>\nFaire conna\u00eetre la ligne des C\u00e9vennes, que m\u00eame les habitants de l&rsquo;est de la Haute-Loire ignorent, ou que les guichets SNCF restants eux m\u00eames d\u00e9conseillent aux usagers : il faut conseiller le train comme un moyen de transport de plus en plus fiable dans le Massif central.<br \/>\n&nbsp;<br \/>\nNotre collectif est actif au niveau r\u00e9gional mais \u00e9galement au niveau national et international :<br \/>\n&#8211; au sein du Collectif \u00ab\u00a0<a href=\"https:\/\/ouiautraindenuit.wordpress.com\/\">Oui au Train de Nuit<\/a>\u00a0\u00bb<br \/>\n&#8211; au sein du Collectif de d\u00e9fense pour le retour de la <a href=\"http:\/\/usagers-transports.haut-allier.eu\/?ligne-clermont-ferrand-thiers-boen,695\">Transversale ferroviaire Clermont Thiers St-Etienne Lyon<\/a><br \/>\n&#8211; au sein du forum europ\u00e9en \u00ab\u00a0<a href=\"http:\/\/www.fph.ch\/bdf_partenaire-136_fr.html\">Tous en train<\/a>\u00a0\u00bb initi\u00e9 par la Fondation Charles L\u00e9opold Meyer pour le Progr\u00e8s de l&rsquo;Homme.<br \/>\n&nbsp;<br \/>\nEn rade dans une gare du massif central pour se d\u00e9brouiller sans guichets voire sans panneau d&rsquo;affichage les seuls canaux d&rsquo;informations sont :<br \/>\n&nbsp;<br \/>\n&#8211; Pour la confirmation de vos horaires, les retards et suppressions \u00e9ventuels ils sont signal\u00e9s sur ce site \u00e0 la chronique <a href=\"https:\/\/www.ter.sncf.com\/occitanie\/gares\/recherche\/pratique\"><strong>Prochains d\u00e9parts<\/strong><\/a> ou encore mieux le nouveau <a href=\"https:\/\/www.sncf.com\/fr\/itineraire-reservation\/horaires\"><strong>site de la SNCF<\/strong><\/a> enfin pratique et compatible smartphones.<br \/>\n&#8211; Pour planifier et acheter un billet en d\u00e9sert rural pas d&rsquo;autres moyens que le site web <a href=\"https:\/\/sncf-connect.com\/\"><strong>sncf-connect<\/strong><\/a> pour tous les trajets, trajets \u00e0 un euro compris, ou le <a href=\"https:\/\/www.ter.sncf.com\"><strong>site TER<\/strong><\/a> pour ce qui concerne un voyage de bout en bout en TER.<br \/>\n&#8211; Evitez d&rsquo;installer l&rsquo;application SNCF Connect encore moins performante que l&rsquo;ancienne bouse de Voyages SNCF. D\u00e9cid\u00e9ment en France on ne sait pas faire.<br \/>\n&#8211; Pour les horaires, les trajets, les cartes, les arr\u00eats interm\u00e9diaires, l&rsquo;affichage de toutes les correspondances et la clart\u00e9 vous pouvez aussi utiliser l&rsquo;excellent site de <a href=\"https:\/\/www.bahn.com\/fr\/view\/index.shtml\"><strong>DB France<\/strong><\/a><br \/>\n&nbsp;<br \/>\nN&rsquo;oubliez pas que tous les sites SNCF n&rsquo;affichent pas les trajets comportant plus de 2 correspondances. N&rsquo;h\u00e9sitez pas \u00e0 utiliser le site de la DB, <a href=\"https:\/\/www.bahn.com\/fr\/view\/index.shtml\"><strong>en fran\u00e7ais<\/strong><\/a> ou le site <a href=\"https:\/\/montrain.com\"><strong>montrain.com<\/strong><\/a> pour connaitre les vraies possibilit\u00e9s pour votre voyage. M\u00eame les agents SNCF l&rsquo;utilisent. Puis reportez vous sur le site web SNCF Connect pour acheter vos billets.<br \/>\n&nbsp;<br \/>\n<strong>Continuons \u00e0 signer <a href=\"http:\/\/chng.it\/dMVGYxbb\"><strong>notre p\u00e9tition<\/strong><\/a> pour des tickets ouverts non limit\u00e9s \u00e0 2 changements. On a besoin de vous.<\/strong><br \/>\n&nbsp;<br \/>\nVous pouvez aussi questionner la SNCF AURA et Occitanie sur Twitter \u00e0 @TER_Occitanie ou @SNCFTERAURA. Sauf le samedi et le dimanche pour AuRA.<br \/>\n&nbsp;<br \/>\nPour raconter vos mauvaises et vos bonnes exp\u00e9riences : notre <a href=\"mailto:usagers-transports@haut-allier.eu\"><strong>mail<\/strong><\/a> . Nous ferons remonter.<br \/>\n&nbsp;<\/p>\n","protected":false},"excerpt":{"rendered":"<p>Cafouillage g\u00e9n\u00e9ral cet \u00e9t\u00e9 avec des suppressions de trains, faute de rames ou de conducteurs, des rames en<\/p>\n","protected":false},"author":1,"featured_media":0,"comment_status":"open","ping_status":"open","sticky":false,"template":"","format":"standard","meta":{"footnotes":""},"categories":[11],"tags":[],"class_list":["post-6015","post","type-post","status-publish","format-standard","hentry","category-infos-breves"],"_links":{"self":[{"href":"https:\/\/usagers-transports.haut-allier.eu\/index.php\/wp-json\/wp\/v2\/posts\/6015","targetHints":{"allow":["GET"]}}],"collection":[{"href":"https:\/\/usagers-transports.haut-allier.eu\/index.php\/wp-json\/wp\/v2\/posts"}],"about":[{"href":"https:\/\/usagers-transports.haut-allier.eu\/index.php\/wp-json\/wp\/v2\/types\/post"}],"author":[{"embeddable":true,"href":"https:\/\/usagers-transports.haut-allier.eu\/index.php\/wp-json\/wp\/v2\/users\/1"}],"replies":[{"embeddable":true,"href":"https:\/\/usagers-transports.haut-allier.eu\/index.php\/wp-json\/wp\/v2\/comments?post=6015"}],"version-history":[{"count":0,"href":"https:\/\/usagers-transports.haut-allier.eu\/index.php\/wp-json\/wp\/v2\/posts\/6015\/revisions"}],"wp:attachment":[{"href":"https:\/\/usagers-transports.haut-allier.eu\/index.php\/wp-json\/wp\/v2\/media?parent=6015"}],"wp:term":[{"taxonomy":"category","embeddable":true,"href":"https:\/\/usagers-transports.haut-allier.eu\/index.php\/wp-json\/wp\/v2\/categories?post=6015"},{"taxonomy":"post_tag","embeddable":true,"href":"https:\/\/usagers-transports.haut-allier.eu\/index.php\/wp-json\/wp\/v2\/tags?post=6015"}],"curies":[{"name":"wp","href":"https:\/\/api.w.org\/{rel}","templated":true}]}}