{"id":602,"date":"2019-06-21T13:50:11","date_gmt":"2019-06-21T11:50:11","guid":{"rendered":"http:\/\/5.45.101.177\/haut-allier\/usagers-transportse\/index.php\/2019\/06\/21\/ligne-du-train-aubrac-aucune602\/"},"modified":"2019-06-21T13:50:11","modified_gmt":"2019-06-21T11:50:11","slug":"ligne-du-train-aubrac-aucune602","status":"publish","type":"post","link":"https:\/\/usagers-transports.haut-allier.eu\/index.php\/2019\/06\/21\/ligne-du-train-aubrac-aucune602\/","title":{"rendered":"Ligne du train Aubrac : aucune circulation entre le 8 juillet et le 30 aout !"},"content":{"rendered":"<p>Quelle merveilleuse id\u00e9e que cette coupure pour travaux qu&rsquo;inflige SNCF R\u00e9seau \u00e0 la ligne B\u00e9ziers Clermont-Ferrand !!!<br \/>\n&nbsp;<br \/>\nOn voudrait la tuer on ferait pas mieux non ? En pleine saison touristique. Pendant les deux seuls mois du massif central o\u00f9 nous avons du tr\u00e8s beau temps.<br \/>\n&nbsp;<br \/>\nC&rsquo;est sans doute pour prendre en compte les plaintes des usagers&#8230;<br \/>\nou bien plus s\u00e9rieusement pour profiter des mois de vacances scolaires puisqu&rsquo;on sait que l&rsquo;axe est tr\u00e8s utilis\u00e9 par les \u00e9tudiants.<br \/>\n&nbsp;<br \/>\nMais Messieurs de SNCF R\u00e9seau \u00e7a vous d\u00e9rangerait de faire ces travaux la nuit ? Comme ils se faisaient r\u00e9guli\u00e8rement il y a seulement une dizaine d&rsquo;ann\u00e9es ?<br \/>\n&nbsp;<br \/>\nCa vous g\u00eanerait d&rsquo;assurer une qualit\u00e9 de service correcte ? Celle que vous devez aux usagers de passage, aux vacanciers, aux visiteurs occasionnels ? M\u00eame l&rsquo;\u00e9t\u00e9 ?<br \/>\n&nbsp;<br \/>\nNous nous dirigeons tout droit vers une manifestation d&rsquo;ampleur des usagers des \u00ab\u00a0petites lignes\u00a0\u00bb qui en ont ras la casquette de vos coupures de plusieurs mois !<br \/>\n&nbsp;<br \/>\n<strong>Nous savons que vous faites tout pour d\u00e9go\u00fbter le voyageur des lignes dont vous voulez vous d\u00e9barrasser. Nous ne nous laisserons pas faire. <\/strong><br \/>\n&nbsp;<br \/>\nLa fiche PDF de l&rsquo;avis de coupure entre Neussargues et B\u00e9ziers :<br \/>\n&nbsp;<br \/>\n<a href=\"http:\/\/5.45.101.177\/haut-allier\/usagers-transportse\/wp-content\/uploads\/2019\/06\/intercites-info-travaux-aubrac-juillet-aout-2019-v2.pdf\">intercites-info-travaux-aubrac-juillet-aout-2019-v2.pdf<\/a><br \/>\n&nbsp;<br \/>\n<img loading=\"lazy\" decoding=\"async\" class=\" aligncenter size-full wp-image-2680\" src=\"http:\/\/5.45.101.177\/haut-allier\/usagers-transportse\/wp-content\/uploads\/2019\/06\/garabit.jpg\" alt=\"garabit.jpg\" align=\"center\" width=\"1000\" height=\"720\" srcset=\"https:\/\/usagers-transports.haut-allier.eu\/wp-content\/uploads\/2019\/06\/garabit.jpg 1000w, https:\/\/usagers-transports.haut-allier.eu\/wp-content\/uploads\/2019\/06\/garabit-300x216.jpg 300w, https:\/\/usagers-transports.haut-allier.eu\/wp-content\/uploads\/2019\/06\/garabit-768x553.jpg 768w\" sizes=\"auto, (max-width: 1000px) 100vw, 1000px\" \/><br \/>\n&nbsp;<br \/>\n<strong>[MAJ du 24 juin 2019]<\/strong><br \/>\n&nbsp;<br \/>\nLe <em>Comit\u00e9 pluraliste<\/em> qui a l&rsquo;habitude de la d\u00e9fense de cette ligne vient d&rsquo;\u00e9crire ce jour \u00e0 la Directrice Intercit\u00e9s :<br \/>\n&nbsp;<br \/>\n<a href=\"http:\/\/5.45.101.177\/haut-allier\/usagers-transportse\/wp-content\/uploads\/2019\/06\/lettre_travaux_aubrac_e_te_2019_v2.pdf\">lettre_travaux_aubrac_e_te_2019_v2.pdf<\/a><br \/>\n&nbsp;<\/p>\n","protected":false},"excerpt":{"rendered":"<p>Quelle merveilleuse id\u00e9e que cette coupure pour travaux qu&rsquo;inflige SNCF R\u00e9seau \u00e0 la ligne B\u00e9ziers Clermont-Ferrand !!! &nbsp;<\/p>\n","protected":false},"author":1,"featured_media":2678,"comment_status":"open","ping_status":"open","sticky":false,"template":"","format":"standard","meta":{"footnotes":""},"categories":[3],"tags":[],"class_list":["post-602","post","type-post","status-publish","format-standard","has-post-thumbnail","hentry","category-en-train"],"_links":{"self":[{"href":"https:\/\/usagers-transports.haut-allier.eu\/index.php\/wp-json\/wp\/v2\/posts\/602","targetHints":{"allow":["GET"]}}],"collection":[{"href":"https:\/\/usagers-transports.haut-allier.eu\/index.php\/wp-json\/wp\/v2\/posts"}],"about":[{"href":"https:\/\/usagers-transports.haut-allier.eu\/index.php\/wp-json\/wp\/v2\/types\/post"}],"author":[{"embeddable":true,"href":"https:\/\/usagers-transports.haut-allier.eu\/index.php\/wp-json\/wp\/v2\/users\/1"}],"replies":[{"embeddable":true,"href":"https:\/\/usagers-transports.haut-allier.eu\/index.php\/wp-json\/wp\/v2\/comments?post=602"}],"version-history":[{"count":0,"href":"https:\/\/usagers-transports.haut-allier.eu\/index.php\/wp-json\/wp\/v2\/posts\/602\/revisions"}],"wp:featuredmedia":[{"embeddable":true,"href":"https:\/\/usagers-transports.haut-allier.eu\/index.php\/wp-json\/wp\/v2\/media\/2678"}],"wp:attachment":[{"href":"https:\/\/usagers-transports.haut-allier.eu\/index.php\/wp-json\/wp\/v2\/media?parent=602"}],"wp:term":[{"taxonomy":"category","embeddable":true,"href":"https:\/\/usagers-transports.haut-allier.eu\/index.php\/wp-json\/wp\/v2\/categories?post=602"},{"taxonomy":"post_tag","embeddable":true,"href":"https:\/\/usagers-transports.haut-allier.eu\/index.php\/wp-json\/wp\/v2\/tags?post=602"}],"curies":[{"name":"wp","href":"https:\/\/api.w.org\/{rel}","templated":true}]}}