{"id":6021,"date":"2023-03-01T07:29:08","date_gmt":"2023-03-01T06:29:08","guid":{"rendered":"http:\/\/5.45.101.177\/haut-allier\/usagers-transportse\/index.php\/2023\/03\/01\/mars-2023062\/"},"modified":"2023-03-01T07:29:08","modified_gmt":"2023-03-01T06:29:08","slug":"mars-2023062","status":"publish","type":"post","link":"https:\/\/usagers-transports.haut-allier.eu\/index.php\/2023\/03\/01\/mars-2023062\/","title":{"rendered":"MARS 2023"},"content":{"rendered":"<p>Le budget annonc\u00e9 par le gouvernement allou\u00e9 au train est moiti\u00e9 moindre que celui de nos voisins europ\u00e9ens. Et malgr\u00e9 les communiqu\u00e9s enthousiastes de la plupart des acteurs il ne sera pas suffisant pour mener le vrai changement dans le ferroviaire r\u00e9clam\u00e9 par les usagers. Au revoir les r\u00e9ouvertures de ligne, l&rsquo;am\u00e9lioration des cadencements sur les petites lignes, la modernisation du r\u00e9seau historique, le r\u00e9seau de trains de nuit ambitieux avant 2040.<br \/>\n&nbsp;<br \/>\nC&rsquo;est un vrai enterrement des projets de transports ferr\u00e9s qui auraient du renforcer LE seul moyen de d\u00e9placement naturel susceptible de faire avancer la d\u00e9carbonation du pays et la mobilit\u00e9 pour tous. Nos dirigeants actuels en sont incapables.<br \/>\n&nbsp;<br \/>\nDes pr\u00e9cisions sur <a href=\"http:\/\/usagers-transports.haut-allier.eu\/?c-est-nous,945\"><em>qui nous sommes et ce que nous revendiquons<\/em><\/a>.<br \/>\n&nbsp;<br \/>\nFaire conna\u00eetre la ligne des C\u00e9vennes, que m\u00eame les habitants de l&rsquo;est de la Haute-Loire ignorent, ou que les guichets SNCF restants eux m\u00eames d\u00e9conseillent aux usagers : il faut conseiller le train comme un moyen de transport de plus en plus fiable (enfin on essaie d&rsquo;y travailler) dans le Massif central.<br \/>\n&nbsp;<br \/>\nNotre collectif est actif au niveau r\u00e9gional mais \u00e9galement au niveau national et international :<br \/>\n&#8211; au sein du Collectif \u00ab\u00a0<a href=\"https:\/\/ouiautraindenuit.wordpress.com\/\">Oui au Train de Nuit<\/a>\u00a0\u00bb<br \/>\n&#8211; au sein du Collectif de d\u00e9fense pour le retour de la <a href=\"http:\/\/usagers-transports.haut-allier.eu\/?ligne-clermont-ferrand-thiers-boen,695\">Transversale ferroviaire Clermont Thiers St-Etienne Lyon<\/a><br \/>\n&#8211; au sein du forum europ\u00e9en \u00ab\u00a0<a href=\"http:\/\/www.fph.ch\/bdf_partenaire-136_fr.html\">Tous en train<\/a>\u00a0\u00bb initi\u00e9 par la Fondation Charles L\u00e9opold Meyer pour le Progr\u00e8s de l&rsquo;Homme.<br \/>\n&nbsp;<br \/>\nEn rade dans une gare du massif central pour se d\u00e9brouiller sans guichets voire sans panneau d&rsquo;affichage les seuls canaux d&rsquo;informations sont :<br \/>\n&nbsp;<br \/>\n&#8211; Pour la confirmation de vos horaires, les retards et suppressions \u00e9ventuels ils sont signal\u00e9s sur ce site \u00e0 la chronique <a href=\"https:\/\/www.ter.sncf.com\/occitanie\/gares\/recherche\/pratique\"><strong>Prochains d\u00e9parts<\/strong><\/a> ou encore mieux le nouveau <a href=\"https:\/\/www.sncf.com\/fr\/itineraire-reservation\/horaires\"><strong>site de la SNCF<\/strong><\/a> enfin pratique et compatible smartphones.<br \/>\n&#8211; Pour planifier et acheter un billet en d\u00e9sert rural pas d&rsquo;autres moyens que le site web <a href=\"https:\/\/sncf-connect.com\/\"><strong>sncf-connect<\/strong><\/a> pour tous les trajets, trajets \u00e0 un euro compris, ou le <a href=\"https:\/\/www.ter.sncf.com\"><strong>site TER<\/strong><\/a> pour ce qui concerne un voyage de bout en bout en TER.<br \/>\n&#8211; Evitez d&rsquo;installer l&rsquo;application SNCF Connect encore moins performante que l&rsquo;ancienne bouse de Voyages SNCF. D\u00e9cid\u00e9ment en France on ne sait pas faire.<br \/>\n&#8211; Pour les horaires, les trajets, les cartes, les arr\u00eats interm\u00e9diaires, l&rsquo;affichage de toutes les correspondances et la clart\u00e9 vous pouvez aussi utiliser l&rsquo;excellent site de <a href=\"https:\/\/www.bahn.com\/fr\/view\/index.shtml\"><strong>DB France<\/strong><\/a><br \/>\n&nbsp;<br \/>\nVous pouvez donner votre avis et faire remonter les probl\u00e8mes des TER Auvergne Rh\u00f4ne Alpes (les bleus) sur ce site de la r\u00e9gion, <a href=\"https:\/\/www.laregionvoustransporte.fr\/contenus\/la-concertation\"><em>page \u00ab\u00a0Concertation\u00a0\u00bb<\/em><\/a>.<br \/>\n&nbsp;<br \/>\nN&rsquo;oubliez pas que tous les sites SNCF n&rsquo;affichent pas les trajets comportant plus de 2 correspondances. N&rsquo;h\u00e9sitez pas \u00e0 utiliser le site de la DB, <a href=\"https:\/\/www.bahn.com\/fr\/view\/index.shtml\"><strong>en fran\u00e7ais<\/strong><\/a> ou le site <a href=\"https:\/\/montrain.com\"><strong>montrain.com<\/strong><\/a> pour connaitre les vraies possibilit\u00e9s pour votre voyage. M\u00eame les agents SNCF l&rsquo;utilisent. Puis reportez vous de pr\u00e9f\u00e9rence sur le site web SNCF Connect pour acheter vos billets.<br \/>\n&nbsp;<br \/>\n<strong>Continuons d&rsquo;ailleurs \u00e0 signer <a href=\"http:\/\/chng.it\/dMVGYxbb\"><strong>notre p\u00e9tition<\/strong><\/a> pour des tickets ouverts non limit\u00e9s \u00e0 2 changements. On a besoin de vous.<\/strong><br \/>\n&nbsp;<br \/>\nVous pouvez aussi questionner la SNCF AURA et Occitanie sur Twitter \u00e0 @TER_Occitanie ou @SNCFTERAURA. Sauf le samedi et le dimanche pour AuRA.<br \/>\n&nbsp;<br \/>\nPour raconter vos mauvaises et vos bonnes exp\u00e9riences, un message, nous ferons remonter : notre <a href=\"mailto:usagers-transports@haut-allier.eu\"><strong>mail<\/strong><\/a>.<br \/>\n&nbsp;<\/p>\n","protected":false},"excerpt":{"rendered":"<p>Le budget annonc\u00e9 par le gouvernement allou\u00e9 au train est moiti\u00e9 moindre que celui de nos voisins europ\u00e9ens.<\/p>\n","protected":false},"author":1,"featured_media":0,"comment_status":"open","ping_status":"open","sticky":false,"template":"","format":"standard","meta":{"footnotes":""},"categories":[11],"tags":[],"class_list":["post-6021","post","type-post","status-publish","format-standard","hentry","category-infos-breves"],"_links":{"self":[{"href":"https:\/\/usagers-transports.haut-allier.eu\/index.php\/wp-json\/wp\/v2\/posts\/6021","targetHints":{"allow":["GET"]}}],"collection":[{"href":"https:\/\/usagers-transports.haut-allier.eu\/index.php\/wp-json\/wp\/v2\/posts"}],"about":[{"href":"https:\/\/usagers-transports.haut-allier.eu\/index.php\/wp-json\/wp\/v2\/types\/post"}],"author":[{"embeddable":true,"href":"https:\/\/usagers-transports.haut-allier.eu\/index.php\/wp-json\/wp\/v2\/users\/1"}],"replies":[{"embeddable":true,"href":"https:\/\/usagers-transports.haut-allier.eu\/index.php\/wp-json\/wp\/v2\/comments?post=6021"}],"version-history":[{"count":0,"href":"https:\/\/usagers-transports.haut-allier.eu\/index.php\/wp-json\/wp\/v2\/posts\/6021\/revisions"}],"wp:attachment":[{"href":"https:\/\/usagers-transports.haut-allier.eu\/index.php\/wp-json\/wp\/v2\/media?parent=6021"}],"wp:term":[{"taxonomy":"category","embeddable":true,"href":"https:\/\/usagers-transports.haut-allier.eu\/index.php\/wp-json\/wp\/v2\/categories?post=6021"},{"taxonomy":"post_tag","embeddable":true,"href":"https:\/\/usagers-transports.haut-allier.eu\/index.php\/wp-json\/wp\/v2\/tags?post=6021"}],"curies":[{"name":"wp","href":"https:\/\/api.w.org\/{rel}","templated":true}]}}