{"id":603,"date":"2019-06-23T18:17:18","date_gmt":"2019-06-23T16:17:18","guid":{"rendered":"http:\/\/5.45.101.177\/haut-allier\/usagers-transportse\/index.php\/2019\/06\/23\/ligne-sncf-clermont-ferrand-nimes603\/"},"modified":"2019-06-23T18:17:18","modified_gmt":"2019-06-23T16:17:18","slug":"ligne-sncf-clermont-ferrand-nimes603","status":"publish","type":"post","link":"https:\/\/usagers-transports.haut-allier.eu\/index.php\/2019\/06\/23\/ligne-sncf-clermont-ferrand-nimes603\/","title":{"rendered":"Ligne SNCF Clermont Ferrand N\u00eemes : le train ne dessert plus les gares et haltes pr\u00e9vues !"},"content":{"rendered":"<p>Alors que tous les trains Clermont N\u00eemes sont remplis, m\u00eame dans les gorges de l&rsquo;Allier, t\u00e9moin ce TER ce dimanche, l&rsquo;ex C\u00e9venol de 15h, le train 877957 pour les intimes, qui devait s&rsquo;arr\u00eater en gare d&rsquo;Alleyras \u00e0 14h57 samedi 22 juin 2019, ne l&rsquo;a pas fait, sans doute pour des raisons toujours excellentes&#8230; On aimerait bien savoir lesquelles. Qu&rsquo;on s&rsquo;en amuse. Indisponibilit\u00e9 soudaine ou malaise du conducteur, feuille de route erron\u00e9e, freins ou mat\u00e9riel d\u00e9faillant ?<br \/>\n&nbsp;<br \/>\n<img loading=\"lazy\" decoding=\"async\" class=\" aligncenter size-full wp-image-2683\" src=\"http:\/\/5.45.101.177\/haut-allier\/usagers-transportse\/wp-content\/uploads\/2019\/06\/img_20190623_150008.jpg\" alt=\"img_20190623_150008.jpg\" align=\"center\" width=\"1000\" height=\"658\" srcset=\"https:\/\/usagers-transports.haut-allier.eu\/wp-content\/uploads\/2019\/06\/img_20190623_150008.jpg 1000w, https:\/\/usagers-transports.haut-allier.eu\/wp-content\/uploads\/2019\/06\/img_20190623_150008-300x197.jpg 300w, https:\/\/usagers-transports.haut-allier.eu\/wp-content\/uploads\/2019\/06\/img_20190623_150008-768x505.jpg 768w\" sizes=\"auto, (max-width: 1000px) 100vw, 1000px\" \/><br \/>\n&nbsp;<br \/>\nLes passagers qui voulaient descendre n&rsquo;ont pas pu le faire et ont \u00e9t\u00e9 d\u00e9barqu\u00e9s&#8230; \u00e0 Langogne o\u00f9 l&rsquo;entourage qui les attendait a d\u00fb venir les chercher. Alleyras &#8211; Langogne 45 minutes de route et 1 heure de trajet. Exemple : cette salari\u00e9e du centre de vacances Cap Vacances qui n&rsquo;a pu arriver \u00e0 son boulot.<br \/>\n&nbsp;<br \/>\n<strong>Merci la SNCF et sa fabuleuse organisation planifi\u00e9e un an \u00e0 l&rsquo;avance. On aimerait que la qualit\u00e9 de service soit aussi planifi\u00e9e et garantie pour les usagers !<\/strong><br \/>\n&nbsp;<br \/>\nNous en informons de suite la R\u00e9gion Occitanie charg\u00e9e des transports, responsable de cette circulation.<br \/>\n&nbsp;<\/p>\n","protected":false},"excerpt":{"rendered":"<p>Alors que tous les trains Clermont N\u00eemes sont remplis, m\u00eame dans les gorges de l&rsquo;Allier, t\u00e9moin ce TER<\/p>\n","protected":false},"author":1,"featured_media":2682,"comment_status":"open","ping_status":"open","sticky":false,"template":"","format":"standard","meta":{"footnotes":""},"categories":[3],"tags":[],"class_list":["post-603","post","type-post","status-publish","format-standard","has-post-thumbnail","hentry","category-en-train"],"_links":{"self":[{"href":"https:\/\/usagers-transports.haut-allier.eu\/index.php\/wp-json\/wp\/v2\/posts\/603","targetHints":{"allow":["GET"]}}],"collection":[{"href":"https:\/\/usagers-transports.haut-allier.eu\/index.php\/wp-json\/wp\/v2\/posts"}],"about":[{"href":"https:\/\/usagers-transports.haut-allier.eu\/index.php\/wp-json\/wp\/v2\/types\/post"}],"author":[{"embeddable":true,"href":"https:\/\/usagers-transports.haut-allier.eu\/index.php\/wp-json\/wp\/v2\/users\/1"}],"replies":[{"embeddable":true,"href":"https:\/\/usagers-transports.haut-allier.eu\/index.php\/wp-json\/wp\/v2\/comments?post=603"}],"version-history":[{"count":0,"href":"https:\/\/usagers-transports.haut-allier.eu\/index.php\/wp-json\/wp\/v2\/posts\/603\/revisions"}],"wp:featuredmedia":[{"embeddable":true,"href":"https:\/\/usagers-transports.haut-allier.eu\/index.php\/wp-json\/wp\/v2\/media\/2682"}],"wp:attachment":[{"href":"https:\/\/usagers-transports.haut-allier.eu\/index.php\/wp-json\/wp\/v2\/media?parent=603"}],"wp:term":[{"taxonomy":"category","embeddable":true,"href":"https:\/\/usagers-transports.haut-allier.eu\/index.php\/wp-json\/wp\/v2\/categories?post=603"},{"taxonomy":"post_tag","embeddable":true,"href":"https:\/\/usagers-transports.haut-allier.eu\/index.php\/wp-json\/wp\/v2\/tags?post=603"}],"curies":[{"name":"wp","href":"https:\/\/api.w.org\/{rel}","templated":true}]}}