{"id":604,"date":"2019-06-23T21:58:38","date_gmt":"2019-06-23T19:58:38","guid":{"rendered":"http:\/\/5.45.101.177\/haut-allier\/usagers-transportse\/index.php\/2019\/06\/23\/vous-preparez-votre-voyage-dans604\/"},"modified":"2026-09-01T15:55:27","modified_gmt":"2026-09-01T13:55:27","slug":"vous-preparez-votre-voyage-dans604","status":"publish","type":"post","link":"https:\/\/usagers-transports.haut-allier.eu\/index.php\/2019\/06\/23\/vous-preparez-votre-voyage-dans604\/","title":{"rendered":"Vous pr\u00e9parez votre voyage dans les Gorges de l&rsquo;Allier ? SNCF va vous faire voir du pays !"},"content":{"rendered":"<strong>Destination : Gorges sauvages de l&rsquo;Allier, Alleyras (ou Langogne, ou Langeac&#8230;) <\/strong>\n\nDepuis et vers Paris pas trop de probl\u00e8mes, on vous fait passer par Clermont-Ferrand, le moins cher et le plus direct, ou carr\u00e9ment par N\u00eemes pour remonter sur Paris. \n&nbsp;\n<img loading=\"lazy\" decoding=\"async\" class=\" aligncenter size-full wp-image-2685\" src=\"http:\/\/5.45.101.177\/haut-allier\/usagers-transportse\/wp-content\/uploads\/2019\/06\/firefox_screenshot_2019-06-23t19-51-23.697z.png\" alt=\"firefox_screenshot_2019-06-23t19-51-23.697z.png\" align=\"center\" width=\"420\" height=\"372\" srcset=\"https:\/\/usagers-transports.haut-allier.eu\/wp-content\/uploads\/2019\/06\/firefox_screenshot_2019-06-23t19-51-23.697z.png 420w, https:\/\/usagers-transports.haut-allier.eu\/wp-content\/uploads\/2019\/06\/firefox_screenshot_2019-06-23t19-51-23.697z-300x266.png 300w\" sizes=\"auto, (max-width: 420px) 100vw, 420px\" \/>\n&nbsp;\nCherchez l&rsquo;erreur, le tarif est doubl\u00e9, le temps de trajet est rallong\u00e9 de deux heures, mais quoi de plus normal pour la SNCF de vous faire visiter notre beau pays en zigzaguant, hein ? C&rsquo;est vous qui payez. Et puis que ne ferait-on pas pour arriver&#8230; Gare de Lyon \u00e0 Paris.\n&nbsp;\n<img loading=\"lazy\" decoding=\"async\" class=\" aligncenter size-full wp-image-2686\" src=\"http:\/\/5.45.101.177\/haut-allier\/usagers-transportse\/wp-content\/uploads\/2019\/06\/firefox_screenshot_2019-06-23t18-37-28.355z.png\" alt=\"firefox_screenshot_2019-06-23t18-37-28.355z.png\" align=\"center\" width=\"958\" height=\"547\" srcset=\"https:\/\/usagers-transports.haut-allier.eu\/wp-content\/uploads\/2019\/06\/firefox_screenshot_2019-06-23t18-37-28.355z.png 958w, https:\/\/usagers-transports.haut-allier.eu\/wp-content\/uploads\/2019\/06\/firefox_screenshot_2019-06-23t18-37-28.355z-300x171.png 300w, https:\/\/usagers-transports.haut-allier.eu\/wp-content\/uploads\/2019\/06\/firefox_screenshot_2019-06-23t18-37-28.355z-768x439.png 768w\" sizes=\"auto, (max-width: 958px) 100vw, 958px\" \/>\n&nbsp;\n<img loading=\"lazy\" decoding=\"async\" class=\" aligncenter size-full wp-image-2687\" src=\"http:\/\/5.45.101.177\/haut-allier\/usagers-transportse\/wp-content\/uploads\/2019\/06\/firefox_screenshot_2019-06-23t18-35-07.112z.png\" alt=\"firefox_screenshot_2019-06-23t18-35-07.112z.png\" align=\"center\" width=\"968\" height=\"576\" srcset=\"https:\/\/usagers-transports.haut-allier.eu\/wp-content\/uploads\/2019\/06\/firefox_screenshot_2019-06-23t18-35-07.112z.png 968w, https:\/\/usagers-transports.haut-allier.eu\/wp-content\/uploads\/2019\/06\/firefox_screenshot_2019-06-23t18-35-07.112z-300x179.png 300w, https:\/\/usagers-transports.haut-allier.eu\/wp-content\/uploads\/2019\/06\/firefox_screenshot_2019-06-23t18-35-07.112z-768x457.png 768w\" sizes=\"auto, (max-width: 968px) 100vw, 968px\" \/>\n&nbsp;\n<strong>Ca devient cocasse&#8230;<\/strong> \n&nbsp;\n&#8230;quand vous partez ou voulez revenir sur le sud, Marseille. \n&nbsp;\nDepuis Marseille vers le massif central et les gorges de l&rsquo;Allier tout va assez bien, bon pour la 3\u00e8me proposition on vous fait faire un petit d\u00e9tour par Avignon Centre histoire de bien vous faire comprendre que cet axe Marseille Arles N\u00eemes Montpellier Toulouse nous emm&#8230;. \u00e0 la SNCF : c&rsquo;est trop direct, il faudra bien un jour ou l&rsquo;autre tous vous faire passer par Avignon. Trop de correspondances \u00e0 mettre en place, trop d&rsquo;axes \u00e0 g\u00e9rer c&rsquo;est trop compliqu\u00e9 il faut SIM PLI FIER.\n&nbsp;\n<img loading=\"lazy\" decoding=\"async\" class=\" aligncenter size-full wp-image-2688\" src=\"http:\/\/5.45.101.177\/haut-allier\/usagers-transportse\/wp-content\/uploads\/2019\/06\/firefox_screenshot_2019-06-23t18-32-52.601z.png\" alt=\"firefox_screenshot_2019-06-23t18-32-52.601z.png\" align=\"center\" width=\"962\" height=\"562\" srcset=\"https:\/\/usagers-transports.haut-allier.eu\/wp-content\/uploads\/2019\/06\/firefox_screenshot_2019-06-23t18-32-52.601z.png 962w, https:\/\/usagers-transports.haut-allier.eu\/wp-content\/uploads\/2019\/06\/firefox_screenshot_2019-06-23t18-32-52.601z-300x175.png 300w, https:\/\/usagers-transports.haut-allier.eu\/wp-content\/uploads\/2019\/06\/firefox_screenshot_2019-06-23t18-32-52.601z-768x449.png 768w\" sizes=\"auto, (max-width: 962px) 100vw, 962px\" \/>\n&nbsp;\nDepuis le massif central et les gorges vers le sud ah l\u00e0&#8230; \u00e7a va d\u00e9lirer. Vous avez voulu venir vous perdre dans ces montagnes paum\u00e9es, vous allez en baver pour partir :\n&nbsp;\n<img loading=\"lazy\" decoding=\"async\" class=\" aligncenter size-full wp-image-2689\" src=\"http:\/\/5.45.101.177\/haut-allier\/usagers-transportse\/wp-content\/uploads\/2019\/06\/firefox_screenshot_2019-06-23t18-28-08.274z-2.png\" alt=\"firefox_screenshot_2019-06-23t18-28-08.274z-2.png\" align=\"center\" width=\"1121\" height=\"452\" srcset=\"https:\/\/usagers-transports.haut-allier.eu\/wp-content\/uploads\/2019\/06\/firefox_screenshot_2019-06-23t18-28-08.274z-2.png 1121w, https:\/\/usagers-transports.haut-allier.eu\/wp-content\/uploads\/2019\/06\/firefox_screenshot_2019-06-23t18-28-08.274z-2-300x121.png 300w, https:\/\/usagers-transports.haut-allier.eu\/wp-content\/uploads\/2019\/06\/firefox_screenshot_2019-06-23t18-28-08.274z-2-1024x413.png 1024w, https:\/\/usagers-transports.haut-allier.eu\/wp-content\/uploads\/2019\/06\/firefox_screenshot_2019-06-23t18-28-08.274z-2-768x310.png 768w\" sizes=\"auto, (max-width: 1121px) 100vw, 1121px\" \/>\n&nbsp;\n<img1375|center>\n&nbsp;\n<strong>La premi\u00e8re proposition est la plus sympa : <\/strong> pour le double du prix du billet on vous am\u00e8ne&#8230; \u00e0 N\u00eemes au sud, puis \u00e0 Valence au nord, c&rsquo;est-\u00e0-dire presqu&rsquo;au niveau de Lyon pour redescendre au sud sur Marseille.\n&nbsp;\nHeureusement le site de la <a href=\"https:\/\/reiseauskunft.bahn.de\">Deusche Bahn<\/a> est l\u00e0 pour nous montrer le cocasse du trajet que la soci\u00e9t\u00e9 fran\u00e7aise dite ferroviaire veut nous faire payer, et en nous recommandant de dire merci en souriant aux hordes de policiers \u00e0 bord des trains pr\u00eats \u00e0 tirer sur tout ce qui bouge :\n&nbsp;\n<img loading=\"lazy\" decoding=\"async\" class=\" aligncenter size-full wp-image-2690\" src=\"http:\/\/5.45.101.177\/haut-allier\/usagers-transportse\/wp-content\/uploads\/2019\/06\/firefox_screenshot_2019-06-23t17-02-46.860z.png\" alt=\"firefox_screenshot_2019-06-23t17-02-46.860z.png\" align=\"center\" width=\"857\" height=\"500\" srcset=\"https:\/\/usagers-transports.haut-allier.eu\/wp-content\/uploads\/2019\/06\/firefox_screenshot_2019-06-23t17-02-46.860z.png 857w, https:\/\/usagers-transports.haut-allier.eu\/wp-content\/uploads\/2019\/06\/firefox_screenshot_2019-06-23t17-02-46.860z-300x175.png 300w, https:\/\/usagers-transports.haut-allier.eu\/wp-content\/uploads\/2019\/06\/firefox_screenshot_2019-06-23t17-02-46.860z-768x448.png 768w\" sizes=\"auto, (max-width: 857px) 100vw, 857px\" \/>\n&nbsp;\n<strong>La deuxi\u00e8me proposition est encore plus sympa<\/strong> : c&rsquo;est complet. Circulez ya rien \u00e0 voir. Ah mais c&rsquo;est complet parce qu&rsquo;on me propose un TGV qui est complet en fin de parcours&#8230; et un parcours par Clermont puis Lyon pour redescendre sur Marseille qui me co\u00fbterait le triple du prix normal&#8230; Moi je n&rsquo;ai pas demand\u00e9 \u00e7a, je me satisfairais bien d&rsquo;un TER direct par exemple&#8230;\n&nbsp;\nCIRCULEZ on vous dit !\n&nbsp;\n<img loading=\"lazy\" decoding=\"async\" class=\" aligncenter size-full wp-image-2691\" src=\"http:\/\/5.45.101.177\/haut-allier\/usagers-transportse\/wp-content\/uploads\/2019\/06\/firefox_screenshot_2019-06-23t19-26-53.954z.png\" alt=\"firefox_screenshot_2019-06-23t19-26-53.954z.png\" align=\"center\" width=\"888\" height=\"1181\" srcset=\"https:\/\/usagers-transports.haut-allier.eu\/wp-content\/uploads\/2019\/06\/firefox_screenshot_2019-06-23t19-26-53.954z.png 888w, https:\/\/usagers-transports.haut-allier.eu\/wp-content\/uploads\/2019\/06\/firefox_screenshot_2019-06-23t19-26-53.954z-226x300.png 226w, https:\/\/usagers-transports.haut-allier.eu\/wp-content\/uploads\/2019\/06\/firefox_screenshot_2019-06-23t19-26-53.954z-770x1024.png 770w, https:\/\/usagers-transports.haut-allier.eu\/wp-content\/uploads\/2019\/06\/firefox_screenshot_2019-06-23t19-26-53.954z-768x1021.png 768w\" sizes=\"auto, (max-width: 888px) 100vw, 888px\" \/>\n&nbsp;\n<strong>La troisi\u00e8me proposition c&rsquo;est la bonne :<\/strong> tarif correct et trajet direct via N\u00eemes.\n&nbsp;\n<strong>Et la quatri\u00e8me ?<\/strong> Avec le train du soir de 18 heures 49 \u00e0 Alleyras qui se dirige vers N\u00eemes ? \n&nbsp;\nEt bien depuis que l&rsquo;Intercit\u00e9s Bordeaux Marseille ne passe plus en semaine apr\u00e8s 22 h, avanc\u00e9 qu&rsquo;il a \u00e9t\u00e9 \u00e0 21h33, IL N&rsquo;Y A PLUS DE CORRESPONDANCE VERS LA 2EME VILLE DE FRANCE.\n&nbsp;\nEt il faut se payer une nuit d&rsquo;h\u00f4tel \u00e0 N\u00eemes pour repartir le lendemain t\u00f4t.\n&nbsp;\nMerci SNCF.\n&nbsp;\n<img loading=\"lazy\" decoding=\"async\" class=\" aligncenter size-full wp-image-2692\" src=\"http:\/\/5.45.101.177\/haut-allier\/usagers-transportse\/wp-content\/uploads\/2019\/06\/firefox_screenshot_2019-06-23t19-34-16.734z.png\" alt=\"firefox_screenshot_2019-06-23t19-34-16.734z.png\" align=\"center\" width=\"907\" height=\"258\" srcset=\"https:\/\/usagers-transports.haut-allier.eu\/wp-content\/uploads\/2019\/06\/firefox_screenshot_2019-06-23t19-34-16.734z.png 907w, https:\/\/usagers-transports.haut-allier.eu\/wp-content\/uploads\/2019\/06\/firefox_screenshot_2019-06-23t19-34-16.734z-300x85.png 300w, https:\/\/usagers-transports.haut-allier.eu\/wp-content\/uploads\/2019\/06\/firefox_screenshot_2019-06-23t19-34-16.734z-768x218.png 768w\" sizes=\"auto, (max-width: 907px) 100vw, 907px\" \/>\n&nbsp;\nMais c&rsquo;est normal, il faut que les agents SNCF travaillent le moins tard possible, surtout pas la nuit ! il faut que les gares ferment au plus t\u00f4t, que les salles d&rsquo;attente se vident, il faut que les gens aillent dormir et cessent de circuler partout et dans n&rsquo;importe quelle direction et \u00e0 n&rsquo;importe quelle heure ! \n&nbsp;\n<strong>USAGER OU VOYAGEUR RENTRES CHEZ TOI et fous nous la paix ! Tu n&rsquo;as qu&rsquo;\u00e0 circuler en journ\u00e9e et prendre un jour de cong\u00e9s pour te d\u00e9placer.<\/strong>\n&nbsp;\n<em> (Dates de voyages prises pour d\u00e9but juillet, pour le 4, et captures d&rsquo;\u00e9cran effectu\u00e9es le 23 juin 2019 du site Oui.sncf et sur le site de DB France) <\/em> <p>&nbsp;<\/p>\n\n\t<figure class=\"wp-block-gallery columns-1 is-cropped wp-block-gallery-1 is-layout-flex wp-block-gallery-is-layout-flex\">\n\t\t<ul class=\"blocks-gallery-grid\">\n\t\t\t<li class=\"blocks-gallery-item\">\n\t\t\t\t<figure>\n\t\t\t\t\t\t\t\t\t\t\t<img loading=\"lazy\" decoding=\"async\" width=\"1121\" height=\"452\" src=\"http:\/\/5.45.101.177\/haut-allier\/usagers-transportse\/wp-content\/uploads\/2019\/06\/firefox_screenshot_2019-06-23t18-28-08.274z.png\"\n\t\t\t\t\t\t alt=\"firefox_screenshot_2019-06-23t18-28-08.274z.png\"\n\t\t\t\t\t\t data-id=\"2693\"\n\t\t\t\t\t\t data-full-url=\"http:\/\/5.45.101.177\/haut-allier\/usagers-transportse\/wp-content\/uploads\/2019\/06\/firefox_screenshot_2019-06-23t18-28-08.274z.png\"\n\t\t\t\t\t\t data-link=\"http:\/\/5.45.101.177\/haut-allier\/usagers-transportse\/attachment-firefox_screenshot_2019-06-23t18-28-08-274z-png\/\"\n\t\t\t\t\t\t class=\"wp-image-2693\" srcset=\"https:\/\/usagers-transports.haut-allier.eu\/wp-content\/uploads\/2019\/06\/firefox_screenshot_2019-06-23t18-28-08.274z.png 1121w, https:\/\/usagers-transports.haut-allier.eu\/wp-content\/uploads\/2019\/06\/firefox_screenshot_2019-06-23t18-28-08.274z-300x121.png 300w, https:\/\/usagers-transports.haut-allier.eu\/wp-content\/uploads\/2019\/06\/firefox_screenshot_2019-06-23t18-28-08.274z-1024x413.png 1024w, https:\/\/usagers-transports.haut-allier.eu\/wp-content\/uploads\/2019\/06\/firefox_screenshot_2019-06-23t18-28-08.274z-768x310.png 768w\" sizes=\"auto, (max-width: 1121px) 100vw, 1121px\" \/>\n\t\t\t\t<\/figure>\n\t\t\t<\/li>\n\t\t<\/ul>\n\t<\/figure>\n","protected":false},"excerpt":{"rendered":"<p>Destination : Gorges sauvages de l&rsquo;Allier, Alleyras (ou Langogne, ou Langeac&#8230;) Depuis et vers Paris pas trop de<\/p>\n","protected":false},"author":1,"featured_media":2684,"comment_status":"open","ping_status":"open","sticky":false,"template":"","format":"standard","meta":{"footnotes":""},"categories":[3],"tags":[],"class_list":["post-604","post","type-post","status-publish","format-standard","has-post-thumbnail","hentry","category-en-train"],"_links":{"self":[{"href":"https:\/\/usagers-transports.haut-allier.eu\/index.php\/wp-json\/wp\/v2\/posts\/604","targetHints":{"allow":["GET"]}}],"collection":[{"href":"https:\/\/usagers-transports.haut-allier.eu\/index.php\/wp-json\/wp\/v2\/posts"}],"about":[{"href":"https:\/\/usagers-transports.haut-allier.eu\/index.php\/wp-json\/wp\/v2\/types\/post"}],"author":[{"embeddable":true,"href":"https:\/\/usagers-transports.haut-allier.eu\/index.php\/wp-json\/wp\/v2\/users\/1"}],"replies":[{"embeddable":true,"href":"https:\/\/usagers-transports.haut-allier.eu\/index.php\/wp-json\/wp\/v2\/comments?post=604"}],"version-history":[{"count":1,"href":"https:\/\/usagers-transports.haut-allier.eu\/index.php\/wp-json\/wp\/v2\/posts\/604\/revisions"}],"predecessor-version":[{"id":2694,"href":"https:\/\/usagers-transports.haut-allier.eu\/index.php\/wp-json\/wp\/v2\/posts\/604\/revisions\/2694"}],"wp:featuredmedia":[{"embeddable":true,"href":"https:\/\/usagers-transports.haut-allier.eu\/index.php\/wp-json\/wp\/v2\/media\/2684"}],"wp:attachment":[{"href":"https:\/\/usagers-transports.haut-allier.eu\/index.php\/wp-json\/wp\/v2\/media?parent=604"}],"wp:term":[{"taxonomy":"category","embeddable":true,"href":"https:\/\/usagers-transports.haut-allier.eu\/index.php\/wp-json\/wp\/v2\/categories?post=604"},{"taxonomy":"post_tag","embeddable":true,"href":"https:\/\/usagers-transports.haut-allier.eu\/index.php\/wp-json\/wp\/v2\/tags?post=604"}],"curies":[{"name":"wp","href":"https:\/\/api.w.org\/{rel}","templated":true}]}}