{"id":6053,"date":"2024-06-01T01:00:00","date_gmt":"2024-05-31T23:00:00","guid":{"rendered":"http:\/\/5.45.101.177\/haut-allier\/usagers-transportse\/index.php\/2024\/06\/01\/juin-2024077\/"},"modified":"2024-06-01T01:00:00","modified_gmt":"2024-05-31T23:00:00","slug":"juin-2024077","status":"publish","type":"post","link":"https:\/\/usagers-transports.haut-allier.eu\/index.php\/2024\/06\/01\/juin-2024077\/","title":{"rendered":"JUIN 2024"},"content":{"rendered":"<p><font face=\"Arial, Helvetica\" size=-1 ><br \/>\nDepuis quelques jours les circulations ont repris sur la ligne des C\u00e9vennes apr\u00e8s 5 mois de coupure. Les horaires sont inchang\u00e9s. La bonne nouvelle est une remont\u00e9e probable et logique, suite aux travaux, de la vitesse dans la section Monistrol d&rsquo;Allier &#8211; Chapeauroux en 2025. Pourra-t-elle permettre la correspondance \u00e0 N\u00eemes pour le dernier train comme par le pass\u00e9 r\u00e9cent ?<br \/>\n&nbsp;<br \/>\nConcernant les trains de nuit le pessimisme est de rigueur sur le dossier du retour du Paris Clermont N\u00eemes et d&rsquo;ailleurs aussi sur la p\u00e9rennit\u00e9 des autres lignes en France apr\u00e8s les r\u00e9centes d\u00e9clarations du ministre. Nous organisons avec l&rsquo;association <a href=\"https:\/\/destinationtrainsdenuit.eu\/2024\/03\/15\/un-colloque-au-senat-sur-les-enjeux-du-developpement-des-trains-de-nuit-le-17-juin-reservez-votre-date\/\">Destination Trains de nuit<\/a> un colloque au s\u00e9nat le 17 juin pour enfoncer le clou.<br \/>\n&nbsp;<br \/>\nProfitez des billets \u00e0 un euro sur tout le r\u00e9seau Occitanie (LIO) ces 1 et 2 juin et de ceux d&rsquo;<a href=\"https:\/\/challengemobilite.auvergnerhonealpes.fr\/offres\/\"><em>Auvergne Rh\u00f4ne Alpes<\/em><\/a> \u00e0 2 euros du mardi 4 juin. D\u00e9p\u00eachez vous de prendre vos billets avant que les trains ne soient complets.<br \/>\n&nbsp;<br \/>\nDes pr\u00e9cisions sur <a href=\"http:\/\/usagers-transports.haut-allier.eu\/?c-est-nous,945\"><em>qui nous sommes et ce que nous revendiquons<\/em><\/a>.<br \/>\n&nbsp;<br \/>\nFaire conna\u00eetre la ligne des C\u00e9vennes, que m\u00eame les habitants de l&rsquo;est de la Haute-Loire ignorent, ou que les guichets SNCF restants eux m\u00eames d\u00e9conseillent aux usagers : il faut conseiller le train comme un moyen de transport de plus en plus fiable (enfin on essaie d&rsquo;y travailler) dans le Massif central.<br \/>\n&nbsp;<br \/>\nNotre collectif est actif au niveau r\u00e9gional mais \u00e9galement au niveau national et international :<br \/>\n&#8211; au sein de <a href=\"https:\/\/destinationtrainsdenuit.eu\"><em>Destination Trains de nuit<\/em><\/a>, une association qui d\u00e9fend le retour des trains de nuit,<br \/>\n&#8211; au sein du Collectif \u00ab\u00a0<a href=\"https:\/\/ouiautraindenuit.wordpress.com\/\">Oui au Train de Nuit<\/a>\u00a0\u00bb<br \/>\n&#8211; au sein du Collectif de d\u00e9fense pour le retour de la <a href=\"http:\/\/usagers-transports.haut-allier.eu\/?ligne-clermont-ferrand-thiers-boen,695\">Transversale ferroviaire Clermont Thiers St-Etienne Lyon<\/a><br \/>\n&#8211; au sein du forum europ\u00e9en \u00ab\u00a0<a href=\"http:\/\/www.fph.ch\/bdf_partenaire-136_fr.html\">Tous en train<\/a>\u00a0\u00bb initi\u00e9 par la Fondation Charles L\u00e9opold Meyer pour le Progr\u00e8s de l&rsquo;Homme.<br \/>\n&nbsp;<br \/>\nEn panne dans une gare du massif central pour se d\u00e9brouiller sans guichets voire sans panneau d&rsquo;affichage les seuls canaux d&rsquo;informations sont :<br \/>\n&nbsp;<br \/>\n&#8211; Pour la confirmation de vos horaires, les retards et suppressions \u00e9ventuels ils sont signal\u00e9s sur ce site \u00e0 la chronique <a href=\"https:\/\/www.ter.sncf.com\/occitanie\/gares\/recherche\/pratique\"><strong>Prochains d\u00e9parts<\/strong><\/a> ou encore mieux le nouveau <a href=\"https:\/\/www.sncf.com\/fr\/itineraire-reservation\/horaires\"><strong>site de la SNCF<\/strong><\/a> enfin pratique et compatible smartphones.<br \/>\n&#8211; Pour planifier et acheter un billet en d\u00e9sert rural pas d&rsquo;autres moyens que le site web <a href=\"https:\/\/sncf-connect.com\/\"><strong>sncf-connect<\/strong><\/a> pour tous les trajets, trajets \u00e0 un euro compris, ou le <a href=\"https:\/\/www.ter.sncf.com\"><strong>site TER<\/strong><\/a> pour ce qui concerne un voyage de bout en bout en TER.<br \/>\n&#8211; Evitez d&rsquo;installer l&rsquo;application SNCF Connect encore moins performante que l&rsquo;ancienne bouse de Voyages SNCF. D\u00e9cid\u00e9ment en France on ne sait pas faire.<br \/>\n&#8211; Pour les horaires, les trajets, les cartes, les arr\u00eats interm\u00e9diaires, l&rsquo;affichage de toutes les correspondances et la clart\u00e9 vous pouvez aussi utiliser l&rsquo;excellent site de <a href=\"https:\/\/www.bahn.com\/fr\/view\/index.shtml\"><strong>DB France<\/strong><\/a><br \/>\n&nbsp;<br \/>\nVous pouvez donner votre avis et faire remonter les probl\u00e8mes des TER Auvergne Rh\u00f4ne Alpes (les bleus) sur ce site de la r\u00e9gion, <a href=\"https:\/\/www.laregionvoustransporte.fr\/contenus\/la-concertation\"><em>page \u00ab\u00a0Concertation\u00a0\u00bb<\/em><\/a>.<br \/>\n&nbsp;<br \/>\nN&rsquo;oubliez pas que tous les sites SNCF n&rsquo;affichent pas les trajets comportant plus de 2 correspondances. N&rsquo;h\u00e9sitez pas \u00e0 utiliser le site de la DB, <a href=\"https:\/\/www.bahn.com\/fr\/view\/index.shtml\"><strong>en fran\u00e7ais<\/strong><\/a> ou le site <a href=\"https:\/\/montrain.com\"><strong>montrain.com<\/strong><\/a> pour connaitre les vraies possibilit\u00e9s pour votre voyage. M\u00eame les agents SNCF l&rsquo;utilisent. Puis reportez vous de pr\u00e9f\u00e9rence sur le site web SNCF Connect pour acheter vos billets.<br \/>\n&nbsp;<br \/>\n<strong>Continuons d&rsquo;ailleurs \u00e0 signer <a href=\"http:\/\/chng.it\/dMVGYxbb\"><strong>notre p\u00e9tition<\/strong><\/a> pour des tickets ouverts non limit\u00e9s \u00e0 2 changements. On a besoin de vous.<\/strong><br \/>\n&nbsp;<br \/>\nVous pouvez aussi questionner la SNCF AURA et Occitanie sur Twitter \u00e0 @TER_Occitanie ou @SNCFTERAURA. Sauf le samedi et le dimanche pour AuRA.<br \/>\n&nbsp;<br \/>\nPour raconter vos mauvaises et vos bonnes exp\u00e9riences, un message, nous ferons remonter : notre <a href=\"mailto:usagers-transports@haut-allier.eu\"><strong>mail<\/strong><\/a> <\/p>\n<p><\/font><\/p>\n","protected":false},"excerpt":{"rendered":"<p>Depuis quelques jours les circulations ont repris sur la ligne des C\u00e9vennes apr\u00e8s 5 mois de coupure. Les<\/p>\n","protected":false},"author":1,"featured_media":6052,"comment_status":"open","ping_status":"open","sticky":false,"template":"","format":"standard","meta":{"footnotes":""},"categories":[11],"tags":[],"class_list":["post-6053","post","type-post","status-publish","format-standard","has-post-thumbnail","hentry","category-infos-breves"],"_links":{"self":[{"href":"https:\/\/usagers-transports.haut-allier.eu\/index.php\/wp-json\/wp\/v2\/posts\/6053","targetHints":{"allow":["GET"]}}],"collection":[{"href":"https:\/\/usagers-transports.haut-allier.eu\/index.php\/wp-json\/wp\/v2\/posts"}],"about":[{"href":"https:\/\/usagers-transports.haut-allier.eu\/index.php\/wp-json\/wp\/v2\/types\/post"}],"author":[{"embeddable":true,"href":"https:\/\/usagers-transports.haut-allier.eu\/index.php\/wp-json\/wp\/v2\/users\/1"}],"replies":[{"embeddable":true,"href":"https:\/\/usagers-transports.haut-allier.eu\/index.php\/wp-json\/wp\/v2\/comments?post=6053"}],"version-history":[{"count":0,"href":"https:\/\/usagers-transports.haut-allier.eu\/index.php\/wp-json\/wp\/v2\/posts\/6053\/revisions"}],"wp:featuredmedia":[{"embeddable":true,"href":"https:\/\/usagers-transports.haut-allier.eu\/index.php\/wp-json\/wp\/v2\/media\/6052"}],"wp:attachment":[{"href":"https:\/\/usagers-transports.haut-allier.eu\/index.php\/wp-json\/wp\/v2\/media?parent=6053"}],"wp:term":[{"taxonomy":"category","embeddable":true,"href":"https:\/\/usagers-transports.haut-allier.eu\/index.php\/wp-json\/wp\/v2\/categories?post=6053"},{"taxonomy":"post_tag","embeddable":true,"href":"https:\/\/usagers-transports.haut-allier.eu\/index.php\/wp-json\/wp\/v2\/tags?post=6053"}],"curies":[{"name":"wp","href":"https:\/\/api.w.org\/{rel}","templated":true}]}}