{"id":606,"date":"2019-07-05T11:14:51","date_gmt":"2019-07-05T09:14:51","guid":{"rendered":"http:\/\/5.45.101.177\/haut-allier\/usagers-transportse\/index.php\/2019\/07\/05\/gares-sncf-pepy-ferme-les-guichets606\/"},"modified":"2026-09-01T15:55:28","modified_gmt":"2026-09-01T13:55:28","slug":"gares-sncf-pepy-ferme-les-guichets606","status":"publish","type":"post","link":"https:\/\/usagers-transports.haut-allier.eu\/index.php\/2019\/07\/05\/gares-sncf-pepy-ferme-les-guichets606\/","title":{"rendered":"Gares SNCF : P\u00e9py ferme les guichets avant de partir"},"content":{"rendered":"Que Choisir vient de publier un billet d&rsquo;humeur au sujet de la fermeture <em>\u00e0 grande vitesse<\/em> des guichets de gare en France.\n&nbsp;\nOn ne peut que d\u00e9guster tant le bonhomme aura fait du mal au r\u00e9seau ferr\u00e9 du pays durant son r\u00e8gne.\n&nbsp;\n(Cliquer pour voir le PDF)\n&nbsp;\n<a href=\"http:\/\/5.45.101.177\/haut-allier\/usagers-transportse\/wp-content\/uploads\/2019\/07\/image2019-07-01-094054.pdf\">image2019-07-01-094054.pdf<\/a>\n&nbsp;\n<em>[Veille : Guy d&rsquo;Arripe]<\/em><p>&nbsp;<\/p>\n\n\t<figure class=\"wp-block-gallery columns-1 is-cropped wp-block-gallery-1 is-layout-flex wp-block-gallery-is-layout-flex\">\n\t\t<ul class=\"blocks-gallery-grid\">\n\t\t\t<li class=\"blocks-gallery-item\">\n\t\t\t\t<figure>\n\t\t\t\t\t\t\t\t\t\t\t<img loading=\"lazy\" decoding=\"async\" width=\"854\" height=\"480\" src=\"http:\/\/5.45.101.177\/haut-allier\/usagers-transportse\/wp-content\/uploads\/2019\/07\/10071-170729142012604-0-854x480.jpg\"\n\t\t\t\t\t\t alt=\"10071-170729142012604-0-854x480.jpg\"\n\t\t\t\t\t\t data-id=\"2704\"\n\t\t\t\t\t\t data-full-url=\"http:\/\/5.45.101.177\/haut-allier\/usagers-transportse\/wp-content\/uploads\/2019\/07\/10071-170729142012604-0-854x480.jpg\"\n\t\t\t\t\t\t data-link=\"http:\/\/5.45.101.177\/haut-allier\/usagers-transportse\/attachment-10071-170729142012604-0-854x480-jpg\/\"\n\t\t\t\t\t\t class=\"wp-image-2704\" srcset=\"https:\/\/usagers-transports.haut-allier.eu\/wp-content\/uploads\/2019\/07\/10071-170729142012604-0-854x480.jpg 854w, https:\/\/usagers-transports.haut-allier.eu\/wp-content\/uploads\/2019\/07\/10071-170729142012604-0-854x480-300x169.jpg 300w, https:\/\/usagers-transports.haut-allier.eu\/wp-content\/uploads\/2019\/07\/10071-170729142012604-0-854x480-768x432.jpg 768w\" sizes=\"auto, (max-width: 854px) 100vw, 854px\" \/>\n\t\t\t\t<\/figure>\n\t\t\t<\/li>\n\t\t<\/ul>\n\t<\/figure>\n","protected":false},"excerpt":{"rendered":"<p>Que Choisir vient de publier un billet d&rsquo;humeur au sujet de la fermeture \u00e0 grande vitesse des guichets<\/p>\n","protected":false},"author":1,"featured_media":2702,"comment_status":"open","ping_status":"open","sticky":false,"template":"","format":"standard","meta":{"footnotes":""},"categories":[2],"tags":[],"class_list":["post-606","post","type-post","status-publish","format-standard","has-post-thumbnail","hentry","category-infos"],"_links":{"self":[{"href":"https:\/\/usagers-transports.haut-allier.eu\/index.php\/wp-json\/wp\/v2\/posts\/606","targetHints":{"allow":["GET"]}}],"collection":[{"href":"https:\/\/usagers-transports.haut-allier.eu\/index.php\/wp-json\/wp\/v2\/posts"}],"about":[{"href":"https:\/\/usagers-transports.haut-allier.eu\/index.php\/wp-json\/wp\/v2\/types\/post"}],"author":[{"embeddable":true,"href":"https:\/\/usagers-transports.haut-allier.eu\/index.php\/wp-json\/wp\/v2\/users\/1"}],"replies":[{"embeddable":true,"href":"https:\/\/usagers-transports.haut-allier.eu\/index.php\/wp-json\/wp\/v2\/comments?post=606"}],"version-history":[{"count":1,"href":"https:\/\/usagers-transports.haut-allier.eu\/index.php\/wp-json\/wp\/v2\/posts\/606\/revisions"}],"predecessor-version":[{"id":2705,"href":"https:\/\/usagers-transports.haut-allier.eu\/index.php\/wp-json\/wp\/v2\/posts\/606\/revisions\/2705"}],"wp:featuredmedia":[{"embeddable":true,"href":"https:\/\/usagers-transports.haut-allier.eu\/index.php\/wp-json\/wp\/v2\/media\/2702"}],"wp:attachment":[{"href":"https:\/\/usagers-transports.haut-allier.eu\/index.php\/wp-json\/wp\/v2\/media?parent=606"}],"wp:term":[{"taxonomy":"category","embeddable":true,"href":"https:\/\/usagers-transports.haut-allier.eu\/index.php\/wp-json\/wp\/v2\/categories?post=606"},{"taxonomy":"post_tag","embeddable":true,"href":"https:\/\/usagers-transports.haut-allier.eu\/index.php\/wp-json\/wp\/v2\/tags?post=606"}],"curies":[{"name":"wp","href":"https:\/\/api.w.org\/{rel}","templated":true}]}}