{"id":607,"date":"2019-07-08T14:11:54","date_gmt":"2019-07-08T12:11:54","guid":{"rendered":"http:\/\/5.45.101.177\/haut-allier\/usagers-transportse\/index.php\/2019\/07\/08\/ligne-du-train-cevenol-le-train-du607\/"},"modified":"2026-09-01T15:55:28","modified_gmt":"2026-09-01T13:55:28","slug":"ligne-du-train-cevenol-le-train-du607","status":"publish","type":"post","link":"https:\/\/usagers-transports.haut-allier.eu\/index.php\/2019\/07\/08\/ligne-du-train-cevenol-le-train-du607\/","title":{"rendered":"Ligne du train C\u00e9venol : le \u00ab\u00a0Train du terroir\u00a0\u00bb du Club de la grande vitesse ferroviaire"},"content":{"rendered":"Un parcours N\u00eemes &#8211; La Bastide Saint-Laurent les Bains \u00e9tait propos\u00e9 par l&rsquo;association de N\u00eemes pr\u00e9sid\u00e9e par Augustin Burgarella, ancien conducteur de TGV, \u00e0 une centaine de voyageurs d\u00e9sireux de d\u00e9couvrir la ligne sur sa partie C\u00e9vennes, son versant sud. Il leur \u00e9tait propos\u00e9 des paniers de produits locaux \u00e0 commander en association avec l&rsquo;ESAT (Etablissements et services d&rsquo;aide par le travail) des Bons produits de la C\u00e9zarenque, install\u00e9e \u00e0 Concoules, dans le haut Gard. Les voyageurs r\u00e9cup\u00e9raient les produits sur le chemin du retour.\n&nbsp;\nUne halte \u00e0 Al\u00e8s le matin leur permettait d&rsquo;\u00e9couter les discours des repr\u00e9sentants de la collectivit\u00e9, qui ne faisaient pourtant pas partie du voyage.\n&nbsp;\nJean-Luc Gibelin lui, en faisait partie, et en tant que vice-pr\u00e9sident de la r\u00e9gion occitanie charg\u00e9 des transports, une fois arriv\u00e9 \u00e0 destination, et apr\u00e8s le discours d&rsquo;accueil du maire, il nous rappela les actions volontaristes de sa r\u00e9gion pour la ligne des C\u00e9vennes ainsi que son implication dans les futures c\u00e9l\u00e9brations de son cent-cinquantenaire en 2020.\n&nbsp;\nVoici l&rsquo;essentiel de son intervention capt\u00e9 par nos soins:\n&nbsp;\n<iframe loading=\"lazy\" width=\"568\" height=\"320\" src=\"https:\/\/www.youtube.com\/embed\/7D0ZiirHBr0\" frameborder=\"0\" allow=\"accelerometer; autoplay; encrypted-media; gyroscope; picture-in-picture\" allowfullscreen><\/iframe>\n&nbsp;\nUne salle de la commune accueillait aussi quelques stands dont ceux de l&rsquo;association La R\u00e9gordanne et de l&rsquo;association 2020 : 150 ans de la ligne du train C\u00e9venol tr\u00e8s pr\u00e9sente.\n&nbsp;\nRappel de son <a href=\"http:\/\/150anstraincevenol.info\"><strong>site<\/strong><\/a>.\n&nbsp;\nOn pouvait noter puisqu&rsquo;on parle de pr\u00e9sence, celle de l&rsquo;association des Usagers SNCF du Gard et des d\u00e9partements limitrophes, celle de l&rsquo;AP2008, celle des Elus pour la d\u00e9fense de la ligne, celle de Michel Chevalet ancien pr\u00e9sentateur \u00e0 TF1 et nous en oublions.\n&nbsp;\nCi-dessous l&rsquo;excellent reportage de Midi Libre avec deux vid\u00e9os :\n&nbsp;<a href=\"https:\/\/www.midilibre.fr\/2019\/07\/07\/cevennes-une-remontee-dans-le-temps-avec-un-autorail-des-annees-60,8300816.php\">\n<em> <strong>C\u00e9vennes : une remont\u00e9e dans le temps avec un autorail des ann\u00e9es 60<\/strong> <\/em><\/a>\n<p>&nbsp;<\/p>\n\n\t<figure class=\"wp-block-gallery columns-1 is-cropped wp-block-gallery-1 is-layout-flex wp-block-gallery-is-layout-flex\">\n\t\t<ul class=\"blocks-gallery-grid\">\n\t\t\t<li class=\"blocks-gallery-item\">\n\t\t\t\t<figure>\n\t\t\t\t\t\t\t\t\t\t\t<img loading=\"lazy\" decoding=\"async\" width=\"1050\" height=\"787\" src=\"http:\/\/5.45.101.177\/haut-allier\/usagers-transportse\/wp-content\/uploads\/2019\/07\/img_20190706_121146p.jpg\"\n\t\t\t\t\t\t alt=\"img_20190706_121146p.jpg\"\n\t\t\t\t\t\t data-id=\"2707\"\n\t\t\t\t\t\t data-full-url=\"http:\/\/5.45.101.177\/haut-allier\/usagers-transportse\/wp-content\/uploads\/2019\/07\/img_20190706_121146p.jpg\"\n\t\t\t\t\t\t data-link=\"http:\/\/5.45.101.177\/haut-allier\/usagers-transportse\/attachment-img_20190706_121146p-jpg\/\"\n\t\t\t\t\t\t class=\"wp-image-2707\" srcset=\"https:\/\/usagers-transports.haut-allier.eu\/wp-content\/uploads\/2019\/07\/img_20190706_121146p.jpg 1050w, https:\/\/usagers-transports.haut-allier.eu\/wp-content\/uploads\/2019\/07\/img_20190706_121146p-300x225.jpg 300w, https:\/\/usagers-transports.haut-allier.eu\/wp-content\/uploads\/2019\/07\/img_20190706_121146p-1024x768.jpg 1024w, https:\/\/usagers-transports.haut-allier.eu\/wp-content\/uploads\/2019\/07\/img_20190706_121146p-768x576.jpg 768w\" sizes=\"auto, (max-width: 1050px) 100vw, 1050px\" \/>\n\t\t\t\t<\/figure>\n\t\t\t<\/li>\n\t\t<\/ul>\n\t<\/figure>\n","protected":false},"excerpt":{"rendered":"<p>Un parcours N\u00eemes &#8211; La Bastide Saint-Laurent les Bains \u00e9tait propos\u00e9 par l&rsquo;association de N\u00eemes pr\u00e9sid\u00e9e par Augustin<\/p>\n","protected":false},"author":1,"featured_media":2706,"comment_status":"open","ping_status":"open","sticky":false,"template":"","format":"standard","meta":{"footnotes":""},"categories":[3],"tags":[],"class_list":["post-607","post","type-post","status-publish","format-standard","has-post-thumbnail","hentry","category-en-train"],"_links":{"self":[{"href":"https:\/\/usagers-transports.haut-allier.eu\/index.php\/wp-json\/wp\/v2\/posts\/607","targetHints":{"allow":["GET"]}}],"collection":[{"href":"https:\/\/usagers-transports.haut-allier.eu\/index.php\/wp-json\/wp\/v2\/posts"}],"about":[{"href":"https:\/\/usagers-transports.haut-allier.eu\/index.php\/wp-json\/wp\/v2\/types\/post"}],"author":[{"embeddable":true,"href":"https:\/\/usagers-transports.haut-allier.eu\/index.php\/wp-json\/wp\/v2\/users\/1"}],"replies":[{"embeddable":true,"href":"https:\/\/usagers-transports.haut-allier.eu\/index.php\/wp-json\/wp\/v2\/comments?post=607"}],"version-history":[{"count":1,"href":"https:\/\/usagers-transports.haut-allier.eu\/index.php\/wp-json\/wp\/v2\/posts\/607\/revisions"}],"predecessor-version":[{"id":2708,"href":"https:\/\/usagers-transports.haut-allier.eu\/index.php\/wp-json\/wp\/v2\/posts\/607\/revisions\/2708"}],"wp:featuredmedia":[{"embeddable":true,"href":"https:\/\/usagers-transports.haut-allier.eu\/index.php\/wp-json\/wp\/v2\/media\/2706"}],"wp:attachment":[{"href":"https:\/\/usagers-transports.haut-allier.eu\/index.php\/wp-json\/wp\/v2\/media?parent=607"}],"wp:term":[{"taxonomy":"category","embeddable":true,"href":"https:\/\/usagers-transports.haut-allier.eu\/index.php\/wp-json\/wp\/v2\/categories?post=607"},{"taxonomy":"post_tag","embeddable":true,"href":"https:\/\/usagers-transports.haut-allier.eu\/index.php\/wp-json\/wp\/v2\/tags?post=607"}],"curies":[{"name":"wp","href":"https:\/\/api.w.org\/{rel}","templated":true}]}}