{"id":608,"date":"2019-07-10T12:42:49","date_gmt":"2019-07-10T10:42:49","guid":{"rendered":"http:\/\/5.45.101.177\/haut-allier\/usagers-transportse\/index.php\/2019\/07\/10\/las-des-aleas-des-trains-sncf-les608\/"},"modified":"2019-07-10T12:42:49","modified_gmt":"2019-07-10T10:42:49","slug":"las-des-aleas-des-trains-sncf-les608","status":"publish","type":"post","link":"https:\/\/usagers-transports.haut-allier.eu\/index.php\/2019\/07\/10\/las-des-aleas-des-trains-sncf-les608\/","title":{"rendered":"Las des al\u00e9as des trains SNCF : les usagers du Tarn prennent le bus !"},"content":{"rendered":"<p>85% de hausse de fr\u00e9quentation en un an pour les lignes de bus LIO du conseil r\u00e9gional d&rsquo;Occitanie reliant Castres \u00e0 Toulouse ! Et pourtant la liaison ferroviaire SNCF existe avec de nombreux trains, jusqu&rsquo;\u00e0 un tous les quarts d&rsquo;heure.<br \/>\n&nbsp;<br \/>\nLe d\u00e9samour est d\u00e9sormais profond entre la SNCF et ses usagers comme l&rsquo;indique cet article du Monde du mardi 9 juillet :<br \/>\n&nbsp;<br \/>\n<em>\u00ab\u00a0Entre la SNCF et ses usagers, \u00e7a d\u00e9raille\u00a0\u00bb<\/em><br \/>\n&nbsp;<br \/>\n<a href=\"http:\/\/5.45.101.177\/haut-allier\/usagers-transportse\/wp-content\/uploads\/2019\/07\/caderaille.pdf\">caderaille.pdf<\/a><br \/>\n&nbsp;<br \/>\nEt sur <strong>France Bleu Toulouse<\/strong> ce matin dans le journal de 8 heures, un usager typique du train le critique :<br \/>\n&nbsp;<\/p>\n<p>[(<br \/>\nOn les prend de plus en plus ces bus LIO d\u00e9velopp\u00e9s par la r\u00e9gion Occitanie. Rapides, parfois plus ponctuels que les trains. Deux nouvelles lignes \u00e0 2 euros seront lanc\u00e9s \u00e0 la rentr\u00e9e sur Graulhet Toulouse et Albi Montauban. Un changement largement encourag\u00e9 par le succ\u00e8s de la ligne Castres Toulouse qui en un an enregistre un bond de 87\u00a0% de fr\u00e9quentation. 17 AR par jour avec LIO c\u2019est forc\u00e9ment une grosse concurrence pour la ligne SNCF que Richard, abonn\u00e9 depuis dix ans, d\u00e9serte de plus en plus.<br \/>\n&nbsp;<br \/>\n<strong>\u00ab\u00a0C\u2019est vrai qu\u2019il y a souvent des trains supprim\u00e9s, sans trop savoir pourquoi ou avec des excuses, on va dire, al\u00e9atoires. Ensuite la fr\u00e9quence&#8230; il y a des cr\u00e9neaux o\u00f9 il y a des trains tous les quarts d\u2019heure et puis d\u2019un seul coup si on n\u2019est pas dans les bons cr\u00e9neaux et bien faut attendre plus d\u2019une heure pour avoir un deuxi\u00e8me. Donc la r\u00e9partition n\u2019est pas top non plus. Je suis abonn\u00e9 depuis plusieurs ann\u00e9es donc&#8230; une dizaine d\u2019ann\u00e9es \u00e0 peu pr\u00e8s&#8230;\u00a0\u00bb<\/strong><br \/>\n&nbsp;<br \/>\nEt au fil des ann\u00e9es \u00e7a s\u2019est&#8230; \u00e7a a \u00e9volu\u00e9\u00a0?<br \/>\n&nbsp;<br \/>\n<strong>\u00ab\u00a0Pas forc\u00e9ment dans le bon sens. \u00c0 part le mat\u00e9riel effectivement qu\u2019ils ont chang\u00e9. \u00c7a&#8230; ok. Mais pour le reste, l\u2019attente en gare&#8230; maintenant ils ferment de plus en plus les guichets&#8230; dans des heures o\u00f9 normalement si on veut renouveler son abonnement le matin en prenant notre train il y a plus personne maintenant. Et si on termine tard le soir et bien c\u2019est ferm\u00e9 aussi. Donc c\u2019est pratique\u00a0!\u00a0\u00bb<\/strong><br \/>\n&nbsp;<br \/>\nEt ces nouveaux tarifs uniques \u00e0 2 euros sur les bus LIO de la r\u00e9gion entreront en vigueur au 1er septembre dans le Tarn et ailleurs. On ne sait pas encore sur quelles lignes exactement.<br \/>\n)]<\/p>\n<p>&nbsp;<br \/>\n<img loading=\"lazy\" decoding=\"async\" class=\" aligncenter size-full wp-image-2711\" src=\"http:\/\/5.45.101.177\/haut-allier\/usagers-transportse\/wp-content\/uploads\/2019\/07\/quai_de_la_gare_sncf_castres.jpg\" alt=\"quai_de_la_gare_sncf_castres.jpg\" align=\"center\" width=\"1000\" height=\"750\" srcset=\"https:\/\/usagers-transports.haut-allier.eu\/wp-content\/uploads\/2019\/07\/quai_de_la_gare_sncf_castres.jpg 1000w, https:\/\/usagers-transports.haut-allier.eu\/wp-content\/uploads\/2019\/07\/quai_de_la_gare_sncf_castres-300x225.jpg 300w, https:\/\/usagers-transports.haut-allier.eu\/wp-content\/uploads\/2019\/07\/quai_de_la_gare_sncf_castres-768x576.jpg 768w\" sizes=\"auto, (max-width: 1000px) 100vw, 1000px\" \/><br \/>\n&nbsp;<br \/>\nEt ce n&rsquo;est pas tout :<br \/>\n&nbsp;<br \/>\nSur Marianne : <a href=\"https:\/\/www.marianne.net\/economie\/sncf-penurie-de-billets-amendes-abusives-les-abonnes-tgvmax-crient-l-escroquerie\"><em>SNCF &#8211; p\u00e9nurie de billets, amendes abusives&#8230; les abonn\u00e9s TGVmax pas \u00ab\u00a0happy\u00a0\u00bb du tout<\/em><\/a><br \/>\n&nbsp;<br \/>\nP\u00e9py, le fossoyeur du train en  France, du vent !!! Et plus vite que \u00e7a.<\/p>\n","protected":false},"excerpt":{"rendered":"<p>85% de hausse de fr\u00e9quentation en un an pour les lignes de bus LIO du conseil r\u00e9gional d&rsquo;Occitanie<\/p>\n","protected":false},"author":1,"featured_media":2709,"comment_status":"open","ping_status":"open","sticky":false,"template":"","format":"standard","meta":{"footnotes":""},"categories":[3],"tags":[],"class_list":["post-608","post","type-post","status-publish","format-standard","has-post-thumbnail","hentry","category-en-train"],"_links":{"self":[{"href":"https:\/\/usagers-transports.haut-allier.eu\/index.php\/wp-json\/wp\/v2\/posts\/608","targetHints":{"allow":["GET"]}}],"collection":[{"href":"https:\/\/usagers-transports.haut-allier.eu\/index.php\/wp-json\/wp\/v2\/posts"}],"about":[{"href":"https:\/\/usagers-transports.haut-allier.eu\/index.php\/wp-json\/wp\/v2\/types\/post"}],"author":[{"embeddable":true,"href":"https:\/\/usagers-transports.haut-allier.eu\/index.php\/wp-json\/wp\/v2\/users\/1"}],"replies":[{"embeddable":true,"href":"https:\/\/usagers-transports.haut-allier.eu\/index.php\/wp-json\/wp\/v2\/comments?post=608"}],"version-history":[{"count":0,"href":"https:\/\/usagers-transports.haut-allier.eu\/index.php\/wp-json\/wp\/v2\/posts\/608\/revisions"}],"wp:featuredmedia":[{"embeddable":true,"href":"https:\/\/usagers-transports.haut-allier.eu\/index.php\/wp-json\/wp\/v2\/media\/2709"}],"wp:attachment":[{"href":"https:\/\/usagers-transports.haut-allier.eu\/index.php\/wp-json\/wp\/v2\/media?parent=608"}],"wp:term":[{"taxonomy":"category","embeddable":true,"href":"https:\/\/usagers-transports.haut-allier.eu\/index.php\/wp-json\/wp\/v2\/categories?post=608"},{"taxonomy":"post_tag","embeddable":true,"href":"https:\/\/usagers-transports.haut-allier.eu\/index.php\/wp-json\/wp\/v2\/tags?post=608"}],"curies":[{"name":"wp","href":"https:\/\/api.w.org\/{rel}","templated":true}]}}