{"id":6080,"date":"2025-07-01T06:48:34","date_gmt":"2025-07-01T04:48:34","guid":{"rendered":"http:\/\/5.45.101.177\/haut-allier\/usagers-transportse\/index.php\/2025\/07\/01\/juillet-2025091\/"},"modified":"2025-07-01T06:48:34","modified_gmt":"2025-07-01T04:48:34","slug":"juillet-2025091","status":"publish","type":"post","link":"https:\/\/usagers-transports.haut-allier.eu\/index.php\/2025\/07\/01\/juillet-2025091\/","title":{"rendered":"JUILLET 2025"},"content":{"rendered":"<p><font face=\"Arial, Helvetica\" size=-1 ><br \/>\nNous serons auditionn\u00e9 le 4 juillet tel que nous l&rsquo;avons demand\u00e9, par Dominique Bussereau, pr\u00e9sident d&rsquo;Ambition France Transports, la conf\u00e9rence sur le financement des mobilit\u00e9s qui se termine fin juillet.<br \/>\n&nbsp;<br \/>\nRappel :<br \/>\n&#8211; Le colloque \u00e0 l&rsquo;Assembl\u00e9e nationale le 16 octobre au matin o\u00f9 nous parlerons de l&rsquo;avenir des trains nocturnes en France avec la pr\u00e9sence confirm\u00e9e du Ministre des transports en compagnie de Destination Trains de nuit.<br \/>\n&#8211; En octobre aussi les 3 et 4 nous participerons \u00e0 Grenoble au si\u00e8ge de la m\u00e9tropole, avec le <a href=\"https:\/\/reseauentrain.eu\"><em>R\u00e9seau europ\u00e9en #enTrain<\/em><\/a>, le <a href=\"https:\/\/etoileferroviairedeveynes.info\/\"><em>Collectif ferroviaire de l&rsquo;Etoile de Veynes<\/em><\/a> et le <a href=\"https:\/\/aurail.eu\"><em>Collectif AuRAil<\/em><\/a> au Forum r\u00e9gional et au S\u00e9minaire national \u00ab\u00a0Toujours en train pour nos territoires alpins\u00a0\u00bb. Plus de pr\u00e9cisions bient\u00f4t.<br \/>\n&nbsp;<br \/>\nNous pr\u00f4nons un changement radical de politique concernant le transport ferroviaire, c&rsquo;est indispensable pour la mobilit\u00e9 des citoyens :<br \/>\n&nbsp;<br \/>\n<strong><br \/>\n&#8211; Arr\u00eat des subventions aux compagnies a\u00e9riennes,<br \/>\n&#8211; Taxation du k\u00e9ros\u00e8ne,<br \/>\n&#8211; Interdiction des liaisons a\u00e9riennes de moins de 300 km lorsqu&rsquo;une ligne ferroviaire existe,<br \/>\n&#8211; R\u00e9tablissement du financement par l&rsquo;\u00e9tat de l&rsquo;ensemble du r\u00e9seau ferr\u00e9 national avec obligation de r\u00e9sultats,<br \/>\n&#8211; Cr\u00e9ation d&rsquo;une agence de coordination au niveau national voire europ\u00e9en des tarifs de billets et de gestion des sillons ferroviaires, avec obligation des correspondances multimodales, trains, bus, etc. pour assurer \u00e0 l&rsquo;usager la fourniture de tous les \u00e9l\u00e9ments permettant de voyager, quelque soit le transporteur, quelque soit le mode, quelque soit le pays,<br \/>\n&#8211; Am\u00e9nagement de places de v\u00e9los suffisantes \u00e0 bord de tous les trains,<br \/>\n&#8211; Installation du cadencement des trains sur tout le r\u00e9seau sur une large plage horaires, 6h &#8211; 01h en semaine et plus le week-end,<br \/>\n&#8211; Inscription dans la loi de l&rsquo;obligation d&rsquo;une desserte ferroviaire interconnect\u00e9e de toutes les communes de plus de 5 000 \u00e2mes avec objectif 3000,<br \/>\n&#8211; Installation syst\u00e9matique et obligatoire de lignes de trains de nuit entre les r\u00e9gions, Paris et l&rsquo;Europe, pour la desserte des territoires \u00e9loign\u00e9s des lignes LGV, dans le cadre de l&rsquo;\u00e9galit\u00e9 de traitement, de l&rsquo;\u00e9quilibre du pays,<br \/>\n&#8211; Am\u00e9lioration de la fiabilit\u00e9, retards et annulations,<br \/>\n&#8211; Instauration de d\u00e9dommagements cr\u00e9dibles pour les voyageurs en cas d&rsquo;al\u00e9as,<br \/>\n&#8211; Am\u00e9lioration nette du comportement de certains contr\u00f4leurs envers les voyageurs, avec la suppression de l&rsquo;int\u00e9ressement sur les infractions, voire suppression pure et simple du contr\u00f4le par ces agents,<br \/>\n&#8211; Suppression des barri\u00e8res ferm\u00e9es dans certaines gares pour l&rsquo;acc\u00e8s aux quais,<br \/>\n&#8211; Inscription dans le marbre de l&rsquo;acc\u00e8s libre aux TER sans r\u00e9servation obligatoire,<br \/>\n&#8211; D\u00e9digitalisation de la billeterie et r\u00e9tablissement des autres proc\u00e9d\u00e9s de vente,<br \/>\n&#8211; D\u00e9personnalisation des billets vendus,<br \/>\n&#8211; Validit\u00e9 d&rsquo;un billet pour un \u00e0 deux mois avec possibilit\u00e9 d&rsquo;interrompre son trajet autant de fois que besoin&#8230;<br \/>\n&#8211; Etc. etc.<br \/>\n<\/strong><br \/>\n&nbsp;<br \/>\nLa liste est longue.<br \/>\n&nbsp;<br \/>\nDes pr\u00e9cisions sur <a href=\"http:\/\/usagers-transports.haut-allier.eu\/?c-est-nous,945\"><em>qui nous sommes et ce que nous revendiquons<\/em><\/a>.<br \/>\n&nbsp;<br \/>\nFaire conna\u00eetre la ligne des C\u00e9vennes, que m\u00eame les habitants de l&rsquo;est de la Haute-Loire ignorent, ou que les guichets SNCF restants eux m\u00eames d\u00e9conseillent aux usagers : il faut conseiller le train comme un moyen de transport de plus en plus fiable (enfin on essaie d&rsquo;y travailler) dans le Massif central.<br \/>\n&nbsp;<br \/>\nNotre collectif est actif au niveau r\u00e9gional mais \u00e9galement au niveau national et international :<br \/>\n&#8211; au sein de <a href=\"https:\/\/destinationtrainsdenuit.eu\"><em>Destination Trains de nuit<\/em><\/a>, une association qui d\u00e9fend le retour des trains de nuit,<br \/>\n&#8211; au sein du Collectif \u00ab\u00a0<a href=\"https:\/\/ouiautraindenuit.wordpress.com\/\">Oui au Train de Nuit<\/a>\u00a0\u00bb<br \/>\n&#8211; au sein du Collectif de d\u00e9fense pour le retour de la <a href=\"http:\/\/usagers-transports.haut-allier.eu\/?ligne-clermont-ferrand-thiers-boen,695\">Transversale ferroviaire Clermont Thiers St-Etienne Lyon<\/a><br \/>\n&#8211; au sein du forum europ\u00e9en \u00ab\u00a0<a href=\"http:\/\/www.fph.ch\/bdf_partenaire-136_fr.html\">Tous en train<\/a>\u00a0\u00bb initi\u00e9 par la Fondation Charles L\u00e9opold Meyer pour le Progr\u00e8s de l&rsquo;Homme.<br \/>\n&nbsp;<br \/>\nEn panne dans une gare du massif central pour se d\u00e9brouiller sans guichets voire sans panneau d&rsquo;affichage les seuls canaux d&rsquo;informations sont :<br \/>\n&nbsp;<br \/>\n&#8211; Pour la confirmation de vos horaires, les retards et suppressions \u00e9ventuels ils sont signal\u00e9s sur ce site \u00e0 la chronique <a href=\"https:\/\/www.ter.sncf.com\/occitanie\/gares\/recherche\/pratique\"><strong>Prochains d\u00e9parts<\/strong><\/a> ou encore mieux le nouveau <a href=\"https:\/\/www.sncf.com\/fr\/itineraire-reservation\/horaires\"><strong>site de la SNCF<\/strong><\/a> enfin pratique et compatible smartphones.<br \/>\n&#8211; Pour planifier et acheter un billet en d\u00e9sert rural pas d&rsquo;autres moyens que le site web <a href=\"https:\/\/sncf-connect.com\/\"><strong>sncf-connect<\/strong><\/a> pour tous les trajets, trajets \u00e0 un euro compris, ou le <a href=\"https:\/\/www.ter.sncf.com\"><strong>site TER<\/strong><\/a> pour ce qui concerne un voyage de bout en bout en TER.<br \/>\n&#8211; Evitez d&rsquo;installer l&rsquo;application SNCF Connect encore moins performante que l&rsquo;ancienne bouse de Voyages SNCF. D\u00e9cid\u00e9ment en France on ne sait pas faire.<br \/>\n&#8211; Pour les horaires, les trajets, les cartes, les arr\u00eats interm\u00e9diaires, l&rsquo;affichage de toutes les correspondances et la clart\u00e9 vous pouvez aussi utiliser l&rsquo;excellent site de <a href=\"https:\/\/www.bahn.com\/fr\/view\/index.shtml\"><strong>DB France<\/strong><\/a><br \/>\n&nbsp;<br \/>\nVous pouvez donner votre avis et faire remonter les probl\u00e8mes des TER Auvergne Rh\u00f4ne Alpes (les bleus) sur ce site de la r\u00e9gion, <a href=\"https:\/\/www.laregionvoustransporte.fr\/contenus\/la-concertation\"><em>page \u00ab\u00a0Concertation\u00a0\u00bb<\/em><\/a>.<br \/>\n&nbsp;<br \/>\nN&rsquo;oubliez pas que tous les sites SNCF n&rsquo;affichent pas les trajets comportant plus de 2 correspondances. N&rsquo;h\u00e9sitez pas \u00e0 utiliser le site de la DB, <a href=\"https:\/\/www.bahn.com\/fr\/view\/index.shtml\"><strong>en fran\u00e7ais<\/strong><\/a> ou le site <a href=\"https:\/\/montrain.com\"><strong>montrain.com<\/strong><\/a> pour connaitre les vraies possibilit\u00e9s pour votre voyage. M\u00eame les agents SNCF l&rsquo;utilisent. Puis reportez vous de pr\u00e9f\u00e9rence sur le site web SNCF Connect pour acheter vos billets.<br \/>\n&nbsp;<br \/>\n<strong>Continuons d&rsquo;ailleurs \u00e0 signer <a href=\"http:\/\/chng.it\/dMVGYxbb\"><strong>notre p\u00e9tition<\/strong><\/a> pour des tickets ouverts non limit\u00e9s \u00e0 2 changements. On a besoin de vous.<\/strong><br \/>\n&nbsp;<br \/>\nVous pouvez aussi questionner la SNCF AURA et Occitanie sur Twitter \u00e0 @TER_Occitanie ou @SNCFTERAURA. Sauf le samedi et le dimanche pour AuRA.<br \/>\n&nbsp;<br \/>\nPour raconter vos mauvaises et vos bonnes exp\u00e9riences, un message, nous ferons remonter : notre <a href=\"mailto:usagers-transports@haut-allier.eu\"><strong>mail<\/strong><\/a> <\/p>\n<p><\/font><\/p>\n","protected":false},"excerpt":{"rendered":"<p>Nous serons auditionn\u00e9 le 4 juillet tel que nous l&rsquo;avons demand\u00e9, par Dominique Bussereau, pr\u00e9sident d&rsquo;Ambition France Transports,<\/p>\n","protected":false},"author":1,"featured_media":6079,"comment_status":"open","ping_status":"open","sticky":false,"template":"","format":"standard","meta":{"footnotes":""},"categories":[11],"tags":[],"class_list":["post-6080","post","type-post","status-publish","format-standard","has-post-thumbnail","hentry","category-infos-breves"],"_links":{"self":[{"href":"https:\/\/usagers-transports.haut-allier.eu\/index.php\/wp-json\/wp\/v2\/posts\/6080","targetHints":{"allow":["GET"]}}],"collection":[{"href":"https:\/\/usagers-transports.haut-allier.eu\/index.php\/wp-json\/wp\/v2\/posts"}],"about":[{"href":"https:\/\/usagers-transports.haut-allier.eu\/index.php\/wp-json\/wp\/v2\/types\/post"}],"author":[{"embeddable":true,"href":"https:\/\/usagers-transports.haut-allier.eu\/index.php\/wp-json\/wp\/v2\/users\/1"}],"replies":[{"embeddable":true,"href":"https:\/\/usagers-transports.haut-allier.eu\/index.php\/wp-json\/wp\/v2\/comments?post=6080"}],"version-history":[{"count":0,"href":"https:\/\/usagers-transports.haut-allier.eu\/index.php\/wp-json\/wp\/v2\/posts\/6080\/revisions"}],"wp:featuredmedia":[{"embeddable":true,"href":"https:\/\/usagers-transports.haut-allier.eu\/index.php\/wp-json\/wp\/v2\/media\/6079"}],"wp:attachment":[{"href":"https:\/\/usagers-transports.haut-allier.eu\/index.php\/wp-json\/wp\/v2\/media?parent=6080"}],"wp:term":[{"taxonomy":"category","embeddable":true,"href":"https:\/\/usagers-transports.haut-allier.eu\/index.php\/wp-json\/wp\/v2\/categories?post=6080"},{"taxonomy":"post_tag","embeddable":true,"href":"https:\/\/usagers-transports.haut-allier.eu\/index.php\/wp-json\/wp\/v2\/tags?post=6080"}],"curies":[{"name":"wp","href":"https:\/\/api.w.org\/{rel}","templated":true}]}}