{"id":6099,"date":"2026-03-01T09:25:35","date_gmt":"2026-03-01T08:25:35","guid":{"rendered":"http:\/\/5.45.101.177\/haut-allier\/usagers-transportse\/index.php\/2026\/03\/01\/mars-2026099\/"},"modified":"2026-09-01T16:13:35","modified_gmt":"2026-09-01T14:13:35","slug":"mars-2026099","status":"publish","type":"post","link":"https:\/\/usagers-transports.haut-allier.eu\/index.php\/2026\/03\/01\/mars-2026099\/","title":{"rendered":"MARS 2026"},"content":{"rendered":"<font size=+1 color=blue>\nLa ligne des C\u00e9vennes est sur le point d&rsquo;\u00eatre abandonn\u00e9e et donc supprim\u00e9e. La ligne des Causses aussi. Nous apprenons que seules trois lignes du massif central seront reclass\u00e9es en lignes structurantes par le pr\u00e9fet Philizot. Si nos lignes ne sont pas choisies, car axes de vie reliant deux r\u00e9gions, mais aux co\u00fbts d&rsquo;entretien et de modernisation \u00e9lev\u00e9s, si l&rsquo;aide des r\u00e9gions s&rsquo;arr\u00eate comme cela a \u00e9t\u00e9 dit et redit pour les infrastructures, si l&rsquo;Etat ne reprend pas en main tout le r\u00e9seau et le finance pour que les r\u00e9gions et Intercit\u00e9s puissent y faire circuler plus de trains, nous allons droit vers la fermeture.    \n&nbsp;\nEt l&rsquo;Etat ne r\u00e9pond plus. L&rsquo;Europe quant \u00e0 elle est pr\u00e9occup\u00e9e en ce moment par le d\u00e9veloppement des lignes \u00e0 grande vitesse \u00e0 l&rsquo;est, Roumanie, Pologne, Tch\u00e9quie, Hongrie&#8230; Aucune aide \u00e0 esp\u00e9rer de ce c\u00f4t\u00e9 l\u00e0.\n&nbsp;\nL&rsquo;Etat ne veut plus consacrer le budget n\u00e9cessaire \u00e0 la mobilit\u00e9 ferroviaire malgr\u00e9 les beaux discours du ministre des transports au r\u00e9cent colloque sur les trains de nuit \u00e0 l&rsquo;Assembl\u00e9e nationale. Il n&rsquo;y a qu&rsquo;\u00e0 constater comment il g\u00e8re, avec SNCF Intercit\u00e9s, les lignes de trains de nuit de ce pays. Destination Trains de nuit fait un relev\u00e9 mensuel : pour janvier dernier 40% des trains supprim\u00e9s, seuls 55% \u00e0 l&rsquo;heure. Et la situation empire jour apr\u00e8s jour. \n&nbsp;\nPlein de petits signes s&rsquo;ajoutent : une draisine d&rsquo;entretien de la ligne des C\u00e9vennes d\u00e9port\u00e9e \u00e0 Aurillac, des transports de substitution d\u00e9sormais inaccessibles pendant les coupures de lignes pour travaux, aucune r\u00e9ponse des services SNCF \u00e0 nos interpellations&#8230; Pr\u00e9parons nous au pire.\n&nbsp; \nQui sommes nous ?\n&nbsp;\nNous pr\u00f4nons un changement radical de politique concernant le transport ferroviaire, c&rsquo;est indispensable pour la mobilit\u00e9 des citoyens :\n&nbsp;\n<strong>\n&#8211; Arr\u00eat des subventions aux compagnies a\u00e9riennes,\n&#8211; Taxation du k\u00e9ros\u00e8ne,\n&#8211; Interdiction des liaisons a\u00e9riennes de moins de 300 km lorsqu&rsquo;une ligne ferroviaire existe,\n&#8211; R\u00e9tablissement du financement par l&rsquo;\u00e9tat de l&rsquo;ensemble du r\u00e9seau ferr\u00e9 national avec obligation de r\u00e9sultats,\n&#8211; Cr\u00e9ation d&rsquo;une agence de coordination au niveau national voire europ\u00e9en des tarifs de billets et de gestion des sillons ferroviaires, avec obligation des correspondances multimodales, trains, bus, etc. pour assurer \u00e0 l&rsquo;usager la fourniture de tous les \u00e9l\u00e9ments permettant de voyager, quelque soit le transporteur, quelque soit le mode, quelque soit le pays,\n&#8211; Am\u00e9nagement de places de v\u00e9los suffisantes \u00e0 bord de tous les trains,\n&#8211; Installation du cadencement des trains sur tout le r\u00e9seau sur une large plage horaires, 6h &#8211; 01h en semaine et plus le week-end,\n&#8211; Inscription dans la loi de l&rsquo;obligation d&rsquo;une desserte ferroviaire interconnect\u00e9e de toutes les communes de plus de 5 000 \u00e2mes avec objectif 3000,\n&#8211; Installation syst\u00e9matique et obligatoire de lignes de trains de nuit entre les r\u00e9gions, Paris et l&rsquo;Europe, pour la desserte des territoires \u00e9loign\u00e9s des lignes LGV, dans le cadre de l&rsquo;\u00e9galit\u00e9 de traitement, de l&rsquo;\u00e9quilibre du pays,  \n&#8211; Am\u00e9lioration de la fiabilit\u00e9, retards et annulations,\n&#8211; Instauration de d\u00e9dommagements cr\u00e9dibles pour les voyageurs en cas d&rsquo;al\u00e9as,\n&#8211; Am\u00e9lioration nette du comportement de certains contr\u00f4leurs envers les voyageurs, avec la suppression de l&rsquo;int\u00e9ressement sur les infractions, voire suppression pure et simple du contr\u00f4le par ces agents,\n&#8211; Suppression des barri\u00e8res ferm\u00e9es dans certaines gares pour l&rsquo;acc\u00e8s aux quais,\n&#8211; Inscription dans le marbre de l&rsquo;acc\u00e8s libre aux TER sans r\u00e9servation obligatoire,\n&#8211; D\u00e9digitalisation de la billeterie et r\u00e9tablissement des autres proc\u00e9d\u00e9s de vente,\n&#8211; D\u00e9personnalisation des billets vendus,\n&#8211; Validit\u00e9 d&rsquo;un billet pour un \u00e0 deux mois avec possibilit\u00e9 d&rsquo;interrompre son trajet autant de fois que besoin&#8230;\n&#8211; Etc. etc.\n<\/strong>\n&nbsp;\nLa liste est longue. \n&nbsp;\nDes pr\u00e9cisions sur <a href=\"http:\/\/usagers-transports.haut-allier.eu\/?c-est-nous,945\"><em>qui nous sommes et ce que nous revendiquons<\/em><\/a>. \n&nbsp;\nFaire conna\u00eetre la ligne des C\u00e9vennes, que m\u00eame les habitants de l&rsquo;est de la Haute-Loire ignorent, ou que les guichets SNCF restants eux m\u00eames d\u00e9conseillent aux usagers : il faut conseiller le train comme un moyen de transport de plus en plus fiable (enfin on essaie d&rsquo;y travailler) dans le Massif central.\n&nbsp;\nNotre collectif est actif au niveau r\u00e9gional mais \u00e9galement au niveau national et international :\n&#8211; au sein de <a href=\"https:\/\/destinationtrainsdenuit.eu\"><em>Destination Trains de nuit<\/em><\/a>, une association qui d\u00e9fend le retour des trains de nuit,\n&#8211; au sein du Collectif \u00ab\u00a0<a href=\"https:\/\/ouiautraindenuit.wordpress.com\/\">Oui au Train de Nuit<\/a>\u00a0\u00bb\n&#8211; au sein du Collectif de d\u00e9fense pour le retour de la <a href=\"http:\/\/usagers-transports.haut-allier.eu\/?ligne-clermont-ferrand-thiers-boen,695\">Transversale ferroviaire Clermont Thiers St-Etienne Lyon<\/a>\n&#8211; au sein du forum europ\u00e9en \u00ab\u00a0<a href=\"http:\/\/www.fph.ch\/bdf_partenaire-136_fr.html\">Tous en train<\/a>\u00a0\u00bb initi\u00e9 par la Fondation Charles L\u00e9opold Meyer pour le Progr\u00e8s de l&rsquo;Homme.\n&nbsp;\nEn panne dans une gare du massif central pour se d\u00e9brouiller sans guichets voire sans panneau d&rsquo;affichage les seuls canaux d&rsquo;informations sont :\n&nbsp;\n&#8211; Pour la confirmation de vos horaires, les retards et suppressions \u00e9ventuels ils sont signal\u00e9s sur ce site \u00e0 la chronique <a href=\"https:\/\/www.ter.sncf.com\/occitanie\/gares\/recherche\/pratique\"><strong>Prochains d\u00e9parts<\/strong><\/a> ou encore mieux le nouveau <a href=\"https:\/\/www.sncf.com\/fr\/itineraire-reservation\/horaires\"><strong>site de la SNCF<\/strong><\/a> enfin pratique et compatible smartphones.\n&#8211; Pour planifier et acheter un billet en d\u00e9sert rural pas d&rsquo;autres moyens que le site web <a href=\"https:\/\/sncf-connect.com\/\"><strong>sncf-connect<\/strong><\/a> pour tous les trajets, trajets \u00e0 un euro compris, ou le <a href=\"https:\/\/www.ter.sncf.com\"><strong>site TER<\/strong><\/a> pour ce qui concerne un voyage de bout en bout en TER. \n&#8211; Evitez d&rsquo;installer l&rsquo;application SNCF Connect encore moins performante que l&rsquo;ancienne bouse de Voyages SNCF. D\u00e9cid\u00e9ment en France on ne sait pas faire.\n&#8211; Pour les horaires, les trajets, les cartes, les arr\u00eats interm\u00e9diaires, l&rsquo;affichage de toutes les correspondances et la clart\u00e9 vous pouvez aussi utiliser l&rsquo;excellent site de <a href=\"https:\/\/www.bahn.com\/fr\/view\/index.shtml\"><strong>DB France<\/strong><\/a>\n&nbsp;\nVous pouvez donner votre avis et faire remonter les probl\u00e8mes des TER Auvergne Rh\u00f4ne Alpes (les bleus) sur ce site de la r\u00e9gion, <a href=\"https:\/\/www.laregionvoustransporte.fr\/contenus\/la-concertation\"><em>page \u00ab\u00a0Concertation\u00a0\u00bb<\/em><\/a>.\n&nbsp;\nN&rsquo;oubliez pas que tous les sites SNCF n&rsquo;affichent pas les trajets comportant plus de 2 correspondances. N&rsquo;h\u00e9sitez pas \u00e0 utiliser le site de la DB, <a href=\"https:\/\/www.bahn.com\/fr\/view\/index.shtml\"><strong>en fran\u00e7ais<\/strong><\/a> ou le site <a href=\"https:\/\/montrain.com\"><strong>montrain.com<\/strong><\/a> pour connaitre les vraies possibilit\u00e9s pour votre voyage. M\u00eame les agents SNCF l&rsquo;utilisent. Puis reportez vous de pr\u00e9f\u00e9rence sur le site web SNCF Connect pour acheter vos billets.\n&nbsp;\n<strong>Continuons d&rsquo;ailleurs \u00e0 signer <a href=\"http:\/\/chng.it\/dMVGYxbb\"><strong>notre p\u00e9tition<\/strong><\/a> pour des tickets ouverts non limit\u00e9s \u00e0 2 changements. On a besoin de vous.<\/strong>\n&nbsp;\nVous pouvez aussi questionner la SNCF AURA et Occitanie sur Twitter \u00e0 @TER_Occitanie ou @SNCFTERAURA. Sauf le samedi et le dimanche pour AuRA.\n&nbsp;\nPour raconter vos mauvaises et vos bonnes exp\u00e9riences, un message, nous ferons remonter : notre <a href=\"mailto:usagers-transports@haut-allier.eu\"><strong>mail<\/strong><\/a> \n\n<\/font><p>&nbsp;<\/p>\n\n\t<figure class=\"wp-block-gallery columns-1 is-cropped wp-block-gallery-1 is-layout-flex wp-block-gallery-is-layout-flex\">\n\t\t<ul class=\"blocks-gallery-grid\">\n\t\t\t<li class=\"blocks-gallery-item\">\n\t\t\t\t<figure>\n\t\t\t\t\t\t\t\t\t\t\t<img loading=\"lazy\" decoding=\"async\" width=\"170\" height=\"121\" src=\"http:\/\/5.45.101.177\/haut-allier\/usagers-transportse\/wp-content\/uploads\/2026\/03\/breveon75-6.png\"\n\t\t\t\t\t\t alt=\"breveon75-6.png\"\n\t\t\t\t\t\t data-id=\"6100\"\n\t\t\t\t\t\t data-full-url=\"http:\/\/5.45.101.177\/haut-allier\/usagers-transportse\/wp-content\/uploads\/2026\/03\/breveon75-6.png\"\n\t\t\t\t\t\t data-link=\"http:\/\/5.45.101.177\/haut-allier\/usagers-transportse\/attachment-breveon75-6-png\/\"\n\t\t\t\t\t\t class=\"wp-image-6100\" \/>\n\t\t\t\t<\/figure>\n\t\t\t<\/li>\n\t\t<\/ul>\n\t<\/figure>\n","protected":false},"excerpt":{"rendered":"<p>La ligne des C\u00e9vennes est sur le point d&rsquo;\u00eatre abandonn\u00e9e et donc supprim\u00e9e. La ligne des Causses aussi.<\/p>\n","protected":false},"author":1,"featured_media":6100,"comment_status":"open","ping_status":"open","sticky":false,"template":"","format":"standard","meta":{"footnotes":""},"categories":[11],"tags":[],"class_list":["post-6099","post","type-post","status-publish","format-standard","has-post-thumbnail","hentry","category-infos-breves"],"_links":{"self":[{"href":"https:\/\/usagers-transports.haut-allier.eu\/index.php\/wp-json\/wp\/v2\/posts\/6099","targetHints":{"allow":["GET"]}}],"collection":[{"href":"https:\/\/usagers-transports.haut-allier.eu\/index.php\/wp-json\/wp\/v2\/posts"}],"about":[{"href":"https:\/\/usagers-transports.haut-allier.eu\/index.php\/wp-json\/wp\/v2\/types\/post"}],"author":[{"embeddable":true,"href":"https:\/\/usagers-transports.haut-allier.eu\/index.php\/wp-json\/wp\/v2\/users\/1"}],"replies":[{"embeddable":true,"href":"https:\/\/usagers-transports.haut-allier.eu\/index.php\/wp-json\/wp\/v2\/comments?post=6099"}],"version-history":[{"count":1,"href":"https:\/\/usagers-transports.haut-allier.eu\/index.php\/wp-json\/wp\/v2\/posts\/6099\/revisions"}],"predecessor-version":[{"id":6101,"href":"https:\/\/usagers-transports.haut-allier.eu\/index.php\/wp-json\/wp\/v2\/posts\/6099\/revisions\/6101"}],"wp:featuredmedia":[{"embeddable":true,"href":"https:\/\/usagers-transports.haut-allier.eu\/index.php\/wp-json\/wp\/v2\/media\/6100"}],"wp:attachment":[{"href":"https:\/\/usagers-transports.haut-allier.eu\/index.php\/wp-json\/wp\/v2\/media?parent=6099"}],"wp:term":[{"taxonomy":"category","embeddable":true,"href":"https:\/\/usagers-transports.haut-allier.eu\/index.php\/wp-json\/wp\/v2\/categories?post=6099"},{"taxonomy":"post_tag","embeddable":true,"href":"https:\/\/usagers-transports.haut-allier.eu\/index.php\/wp-json\/wp\/v2\/tags?post=6099"}],"curies":[{"name":"wp","href":"https:\/\/api.w.org\/{rel}","templated":true}]}}