{"id":61,"date":"2013-07-02T18:43:49","date_gmt":"2013-07-02T16:43:49","guid":{"rendered":"http:\/\/5.45.101.177\/haut-allier\/usagers-transportse\/index.php\/2013\/07\/02\/notre-petition-le-directeur-sncf061\/"},"modified":"2013-07-02T18:43:49","modified_gmt":"2013-07-02T16:43:49","slug":"notre-petition-le-directeur-sncf061","status":"publish","type":"post","link":"https:\/\/usagers-transports.haut-allier.eu\/index.php\/2013\/07\/02\/notre-petition-le-directeur-sncf061\/","title":{"rendered":"Notre p\u00e9tition : le directeur SNCF Auvergne nous r\u00e9pond sur les dysfonctionnements de la ligne des C\u00e9vennes"},"content":{"rendered":"<p>Nous venons de recevoir la r\u00e9ponse de Jacky Lion, directeur r\u00e9gional SNCF Auvergne, aux dysfonctionnements de la ligne des C\u00e9vennes qui font l&rsquo;objet de notre p\u00e9tition et de nos <a href=\"http:\/\/usagers-transports.haut-allier.eu\/spip.php?article60\">articles<\/a> :<\/p>\n<p><img loading=\"lazy\" decoding=\"async\" class=\" aligncenter size-full wp-image-1426\" src=\"http:\/\/5.45.101.177\/haut-allier\/usagers-transportse\/wp-content\/uploads\/2013\/07\/reponseJackyLion-01072013-a.jpg\" alt=\"reponseJackyLion-01072013-a.jpg\" align=\"center\" width=\"826\" height=\"1169\" srcset=\"https:\/\/usagers-transports.haut-allier.eu\/wp-content\/uploads\/2013\/07\/reponseJackyLion-01072013-a.jpg 826w, https:\/\/usagers-transports.haut-allier.eu\/wp-content\/uploads\/2013\/07\/reponseJackyLion-01072013-a-212x300.jpg 212w, https:\/\/usagers-transports.haut-allier.eu\/wp-content\/uploads\/2013\/07\/reponseJackyLion-01072013-a-724x1024.jpg 724w, https:\/\/usagers-transports.haut-allier.eu\/wp-content\/uploads\/2013\/07\/reponseJackyLion-01072013-a-768x1087.jpg 768w\" sizes=\"auto, (max-width: 826px) 100vw, 826px\" \/><\/p>\n<p><img loading=\"lazy\" decoding=\"async\" class=\" aligncenter size-full wp-image-1427\" src=\"http:\/\/5.45.101.177\/haut-allier\/usagers-transportse\/wp-content\/uploads\/2013\/07\/reponseJackyLion-01072013.jpg\" alt=\"reponseJackyLion-01072013.jpg\" align=\"center\" width=\"826\" height=\"1169\" srcset=\"https:\/\/usagers-transports.haut-allier.eu\/wp-content\/uploads\/2013\/07\/reponseJackyLion-01072013.jpg 826w, https:\/\/usagers-transports.haut-allier.eu\/wp-content\/uploads\/2013\/07\/reponseJackyLion-01072013-212x300.jpg 212w, https:\/\/usagers-transports.haut-allier.eu\/wp-content\/uploads\/2013\/07\/reponseJackyLion-01072013-724x1024.jpg 724w, https:\/\/usagers-transports.haut-allier.eu\/wp-content\/uploads\/2013\/07\/reponseJackyLion-01072013-768x1087.jpg 768w\" sizes=\"auto, (max-width: 826px) 100vw, 826px\" \/><\/p>\n<p>Nous prenons acte des explications donn\u00e9es qui ne nous satisfont que tr\u00e9s partiellement, avec le l\u00e9ger allongement du temps de correspondance Paris Clermont \/ Clermont N\u00eemes puisque :<\/p>\n<p>&#8211; <em>aucune solution n&rsquo;est en vue pendant les travaux \u00e0 la gare de Clermont pour le changement de train sur le meme quai lors de la correspondance entre le train de Paris Bercy de 13h00 et le TER vers le sud \u00e0 16h40, <\/em> <\/p>\n<p>&#8211; que rien n&rsquo;est pr\u00e9vu pour l&rsquo;affichage en temps r\u00e9el dans nos petites gares car il ne repose que sur une signalisation papier (quelquefois inexacte) et c&rsquo;est bien ce que nous d\u00e9plorons,<\/p>\n<p>&#8211; <em>que les travaux d&rsquo;automne QUI COMMENCENT CETTE ANNEE LE 1ER SEPTEMBRE sont tellement immenses qu&rsquo;il est impossible de pr\u00e9voir aucune circulation d&rsquo;aucun train&#8230; Cet automne les travaux devraient porter sur la s\u00e9curisation des \u00e9boulements et \u00e0 notre avis il n&rsquo;est pas impossible de demander aux entreprises sous-traitantes d&rsquo;op\u00e9rer selon des cr\u00e9neaux horaires bien d\u00e9finis : <strong>il ne passe que 8 trains par jour sur notre ligne, fret compris<\/strong> !!!  <\/em> <\/p>\n<p>&#8211; notre demande de remplacement des bus par un train navette d\u00e9pendrait des r\u00e9gions. C&rsquo;est entendu et nous posons la question aussit\u00f4t aux r\u00e9gions Auvergne et Languedoc Roussillon.<\/p>\n<p><strong>La presse en parle :<\/strong><\/p>\n<p>&#8211; Le Progr\u00e8s La Tribune du vendredi 5 juillet 2013 :<\/p>\n<p><img loading=\"lazy\" decoding=\"async\" class=\" aligncenter size-full wp-image-1430\" src=\"http:\/\/5.45.101.177\/haut-allier\/usagers-transportse\/wp-content\/uploads\/2013\/07\/Image1.jpg\" alt=\"Image1.jpg\" align=\"center\" width=\"526\" height=\"444\" srcset=\"https:\/\/usagers-transports.haut-allier.eu\/wp-content\/uploads\/2013\/07\/Image1.jpg 526w, https:\/\/usagers-transports.haut-allier.eu\/wp-content\/uploads\/2013\/07\/Image1-300x253.jpg 300w\" sizes=\"auto, (max-width: 526px) 100vw, 526px\" \/><\/p>\n<p><img loading=\"lazy\" decoding=\"async\" class=\" aligncenter size-full wp-image-1431\" src=\"http:\/\/5.45.101.177\/haut-allier\/usagers-transportse\/wp-content\/uploads\/2013\/07\/Image2.jpg\" alt=\"Image2.jpg\" align=\"center\" width=\"355\" height=\"443\" srcset=\"https:\/\/usagers-transports.haut-allier.eu\/wp-content\/uploads\/2013\/07\/Image2.jpg 355w, https:\/\/usagers-transports.haut-allier.eu\/wp-content\/uploads\/2013\/07\/Image2-240x300.jpg 240w\" sizes=\"auto, (max-width: 355px) 100vw, 355px\" \/><\/p>\n","protected":false},"excerpt":{"rendered":"<p>Nous venons de recevoir la r\u00e9ponse de Jacky Lion, directeur r\u00e9gional SNCF Auvergne, aux dysfonctionnements de la ligne<\/p>\n","protected":false},"author":1,"featured_media":1429,"comment_status":"closed","ping_status":"open","sticky":false,"template":"","format":"standard","meta":{"footnotes":""},"categories":[2],"tags":[],"class_list":["post-61","post","type-post","status-publish","format-standard","has-post-thumbnail","hentry","category-infos"],"_links":{"self":[{"href":"https:\/\/usagers-transports.haut-allier.eu\/index.php\/wp-json\/wp\/v2\/posts\/61","targetHints":{"allow":["GET"]}}],"collection":[{"href":"https:\/\/usagers-transports.haut-allier.eu\/index.php\/wp-json\/wp\/v2\/posts"}],"about":[{"href":"https:\/\/usagers-transports.haut-allier.eu\/index.php\/wp-json\/wp\/v2\/types\/post"}],"author":[{"embeddable":true,"href":"https:\/\/usagers-transports.haut-allier.eu\/index.php\/wp-json\/wp\/v2\/users\/1"}],"replies":[{"embeddable":true,"href":"https:\/\/usagers-transports.haut-allier.eu\/index.php\/wp-json\/wp\/v2\/comments?post=61"}],"version-history":[{"count":0,"href":"https:\/\/usagers-transports.haut-allier.eu\/index.php\/wp-json\/wp\/v2\/posts\/61\/revisions"}],"wp:featuredmedia":[{"embeddable":true,"href":"https:\/\/usagers-transports.haut-allier.eu\/index.php\/wp-json\/wp\/v2\/media\/1429"}],"wp:attachment":[{"href":"https:\/\/usagers-transports.haut-allier.eu\/index.php\/wp-json\/wp\/v2\/media?parent=61"}],"wp:term":[{"taxonomy":"category","embeddable":true,"href":"https:\/\/usagers-transports.haut-allier.eu\/index.php\/wp-json\/wp\/v2\/categories?post=61"},{"taxonomy":"post_tag","embeddable":true,"href":"https:\/\/usagers-transports.haut-allier.eu\/index.php\/wp-json\/wp\/v2\/tags?post=61"}],"curies":[{"name":"wp","href":"https:\/\/api.w.org\/{rel}","templated":true}]}}