{"id":612,"date":"2019-07-18T10:17:25","date_gmt":"2019-07-18T08:17:25","guid":{"rendered":"http:\/\/5.45.101.177\/haut-allier\/usagers-transportse\/index.php\/2019\/07\/18\/il-reste-des-billets-a-1-euro612\/"},"modified":"2026-09-01T15:55:29","modified_gmt":"2026-09-01T13:55:29","slug":"il-reste-des-billets-a-1-euro612","status":"publish","type":"post","link":"https:\/\/usagers-transports.haut-allier.eu\/index.php\/2019\/07\/18\/il-reste-des-billets-a-1-euro612\/","title":{"rendered":"Il reste des billets \u00e0 1 euro N\u00eemes Clermont jusqu&rsquo;au 8 ao\u00fbt !"},"content":{"rendered":"Apparemment la r\u00e9gion Occitanie a r\u00e9tabli jusqu&rsquo;au 8 ao\u00fbt son tarif Evasio \u00e0 un euro sur tout le parcours N\u00eemes Clermont-Ferrand et dans l&rsquo;autre sens bien entendu. Attention : une gare du billet, d\u00e9part ou arriv\u00e9e, doit obligatoirement se trouver en Occitanie.\n&nbsp;\n<img loading=\"lazy\" decoding=\"async\" class=\" aligncenter size-full wp-image-2720\" src=\"http:\/\/5.45.101.177\/haut-allier\/usagers-transportse\/wp-content\/uploads\/2019\/07\/firefox_screenshot_2019-07-18t06-50-29.998z.png\" alt=\"firefox_screenshot_2019-07-18t06-50-29.998z.png\" align=\"center\" width=\"1130\" height=\"605\" srcset=\"https:\/\/usagers-transports.haut-allier.eu\/wp-content\/uploads\/2019\/07\/firefox_screenshot_2019-07-18t06-50-29.998z.png 1130w, https:\/\/usagers-transports.haut-allier.eu\/wp-content\/uploads\/2019\/07\/firefox_screenshot_2019-07-18t06-50-29.998z-300x161.png 300w, https:\/\/usagers-transports.haut-allier.eu\/wp-content\/uploads\/2019\/07\/firefox_screenshot_2019-07-18t06-50-29.998z-1024x548.png 1024w, https:\/\/usagers-transports.haut-allier.eu\/wp-content\/uploads\/2019\/07\/firefox_screenshot_2019-07-18t06-50-29.998z-768x411.png 768w\" sizes=\"auto, (max-width: 1130px) 100vw, 1130px\" \/>\n&nbsp;\n<img loading=\"lazy\" decoding=\"async\" class=\" aligncenter size-full wp-image-2720\" src=\"http:\/\/5.45.101.177\/haut-allier\/usagers-transportse\/wp-content\/uploads\/2019\/07\/firefox_screenshot_2019-07-18t06-50-29.998z.png\" alt=\"firefox_screenshot_2019-07-18t06-50-29.998z.png\" align=\"center\" width=\"1130\" height=\"605\" srcset=\"https:\/\/usagers-transports.haut-allier.eu\/wp-content\/uploads\/2019\/07\/firefox_screenshot_2019-07-18t06-50-29.998z.png 1130w, https:\/\/usagers-transports.haut-allier.eu\/wp-content\/uploads\/2019\/07\/firefox_screenshot_2019-07-18t06-50-29.998z-300x161.png 300w, https:\/\/usagers-transports.haut-allier.eu\/wp-content\/uploads\/2019\/07\/firefox_screenshot_2019-07-18t06-50-29.998z-1024x548.png 1024w, https:\/\/usagers-transports.haut-allier.eu\/wp-content\/uploads\/2019\/07\/firefox_screenshot_2019-07-18t06-50-29.998z-768x411.png 768w\" sizes=\"auto, (max-width: 1130px) 100vw, 1130px\" \/>\n&nbsp;\nA partir du 9 ao\u00fbt : tarif normal jusqu&rsquo;\u00e0 la fin de l&rsquo;\u00e9t\u00e9. Profitez !\n&nbsp;<p>&nbsp;<\/p>\n\n\t<figure class=\"wp-block-gallery columns-1 is-cropped wp-block-gallery-1 is-layout-flex wp-block-gallery-is-layout-flex\">\n\t\t<ul class=\"blocks-gallery-grid\">\n\t\t\t<li class=\"blocks-gallery-item\">\n\t\t\t\t<figure>\n\t\t\t\t\t\t\t\t\t\t\t<img loading=\"lazy\" decoding=\"async\" width=\"1136\" height=\"493\" src=\"http:\/\/5.45.101.177\/haut-allier\/usagers-transportse\/wp-content\/uploads\/2019\/07\/firefox_screenshot_2019-07-18t06-49-03.289z.png\"\n\t\t\t\t\t\t alt=\"firefox_screenshot_2019-07-18t06-49-03.289z.png\"\n\t\t\t\t\t\t data-id=\"2721\"\n\t\t\t\t\t\t data-full-url=\"http:\/\/5.45.101.177\/haut-allier\/usagers-transportse\/wp-content\/uploads\/2019\/07\/firefox_screenshot_2019-07-18t06-49-03.289z.png\"\n\t\t\t\t\t\t data-link=\"http:\/\/5.45.101.177\/haut-allier\/usagers-transportse\/attachment-firefox_screenshot_2019-07-18t06-49-03-289z-png\/\"\n\t\t\t\t\t\t class=\"wp-image-2721\" srcset=\"https:\/\/usagers-transports.haut-allier.eu\/wp-content\/uploads\/2019\/07\/firefox_screenshot_2019-07-18t06-49-03.289z.png 1136w, https:\/\/usagers-transports.haut-allier.eu\/wp-content\/uploads\/2019\/07\/firefox_screenshot_2019-07-18t06-49-03.289z-300x130.png 300w, https:\/\/usagers-transports.haut-allier.eu\/wp-content\/uploads\/2019\/07\/firefox_screenshot_2019-07-18t06-49-03.289z-1024x444.png 1024w, https:\/\/usagers-transports.haut-allier.eu\/wp-content\/uploads\/2019\/07\/firefox_screenshot_2019-07-18t06-49-03.289z-768x333.png 768w\" sizes=\"auto, (max-width: 1136px) 100vw, 1136px\" \/>\n\t\t\t\t<\/figure>\n\t\t\t<\/li>\n\t\t<\/ul>\n\t<\/figure>\n","protected":false},"excerpt":{"rendered":"<p>Apparemment la r\u00e9gion Occitanie a r\u00e9tabli jusqu&rsquo;au 8 ao\u00fbt son tarif Evasio \u00e0 un euro sur tout le<\/p>\n","protected":false},"author":1,"featured_media":2719,"comment_status":"open","ping_status":"open","sticky":false,"template":"","format":"standard","meta":{"footnotes":""},"categories":[3],"tags":[],"class_list":["post-612","post","type-post","status-publish","format-standard","has-post-thumbnail","hentry","category-en-train"],"_links":{"self":[{"href":"https:\/\/usagers-transports.haut-allier.eu\/index.php\/wp-json\/wp\/v2\/posts\/612","targetHints":{"allow":["GET"]}}],"collection":[{"href":"https:\/\/usagers-transports.haut-allier.eu\/index.php\/wp-json\/wp\/v2\/posts"}],"about":[{"href":"https:\/\/usagers-transports.haut-allier.eu\/index.php\/wp-json\/wp\/v2\/types\/post"}],"author":[{"embeddable":true,"href":"https:\/\/usagers-transports.haut-allier.eu\/index.php\/wp-json\/wp\/v2\/users\/1"}],"replies":[{"embeddable":true,"href":"https:\/\/usagers-transports.haut-allier.eu\/index.php\/wp-json\/wp\/v2\/comments?post=612"}],"version-history":[{"count":1,"href":"https:\/\/usagers-transports.haut-allier.eu\/index.php\/wp-json\/wp\/v2\/posts\/612\/revisions"}],"predecessor-version":[{"id":2722,"href":"https:\/\/usagers-transports.haut-allier.eu\/index.php\/wp-json\/wp\/v2\/posts\/612\/revisions\/2722"}],"wp:featuredmedia":[{"embeddable":true,"href":"https:\/\/usagers-transports.haut-allier.eu\/index.php\/wp-json\/wp\/v2\/media\/2719"}],"wp:attachment":[{"href":"https:\/\/usagers-transports.haut-allier.eu\/index.php\/wp-json\/wp\/v2\/media?parent=612"}],"wp:term":[{"taxonomy":"category","embeddable":true,"href":"https:\/\/usagers-transports.haut-allier.eu\/index.php\/wp-json\/wp\/v2\/categories?post=612"},{"taxonomy":"post_tag","embeddable":true,"href":"https:\/\/usagers-transports.haut-allier.eu\/index.php\/wp-json\/wp\/v2\/tags?post=612"}],"curies":[{"name":"wp","href":"https:\/\/api.w.org\/{rel}","templated":true}]}}