{"id":613,"date":"2019-07-19T18:56:21","date_gmt":"2019-07-19T16:56:21","guid":{"rendered":"http:\/\/5.45.101.177\/haut-allier\/usagers-transportse\/index.php\/2019\/07\/19\/region-occitanie-18-millions-pour613\/"},"modified":"2019-07-19T18:56:21","modified_gmt":"2019-07-19T16:56:21","slug":"region-occitanie-18-millions-pour613","status":"publish","type":"post","link":"https:\/\/usagers-transports.haut-allier.eu\/index.php\/2019\/07\/19\/region-occitanie-18-millions-pour613\/","title":{"rendered":"R\u00e9gion Occitanie : 18 Millions pour la ligne du train Aubrac, 15 Millions pour Le Monastier &#8211; La Bastide"},"content":{"rendered":"<p>D\u00e9claration de Carole Delga ce jour :<br \/>\n&nbsp;<br \/>\n<strong>\u00ab\u00a0Malgr\u00e9 un fort d\u00e9sengagement de nos premiers partenaires que sont l&rsquo;Etat et la SNCF, ma volont\u00e9 est de maintenir et d\u00e9velopper le nombre de gares desservies, notamment en milieu rural pour que le plus grand nombre puisse trouver une solution de transports en commun \u00e0 ses d\u00e9placements. Dans le m\u00eame esprit, parce que l&rsquo;acc\u00e8s au service public est un droit, la mise en accessibilit\u00e9 aux personnes \u00e0 mobilit\u00e9 r\u00e9duite est un sujet sur lequel je ne transigerai pas.\u00a0\u00bb<\/strong><br \/>\n&nbsp;<br \/>\nLa r\u00e9gion Occitanie se dote ainsi d&rsquo;un plan d&rsquo;urgence pour la sauvegarde du r\u00e9seau ferroviaire. Elle vient de l&rsquo;approuver en commission permamente.<br \/>\n&nbsp;<br \/>\nLe communiqu\u00e9 poursuit :<br \/>\n&nbsp;<\/p>\n<p>[(<br \/>\nDepuis la signature du contrat dit \u00ab de performance \u00bb entre l&rsquo;Etat et la SNCF R\u00e9seau, la participation de ce dernier aux travaux d&rsquo;entretien des lignes de desserte fines a \u00e9t\u00e9 drastiquement r\u00e9duite, passant au mieux \u00e0 8,5 % des investissements.<br \/>\n&nbsp;<br \/>\nFace au refus de financement de la part de l&rsquo;Etat en dehors des accords du contrat de plan, et parce qu&rsquo;il serait inadmissible pour la R\u00e9gion de ne plus desservir ces territoires, notamment ruraux, la R\u00e9gion Occitanie a pris la d\u00e9cision de financer les travaux n\u00e9cessaires au maintien des dessertes, \u00e0 hauteur de 91,5 %, soit un investissement n\u00e9cessaire \u00e0 ce jour de 66 M\u20ac. En effet, l&rsquo;absence d&rsquo;investissement pourrait entra\u00eener sur plus de la moiti\u00e9 des lignes utilis\u00e9es par les trains r\u00e9gionaux des ralentissements des trains d\u00e9gradant les dessertes, voire une suppression pure et simple des circulations d&rsquo;ici 3 ans<br \/>\n&nbsp;<br \/>\nCe Plan d&rsquo;urgence concernera 12 lignes ou sections de ligne vitales pour les territoires d&rsquo;Occitanie et les 18 000 usagers qui les utilisent quotidiennement, soit 25% des voyageurs des lignes TER.<br \/>\n&nbsp;<br \/>\n<strong>7,6 M\u20ac pour les dessertes fines du territoire ouest de l&rsquo;Occitanie :<\/strong><br \/>\n&nbsp;<br \/>\nLes lignes concern\u00e9es ici, sont Empalot-Auch, Foix &#8211; Latour-de-Carol, Teissonni\u00e8res &#8211; Rodez, Teissonni\u00e8res &#8211; Capdenac et Capdenac &#8211; Turenne.<br \/>\n&nbsp;<br \/>\n<strong>7,8 M\u20ac pour le maintien du Train Jaune :<\/strong><br \/>\n&nbsp;<br \/>\nLa ligne ferroviaire du Train Jaune dessert depuis 1910, sur un parcours de 62,6 kilom\u00e8tres, 22 gares entre Villefranche &#8211; Vernet-les-Bains et Latour-de-Carol &#8211; Enveitg. Compos\u00e9e d&rsquo;une vingtaine de galeries et tunnels, ainsi que de nombreux murs de sout\u00e8nement et ouvrages en terre, elle n\u00e9cessite pour pouvoir circuler des remises en \u00e9tat \u00e0 la suite des mouvements du sol, des pr\u00e9cipitations et des actions du gel.<br \/>\n&nbsp;<br \/>\nPlusieurs tranches de travaux ont d\u00e9j\u00e0 \u00e9t\u00e9 r\u00e9alis\u00e9es ces derni\u00e8res ann\u00e9es, avec pour objectif de maintenir l&rsquo;exploitation de cette ligne mythique desservant la Cerdagne pour pr\u00e8s de 18M\u20ac dont 13,2M\u20ac de part R\u00e9gion.<br \/>\n&nbsp;<br \/>\n<strong>3,4 M\u20ac pour le maintien de la ligne des C\u00e9vennes :<\/strong><br \/>\n&nbsp;<br \/>\nReliant N\u00eemes \u00e0 Clermont-Ferrand, ce projet de restructuration de la ligne est compris dans le Contrat de plan Etat-R\u00e9gion 2015-2020, et financ\u00e9 \u00e0 part \u00e9gale \u00e0 hauteur de 1,65 M\u20ac chacun. La ligne doit b\u00e9n\u00e9ficier du remplacement de 9 150 traverses. Ces travaux seront r\u00e9alis\u00e9s en 2019.<br \/>\n&nbsp;<br \/>\nPar ailleurs, la R\u00e9gion financera la r\u00e9alisation d&rsquo;\u00e9tudes pour un montant de 1,75 M\u20ac.<br \/>\n&nbsp;<br \/>\n<strong>18 M\u20ac pour la ligne des Causses :<\/strong><br \/>\n&nbsp;<br \/>\nReliant B\u00e9ziers \u00e0 Neussargues, cette ligne b\u00e9n\u00e9ficie d\u00e9j\u00e0 actuellement de travaux de restructuration sur les sections S\u00e9verac &#8211; Millau (travaux en cours) et Saint-Ch\u00e9ly-d&rsquo;Apcher &#8211; Neussargues. Poursuivant cet effort, la R\u00e9gion pr\u00e9voit des travaux qui s&rsquo;\u00e9chelonneront jusqu&rsquo;\u00e0 la fin de l&rsquo;ann\u00e9e 2022.<br \/>\n&nbsp;<br \/>\n<strong>15 M\u20ac pour le remplacement des traverses des lignes Le Monastier &#8211; La Bastide Saint Laurent et Saint-C\u00e9saire &#8211; Le Grau du Roi.<\/strong><br \/>\n)]<\/p>\n<p>On attend, sans y croire vraiment, une telle politique volontariste c\u00f4t\u00e9 Auvergne Rh\u00f4ne Alpes pour les lignes&#8230; du C\u00e9venol, Clermont Thiers Saint-Etienne, Clermont &#8211; Limoges, Clermont Tulle, etc.<\/p>\n","protected":false},"excerpt":{"rendered":"<p>D\u00e9claration de Carole Delga ce jour : &nbsp; \u00ab\u00a0Malgr\u00e9 un fort d\u00e9sengagement de nos premiers partenaires que sont<\/p>\n","protected":false},"author":1,"featured_media":2723,"comment_status":"open","ping_status":"open","sticky":false,"template":"","format":"standard","meta":{"footnotes":""},"categories":[3],"tags":[],"class_list":["post-613","post","type-post","status-publish","format-standard","has-post-thumbnail","hentry","category-en-train"],"_links":{"self":[{"href":"https:\/\/usagers-transports.haut-allier.eu\/index.php\/wp-json\/wp\/v2\/posts\/613","targetHints":{"allow":["GET"]}}],"collection":[{"href":"https:\/\/usagers-transports.haut-allier.eu\/index.php\/wp-json\/wp\/v2\/posts"}],"about":[{"href":"https:\/\/usagers-transports.haut-allier.eu\/index.php\/wp-json\/wp\/v2\/types\/post"}],"author":[{"embeddable":true,"href":"https:\/\/usagers-transports.haut-allier.eu\/index.php\/wp-json\/wp\/v2\/users\/1"}],"replies":[{"embeddable":true,"href":"https:\/\/usagers-transports.haut-allier.eu\/index.php\/wp-json\/wp\/v2\/comments?post=613"}],"version-history":[{"count":0,"href":"https:\/\/usagers-transports.haut-allier.eu\/index.php\/wp-json\/wp\/v2\/posts\/613\/revisions"}],"wp:featuredmedia":[{"embeddable":true,"href":"https:\/\/usagers-transports.haut-allier.eu\/index.php\/wp-json\/wp\/v2\/media\/2723"}],"wp:attachment":[{"href":"https:\/\/usagers-transports.haut-allier.eu\/index.php\/wp-json\/wp\/v2\/media?parent=613"}],"wp:term":[{"taxonomy":"category","embeddable":true,"href":"https:\/\/usagers-transports.haut-allier.eu\/index.php\/wp-json\/wp\/v2\/categories?post=613"},{"taxonomy":"post_tag","embeddable":true,"href":"https:\/\/usagers-transports.haut-allier.eu\/index.php\/wp-json\/wp\/v2\/tags?post=613"}],"curies":[{"name":"wp","href":"https:\/\/api.w.org\/{rel}","templated":true}]}}