{"id":614,"date":"2019-07-21T09:54:28","date_gmt":"2019-07-21T07:54:28","guid":{"rendered":"http:\/\/5.45.101.177\/haut-allier\/usagers-transportse\/index.php\/2019\/07\/21\/region-auvergne-rhone-alpes-4-8614\/"},"modified":"2019-07-21T09:54:28","modified_gmt":"2019-07-21T07:54:28","slug":"region-auvergne-rhone-alpes-4-8614","status":"publish","type":"post","link":"https:\/\/usagers-transports.haut-allier.eu\/index.php\/2019\/07\/21\/region-auvergne-rhone-alpes-4-8614\/","title":{"rendered":"R\u00e9gion Auvergne Rh\u00f4ne &#8211; Alpes : 4,8 millions pour la ligne Aurillac Figeac"},"content":{"rendered":"<p>Martine Guibert, charg\u00e9e des transports \u00e0 la r\u00e9gion et cantaloue d&rsquo;origine, ne pouvait pas faire moins que de secourir le tron\u00e7on ferroviaire Aurillac Figeac, sur l&rsquo;axe Clermont Capdenac (puis vers Toulouse et Paris). Figeac dont la gare a r\u00e9cemment br\u00fbl\u00e9 et que SNCF refuse de reconstruire sur ses deniers, \u00e0 tel point que la r\u00e9gion Occitanie lui <a href=\"https:\/\/medialot.fr\/gare-de-figeac-la-region-est-pleinement-en-capacite-dassurer-ce-projet-de-reconstruction\/\"><strong>demande officiellement<\/strong><\/a> d&rsquo;en devenir la propri\u00e9taire pour acc\u00e9l\u00e9rer les travaux, puisque, oblig\u00e9e, elle va en financer plus de 90%.<br \/>\n&nbsp;<br \/>\nSur la partie Cantal on note donc avec plaisir que la r\u00e9gion voisine, AuRA, s&rsquo;engage dans des travaux qui d\u00e9buteront en&#8230; 2021, pour que la liaison vers la ligne POLT Toulouse Paris soit confort\u00e9e, ou simplement pas ferm\u00e9e.<br \/>\n&nbsp;<br \/>\nMais que sont donc ces travaux au co\u00fbt exhorbitant de 4,8 M (financ\u00e9s l\u00e0 aussi \u00e0 plus de 90% par AuRA) ? Vous allez rire :<br \/>\n&nbsp;<br \/>\n&#8211; Des interventions ponctuelles sur la voie entre Viescamp et Aurillac (zones boueuses conduisant \u00e0 des d\u00e9fauts de nivellement).<br \/>\n&#8211; Des reprises d\u2019ouvrages d\u2019art et ouvrages en terre sur l\u2019ensemble de la ligne.<br \/>\n&#8211; Une mise en oeuvre d\u2019un syst\u00e8me de compteur d\u2019essieux entre Aurillac et Viescamp (pour supprimer le risque de deshuntage sur le tron\u00e7on).<br \/>\n&#8211; Des travaux divers sur la signalisation (remplacement de c\u00e2bles), et sur les zones de filets d\u00e9tecteurs.<br \/>\n&nbsp;<br \/>\n<em>Un compteur d&rsquo;essieu SNCF \u00e0 1 M d&rsquo;euros sans doute&#8230;<\/em><br \/>\n<img loading=\"lazy\" decoding=\"async\" class=\" aligncenter size-full wp-image-2725\" src=\"http:\/\/5.45.101.177\/haut-allier\/usagers-transportse\/wp-content\/uploads\/2019\/07\/compteur_essieux.jpg\" alt=\"compteur_essieux.jpg\" align=\"center\" width=\"800\" height=\"600\" srcset=\"https:\/\/usagers-transports.haut-allier.eu\/wp-content\/uploads\/2019\/07\/compteur_essieux.jpg 800w, https:\/\/usagers-transports.haut-allier.eu\/wp-content\/uploads\/2019\/07\/compteur_essieux-300x225.jpg 300w, https:\/\/usagers-transports.haut-allier.eu\/wp-content\/uploads\/2019\/07\/compteur_essieux-768x576.jpg 768w\" sizes=\"auto, (max-width: 800px) 100vw, 800px\" \/><br \/>\n&nbsp;<br \/>\n<strong>Autrement dit rien que des probl\u00e8mes et du mat\u00e9riel de routine qui auraient d\u00fb \u00eatre trait\u00e9s et financ\u00e9s par SNCF dans le cadre de son entretien quotidien. Mais o\u00f9 \u00e9tait-elle ? Nouvelle preuve s&rsquo;il le fallait de l&rsquo;abandon par cette entreprise depuis des d\u00e9cennies des lignes ferroviaires du massif central. <\/strong><br \/>\n&nbsp;<br \/>\n<em>A lire en d\u00e9tail sur :<\/em><br \/>\n&nbsp;<br \/>\n<a href=\"https:\/\/actu.fr\/auvergne-rhone-alpes\/aurillac_15014\/cantal-region-compte-investir-remise-forme-ligne-aurillac-figeac_25952769.html\">Train : la R\u00e9gion compte investir pour la remise en forme de la ligne Aurillac-Figeac<\/a><br \/>\n&nbsp;<br \/>\n<em>[photo du logo : <a href=\"https:\/\/www.ladepeche.fr\/\">La D\u00e9p\u00eache<\/a> ] <\/em> <\/p>\n","protected":false},"excerpt":{"rendered":"<p>Martine Guibert, charg\u00e9e des transports \u00e0 la r\u00e9gion et cantaloue d&rsquo;origine, ne pouvait pas faire moins que de<\/p>\n","protected":false},"author":1,"featured_media":2724,"comment_status":"open","ping_status":"open","sticky":false,"template":"","format":"standard","meta":{"footnotes":""},"categories":[3],"tags":[],"class_list":["post-614","post","type-post","status-publish","format-standard","has-post-thumbnail","hentry","category-en-train"],"_links":{"self":[{"href":"https:\/\/usagers-transports.haut-allier.eu\/index.php\/wp-json\/wp\/v2\/posts\/614","targetHints":{"allow":["GET"]}}],"collection":[{"href":"https:\/\/usagers-transports.haut-allier.eu\/index.php\/wp-json\/wp\/v2\/posts"}],"about":[{"href":"https:\/\/usagers-transports.haut-allier.eu\/index.php\/wp-json\/wp\/v2\/types\/post"}],"author":[{"embeddable":true,"href":"https:\/\/usagers-transports.haut-allier.eu\/index.php\/wp-json\/wp\/v2\/users\/1"}],"replies":[{"embeddable":true,"href":"https:\/\/usagers-transports.haut-allier.eu\/index.php\/wp-json\/wp\/v2\/comments?post=614"}],"version-history":[{"count":0,"href":"https:\/\/usagers-transports.haut-allier.eu\/index.php\/wp-json\/wp\/v2\/posts\/614\/revisions"}],"wp:featuredmedia":[{"embeddable":true,"href":"https:\/\/usagers-transports.haut-allier.eu\/index.php\/wp-json\/wp\/v2\/media\/2724"}],"wp:attachment":[{"href":"https:\/\/usagers-transports.haut-allier.eu\/index.php\/wp-json\/wp\/v2\/media?parent=614"}],"wp:term":[{"taxonomy":"category","embeddable":true,"href":"https:\/\/usagers-transports.haut-allier.eu\/index.php\/wp-json\/wp\/v2\/categories?post=614"},{"taxonomy":"post_tag","embeddable":true,"href":"https:\/\/usagers-transports.haut-allier.eu\/index.php\/wp-json\/wp\/v2\/tags?post=614"}],"curies":[{"name":"wp","href":"https:\/\/api.w.org\/{rel}","templated":true}]}}