{"id":615,"date":"2019-08-06T09:17:24","date_gmt":"2019-08-06T07:17:24","guid":{"rendered":"http:\/\/5.45.101.177\/haut-allier\/usagers-transportse\/index.php\/2019\/08\/06\/loik-le-floch-prigent-ancien615\/"},"modified":"2019-08-06T09:17:24","modified_gmt":"2019-08-06T07:17:24","slug":"loik-le-floch-prigent-ancien615","status":"publish","type":"post","link":"https:\/\/usagers-transports.haut-allier.eu\/index.php\/2019\/08\/06\/loik-le-floch-prigent-ancien615\/","title":{"rendered":"Lo\u00efk Le Floch-Prigent, ancien pr\u00e9sident de la SNCF tire le signal d\u2019alarme"},"content":{"rendered":"<p>Tr\u00e8s \u00e9cout\u00e9 \u00e0 l&rsquo;\u00e9tranger, mais pestif\u00e9r\u00e9, breton, non parisien, enfant de la petite bourgeoisie et non de la grande, au del\u00e0 des affaires ELF pour lesquelles il a \u00e9t\u00e9 condamn\u00e9, Lo\u00efk Le Floch &#8211; Prigent dit tout le bien qu&rsquo;il pense de la direction que la SNCF a pris depuis son d\u00e9part dans une r\u00e9cente interview de <em>Ville, Rail et Transports<\/em>.<br \/>\n&nbsp;<br \/>\nUne opinion enfin lucide d&rsquo;un grand chef d&rsquo;entreprise qui au lieu de se taire, parle, et qui arrive au moment m\u00eame o\u00f9 le d\u00e9part de P\u00e9py, et on l&rsquo;esp\u00e8re, <a href=\"https:\/\/www.franceinter.fr\/emissions\/secrets-d-info\/secrets-d-info-21-octobre-2017\"><strong>de son cabinet secret de lobbying<\/strong><\/a>, est programm\u00e9.<br \/>\n&nbsp;<br \/>\nMais quel sera le futur \u00e9lu pour parachever le d\u00e9mant\u00e8lement du r\u00e9seau ferr\u00e9 national, v\u00e9ritable joyau selon l&rsquo;ex pr\u00e9sident breton qui d\u00e9nonce aussi dans son entrevue le pouvoir des financiers au sein de l&rsquo;organisme ?<br \/>\n&nbsp;<br \/>\nL&rsquo;article : <a href=\"https:\/\/www.ville-rail-transports.com\/opinions\/%E2%80%AFsi-continue-certain%E2%80%AF\/\"><strong>Lo\u00efk Le Floch-Prigent : \u00ab\u202fSi on continue comme \u00e7a, le pire est certain\u202f\u00bb<\/strong><\/a><\/p>\n","protected":false},"excerpt":{"rendered":"<p>Tr\u00e8s \u00e9cout\u00e9 \u00e0 l&rsquo;\u00e9tranger, mais pestif\u00e9r\u00e9, breton, non parisien, enfant de la petite bourgeoisie et non de la<\/p>\n","protected":false},"author":1,"featured_media":2726,"comment_status":"open","ping_status":"open","sticky":false,"template":"","format":"standard","meta":{"footnotes":""},"categories":[2],"tags":[],"class_list":["post-615","post","type-post","status-publish","format-standard","has-post-thumbnail","hentry","category-infos"],"_links":{"self":[{"href":"https:\/\/usagers-transports.haut-allier.eu\/index.php\/wp-json\/wp\/v2\/posts\/615","targetHints":{"allow":["GET"]}}],"collection":[{"href":"https:\/\/usagers-transports.haut-allier.eu\/index.php\/wp-json\/wp\/v2\/posts"}],"about":[{"href":"https:\/\/usagers-transports.haut-allier.eu\/index.php\/wp-json\/wp\/v2\/types\/post"}],"author":[{"embeddable":true,"href":"https:\/\/usagers-transports.haut-allier.eu\/index.php\/wp-json\/wp\/v2\/users\/1"}],"replies":[{"embeddable":true,"href":"https:\/\/usagers-transports.haut-allier.eu\/index.php\/wp-json\/wp\/v2\/comments?post=615"}],"version-history":[{"count":0,"href":"https:\/\/usagers-transports.haut-allier.eu\/index.php\/wp-json\/wp\/v2\/posts\/615\/revisions"}],"wp:featuredmedia":[{"embeddable":true,"href":"https:\/\/usagers-transports.haut-allier.eu\/index.php\/wp-json\/wp\/v2\/media\/2726"}],"wp:attachment":[{"href":"https:\/\/usagers-transports.haut-allier.eu\/index.php\/wp-json\/wp\/v2\/media?parent=615"}],"wp:term":[{"taxonomy":"category","embeddable":true,"href":"https:\/\/usagers-transports.haut-allier.eu\/index.php\/wp-json\/wp\/v2\/categories?post=615"},{"taxonomy":"post_tag","embeddable":true,"href":"https:\/\/usagers-transports.haut-allier.eu\/index.php\/wp-json\/wp\/v2\/tags?post=615"}],"curies":[{"name":"wp","href":"https:\/\/api.w.org\/{rel}","templated":true}]}}