{"id":616,"date":"2019-08-18T19:45:55","date_gmt":"2019-08-18T17:45:55","guid":{"rendered":"http:\/\/5.45.101.177\/haut-allier\/usagers-transportse\/index.php\/2019\/08\/18\/le-directeur-mobilites-aveyron616\/"},"modified":"2019-08-18T19:45:55","modified_gmt":"2019-08-18T17:45:55","slug":"le-directeur-mobilites-aveyron616","status":"publish","type":"post","link":"https:\/\/usagers-transports.haut-allier.eu\/index.php\/2019\/08\/18\/le-directeur-mobilites-aveyron616\/","title":{"rendered":"Le Directeur Mobilit\u00e9s Aveyron &#8211; Loz\u00e8re supprim\u00e9 par la SNCF !"},"content":{"rendered":"<p>La d\u00e9cision des Directions SNCF a \u00e9t\u00e9 prise au plus haut niveau et en dit long sur les vis\u00e9es de la soci\u00e9t\u00e9 dite ferroviaire dans le Massif central : elle vient de supprimer le poste de Directeur des Mobilit\u00e9s pour les lignes Aubrac, C\u00e9venol et le Grand H ferroviaire Loz\u00e9rien. Une d\u00e9cision prise en plein \u00e9t\u00e9 bien s\u00fbr quand la plupart sont en vacances.<br \/>\n&nbsp;<br \/>\nAinsi les \u00e9lus et collectivit\u00e9s n&rsquo;auront plus d&rsquo;interlocuteur local mais devront s&rsquo;adresser aux bureaux de la tour d&rsquo;ivoire parisienne. Des gens qui connaissent le terrain, certainement.<br \/>\n&nbsp;<br \/>\nLe Comit\u00e9 pluraliste qui d\u00e9fend la ligne B\u00e9ziers Neussargues du train Aubrac vient d&rsquo;envoyer une lettre \u00e0 P\u00e9py et au directeur r\u00e9gional Occitanie mise en copie aux directions et r\u00e9gions Auvergne Rh\u00f4ne Alpes. La voici.<br \/>\n&nbsp;<br \/>\n<img loading=\"lazy\" decoding=\"async\" class=\" aligncenter size-full wp-image-2728\" src=\"http:\/\/5.45.101.177\/haut-allier\/usagers-transportse\/wp-content\/uploads\/2019\/08\/0819_lettre-maintien-poste-directeur-departemental-00.jpg\" alt=\"0819_lettre-maintien-poste-directeur-departemental-00.jpg\" align=\"center\" width=\"702\" height=\"994\" srcset=\"https:\/\/usagers-transports.haut-allier.eu\/wp-content\/uploads\/2019\/08\/0819_lettre-maintien-poste-directeur-departemental-00.jpg 702w, https:\/\/usagers-transports.haut-allier.eu\/wp-content\/uploads\/2019\/08\/0819_lettre-maintien-poste-directeur-departemental-00-212x300.jpg 212w\" sizes=\"auto, (max-width: 702px) 100vw, 702px\" \/><\/p>\n<p><img loading=\"lazy\" decoding=\"async\" class=\" aligncenter size-full wp-image-2729\" src=\"http:\/\/5.45.101.177\/haut-allier\/usagers-transportse\/wp-content\/uploads\/2019\/08\/0819_lettre-maintien-poste-directeur-departemental-01.jpg\" alt=\"0819_lettre-maintien-poste-directeur-departemental-01.jpg\" align=\"center\" width=\"702\" height=\"994\" srcset=\"https:\/\/usagers-transports.haut-allier.eu\/wp-content\/uploads\/2019\/08\/0819_lettre-maintien-poste-directeur-departemental-01.jpg 702w, https:\/\/usagers-transports.haut-allier.eu\/wp-content\/uploads\/2019\/08\/0819_lettre-maintien-poste-directeur-departemental-01-212x300.jpg 212w\" sizes=\"auto, (max-width: 702px) 100vw, 702px\" \/><br \/>\n&nbsp;<br \/>\nLe Collectif des Usagers des transports du Haut Allier soutient nos amis loz\u00e9riens et aveyronais. Nul doute qu&rsquo;il va y avoir de nouvelles suppressions dans les autres d\u00e9partements. Le plan de la SNCF pour la liquidation du r\u00e9seau dans nos pays est bien en marche malgr\u00e9 les beaux discours. <\/p>\n","protected":false},"excerpt":{"rendered":"<p>La d\u00e9cision des Directions SNCF a \u00e9t\u00e9 prise au plus haut niveau et en dit long sur les<\/p>\n","protected":false},"author":1,"featured_media":2727,"comment_status":"open","ping_status":"open","sticky":false,"template":"","format":"standard","meta":{"footnotes":""},"categories":[5],"tags":[],"class_list":["post-616","post","type-post","status-publish","format-standard","has-post-thumbnail","hentry","category-ensemble"],"_links":{"self":[{"href":"https:\/\/usagers-transports.haut-allier.eu\/index.php\/wp-json\/wp\/v2\/posts\/616","targetHints":{"allow":["GET"]}}],"collection":[{"href":"https:\/\/usagers-transports.haut-allier.eu\/index.php\/wp-json\/wp\/v2\/posts"}],"about":[{"href":"https:\/\/usagers-transports.haut-allier.eu\/index.php\/wp-json\/wp\/v2\/types\/post"}],"author":[{"embeddable":true,"href":"https:\/\/usagers-transports.haut-allier.eu\/index.php\/wp-json\/wp\/v2\/users\/1"}],"replies":[{"embeddable":true,"href":"https:\/\/usagers-transports.haut-allier.eu\/index.php\/wp-json\/wp\/v2\/comments?post=616"}],"version-history":[{"count":0,"href":"https:\/\/usagers-transports.haut-allier.eu\/index.php\/wp-json\/wp\/v2\/posts\/616\/revisions"}],"wp:featuredmedia":[{"embeddable":true,"href":"https:\/\/usagers-transports.haut-allier.eu\/index.php\/wp-json\/wp\/v2\/media\/2727"}],"wp:attachment":[{"href":"https:\/\/usagers-transports.haut-allier.eu\/index.php\/wp-json\/wp\/v2\/media?parent=616"}],"wp:term":[{"taxonomy":"category","embeddable":true,"href":"https:\/\/usagers-transports.haut-allier.eu\/index.php\/wp-json\/wp\/v2\/categories?post=616"},{"taxonomy":"post_tag","embeddable":true,"href":"https:\/\/usagers-transports.haut-allier.eu\/index.php\/wp-json\/wp\/v2\/tags?post=616"}],"curies":[{"name":"wp","href":"https:\/\/api.w.org\/{rel}","templated":true}]}}