{"id":617,"date":"2019-08-21T18:32:42","date_gmt":"2019-08-21T16:32:42","guid":{"rendered":"http:\/\/5.45.101.177\/haut-allier\/usagers-transportse\/index.php\/2019\/08\/21\/petition-signons-pour-la-fin-des617\/"},"modified":"2026-09-01T15:55:31","modified_gmt":"2026-09-01T13:55:31","slug":"petition-signons-pour-la-fin-des617","status":"publish","type":"post","link":"https:\/\/usagers-transports.haut-allier.eu\/index.php\/2019\/08\/21\/petition-signons-pour-la-fin-des617\/","title":{"rendered":"P\u00e9tition : Signons pour la fin des billets limit\u00e9s de OUI.SNCF"},"content":{"rendered":"Depuis trop longtemps la SNCF et son agence de voyages officielle <a href=\"https:\/\/www.oui.sncf\"><strong>Oui.SNCF<\/strong><\/a> enfume et gruge les usagers oblig\u00e9s de passer par son site, soit parce que leur gare n&rsquo;a pas ou plus de point de vente de billets ni de distributeurs automatiques, soit pour la commodit\u00e9, soit parce que certains tarifs ne sont disponibles que via Internet, sous pr\u00e9texte que nous, les voyageurs, refuserions d&rsquo;acheter un billet comportant plus de 2 correspondances. Le discours est bien rod\u00e9, entendu et r\u00e9p\u00e9t\u00e9 avec m\u00e9thode (Cou\u00e9) par tous les agents du prestataire \u00e0 qui l&rsquo;Etat a confi\u00e9 depuis des lustres la gestion de son r\u00e9seau ferroviaire.\n&nbsp;\nEt ainsi, depuis plusieurs ann\u00e9es, sans honte, cette soci\u00e9t\u00e9 ne propose plus sur son unique site web complet de r\u00e9servation de voyages que des billets limit\u00e9s \u00e0 2 changements. C&rsquo;est \u00e0 notre connaissance la seule en Europe.\n&nbsp;\n<strong>L&rsquo;usager est pris pour un pigeon et il trinque<\/strong>\n&nbsp;\n&#8211; Les billets affich\u00e9s et propos\u00e9s le sont pour des trajets plus longs qui reviennent la plupart du temps plus chers, voire beaucoup plus chers, jusqu&rsquo;au double du prix.\n&nbsp;\n&#8211; On oblige le voyageur la plupart du temps \u00e0 passer par Paris et \u00e0 faire un changement de gare. Tr\u00e8s pratique avec des bagages.\n&nbsp;\n&#8211; Ce sont toujours les memes axes qui sont emprunt\u00e9s et ainsi les lignes TGV et les grandes lignes Intercit\u00e9s sont surcharg\u00e9es en permanence.\n&nbsp;\n<strong>Les cons\u00e9quences n\u00e9gatives pour l&rsquo;avenir du train dans ce pays sont \u00e9videntes<\/strong>\n&nbsp;\n&#8211; C&rsquo;est un vidage math\u00e9matique des trains qui circulent sur les lignes classiques que la soci\u00e9t\u00e9 dite ferroviaire a qualifi\u00e9 de petites pour des dessertes qu&rsquo;elle qualifie de \u00ab\u00a0fines\u00a0\u00bb sous-entendu pas indispensables.\n&nbsp;\n&#8211; C&rsquo;est une d\u00e9saffection des gares du r\u00e9seau historique et de leurs villes par les voyageurs.\n&nbsp;\n&#8211; C&rsquo;est une d\u00e9sertification croissante des zones rurales et moins denses,\n&nbsp;\n&#8211; Ce sont des statistiques de fr\u00e9quentation des lignes du quotidien forc\u00e9ment en baisse qui favorisent leurs fermetures.\n&nbsp;\n<strong>Face \u00e0 cel\u00e0 plusieurs groupes d&rsquo;usagers du train disent STOP : ils exigent de la SNCF et de son pr\u00e9sident l&rsquo;arret du verrouillage des billets vendus sur le net \u00e0 2 correspondances.<\/strong>\n&nbsp;\nPour cel\u00e0 ils lancent une p\u00e9tition en ligne qui d\u00e8s le premier jour a un beau succ\u00e8s. On peut la signer ici :\n&nbsp;\n<a href=\"http:\/\/chng.it\/jGSDpbyh\"><strong>Guillaume P\u00e9py : Stop aux billets SNCF limit\u00e9s \u00e0 2 changements\u2026<\/strong> <\/a>\n&nbsp;\nLes lanceurs de l&rsquo;op\u00e9ration :\n\n<em>\nle Collectif des Usagers des transports du Haut-Allier,\n&nbsp;\nle Comit\u00e9 de D\u00e9fense des Services Publics et des Usagers dans les Hautes-C\u00e9vennes,\n&nbsp;\nl&rsquo;Association des Usagers de la SNCF du Gard et des d\u00e9partements limitrophes,\n&nbsp;\nle Comit\u00e9 de d\u00e9fense Rail 09.<\/em>\n&nbsp;\n(Liste non close)\n&nbsp;\n<strong>Prenons un exemple parmi des centaines que nous vous proposons de relater dans le forum qui suit cet article<\/strong>\n&nbsp;\nNous voulons aller en train \u00e0 Lorient (Bretagne) depuis B\u00e9ziers (Occitanie). Nous consultons, la veille, aujourd&rsquo;hui, le fameux site oui.sncf qui nous propose ceci :\n&nbsp;\n<img loading=\"lazy\" decoding=\"async\" class=\" aligncenter size-full wp-image-2731\" src=\"http:\/\/5.45.101.177\/haut-allier\/usagers-transportse\/wp-content\/uploads\/2019\/08\/firefox_screenshot_2019-08-21t13-54-17.921z.png\" alt=\"firefox_screenshot_2019-08-21t13-54-17.921z.png\" align=\"center\" width=\"1019\" height=\"668\" srcset=\"https:\/\/usagers-transports.haut-allier.eu\/wp-content\/uploads\/2019\/08\/firefox_screenshot_2019-08-21t13-54-17.921z.png 1019w, https:\/\/usagers-transports.haut-allier.eu\/wp-content\/uploads\/2019\/08\/firefox_screenshot_2019-08-21t13-54-17.921z-300x197.png 300w, https:\/\/usagers-transports.haut-allier.eu\/wp-content\/uploads\/2019\/08\/firefox_screenshot_2019-08-21t13-54-17.921z-768x503.png 768w\" sizes=\"auto, (max-width: 1019px) 100vw, 1019px\" \/>\n&nbsp;  \navec ce type de trac\u00e9 :\n&nbsp;\n<img loading=\"lazy\" decoding=\"async\" class=\" aligncenter size-full wp-image-2732\" src=\"http:\/\/5.45.101.177\/haut-allier\/usagers-transportse\/wp-content\/uploads\/2019\/08\/firefox_screenshot_2019-08-21t13-58-00.831z.png\" alt=\"firefox_screenshot_2019-08-21t13-58-00.831z.png\" align=\"center\" width=\"879\" height=\"565\" srcset=\"https:\/\/usagers-transports.haut-allier.eu\/wp-content\/uploads\/2019\/08\/firefox_screenshot_2019-08-21t13-58-00.831z.png 879w, https:\/\/usagers-transports.haut-allier.eu\/wp-content\/uploads\/2019\/08\/firefox_screenshot_2019-08-21t13-58-00.831z-300x193.png 300w, https:\/\/usagers-transports.haut-allier.eu\/wp-content\/uploads\/2019\/08\/firefox_screenshot_2019-08-21t13-58-00.831z-768x494.png 768w\" sizes=\"auto, (max-width: 879px) 100vw, 879px\" \/>\n&nbsp;\nLe site de la SNCF annonce la couleur : aucune proposition au dessous de 156 euros. Tous les trajets propos\u00e9s passent par Paris et exigent un changement de gare dans cette ville.\n&nbsp;\nConsid\u00e9rant que les itin\u00e9raires propos\u00e9s ne sont pas assez directs, nous allons voir ce que nous propose le site de la <a href=\"https:\/\/www.bahn.com\/fr\"><strong>Bahn<\/strong><\/a> allemande pour le meme jour en d\u00e9but de matin\u00e9e :\n&nbsp;\n<img loading=\"lazy\" decoding=\"async\" class=\" aligncenter size-full wp-image-2733\" src=\"http:\/\/5.45.101.177\/haut-allier\/usagers-transportse\/wp-content\/uploads\/2019\/08\/firefox_screenshot_2019-08-21t16-56-14.036z.png\" alt=\"firefox_screenshot_2019-08-21t16-56-14.036z.png\" align=\"center\" width=\"958\" height=\"569\" srcset=\"https:\/\/usagers-transports.haut-allier.eu\/wp-content\/uploads\/2019\/08\/firefox_screenshot_2019-08-21t16-56-14.036z.png 958w, https:\/\/usagers-transports.haut-allier.eu\/wp-content\/uploads\/2019\/08\/firefox_screenshot_2019-08-21t16-56-14.036z-300x178.png 300w, https:\/\/usagers-transports.haut-allier.eu\/wp-content\/uploads\/2019\/08\/firefox_screenshot_2019-08-21t16-56-14.036z-768x456.png 768w\" sizes=\"auto, (max-width: 958px) 100vw, 958px\" \/>\n&nbsp;\nNous voyons que le d\u00e9part \u00e0 8h42 correspond \u00e0 un trajet plus direct par Bordeaux en \u00e9vitant Paris :\n&nbsp;\n<img loading=\"lazy\" decoding=\"async\" class=\" aligncenter size-full wp-image-2734\" src=\"http:\/\/5.45.101.177\/haut-allier\/usagers-transportse\/wp-content\/uploads\/2019\/08\/firefox_screenshot_2019-08-21t15-46-56.669z.png\" alt=\"firefox_screenshot_2019-08-21t15-46-56.669z.png\" align=\"center\" width=\"981\" height=\"630\" srcset=\"https:\/\/usagers-transports.haut-allier.eu\/wp-content\/uploads\/2019\/08\/firefox_screenshot_2019-08-21t15-46-56.669z.png 981w, https:\/\/usagers-transports.haut-allier.eu\/wp-content\/uploads\/2019\/08\/firefox_screenshot_2019-08-21t15-46-56.669z-300x193.png 300w, https:\/\/usagers-transports.haut-allier.eu\/wp-content\/uploads\/2019\/08\/firefox_screenshot_2019-08-21t15-46-56.669z-768x493.png 768w\" sizes=\"auto, (max-width: 981px) 100vw, 981px\" \/>\n&nbsp;\n<img loading=\"lazy\" decoding=\"async\" class=\" aligncenter size-full wp-image-2735\" src=\"http:\/\/5.45.101.177\/haut-allier\/usagers-transportse\/wp-content\/uploads\/2019\/08\/firefox_screenshot_2019-08-21t13-56-30.266z.png\" alt=\"firefox_screenshot_2019-08-21t13-56-30.266z.png\" align=\"center\" width=\"897\" height=\"580\" srcset=\"https:\/\/usagers-transports.haut-allier.eu\/wp-content\/uploads\/2019\/08\/firefox_screenshot_2019-08-21t13-56-30.266z.png 897w, https:\/\/usagers-transports.haut-allier.eu\/wp-content\/uploads\/2019\/08\/firefox_screenshot_2019-08-21t13-56-30.266z-300x194.png 300w, https:\/\/usagers-transports.haut-allier.eu\/wp-content\/uploads\/2019\/08\/firefox_screenshot_2019-08-21t13-56-30.266z-768x497.png 768w\" sizes=\"auto, (max-width: 897px) 100vw, 897px\" \/>\n&nbsp;\nCe n&rsquo;est pas un trac\u00e9 parfait mais il est plus logique que ceux propos\u00e9s par Oui.sncf .\n&nbsp;\nComme ce site ne propose pas la vente des billets en France, aucun prix n&rsquo;est affich\u00e9. Aussi nous voil\u00e0 repartis sur le site Oui.sncf passage obligatoire dans ce pays pour obtenir un ticket. Arm\u00e9s du parcours de DB France nous fractionnons notre demande : nous cherchons d&rsquo;abord un B\u00e9ziers &#8211; Saint-Pierre des Corps puis un Saint-Pierre des Corps Lorient :\n&nbsp;\n<img loading=\"lazy\" decoding=\"async\" class=\" aligncenter size-full wp-image-2736\" src=\"http:\/\/5.45.101.177\/haut-allier\/usagers-transportse\/wp-content\/uploads\/2019\/08\/firefox_screenshot_2019-08-21t13-54-44.238z.png\" alt=\"firefox_screenshot_2019-08-21t13-54-44.238z.png\" align=\"center\" width=\"1020\" height=\"653\" srcset=\"https:\/\/usagers-transports.haut-allier.eu\/wp-content\/uploads\/2019\/08\/firefox_screenshot_2019-08-21t13-54-44.238z.png 1020w, https:\/\/usagers-transports.haut-allier.eu\/wp-content\/uploads\/2019\/08\/firefox_screenshot_2019-08-21t13-54-44.238z-300x192.png 300w, https:\/\/usagers-transports.haut-allier.eu\/wp-content\/uploads\/2019\/08\/firefox_screenshot_2019-08-21t13-54-44.238z-768x492.png 768w\" sizes=\"auto, (max-width: 1020px) 100vw, 1020px\" \/>\n&nbsp;\nNous choisissons pour la premi\u00e8re partie du trajet le billet \u00e0 70,9 euros. Deuxi\u00e8me partie de la consultation :\n&nbsp;\n <img loading=\"lazy\" decoding=\"async\" class=\" aligncenter size-full wp-image-2737\" src=\"http:\/\/5.45.101.177\/haut-allier\/usagers-transportse\/wp-content\/uploads\/2019\/08\/firefox_screenshot_2019-08-21t15-54-57.755z.png\" alt=\"firefox_screenshot_2019-08-21t15-54-57.755z.png\" align=\"center\" width=\"1011\" height=\"591\" srcset=\"https:\/\/usagers-transports.haut-allier.eu\/wp-content\/uploads\/2019\/08\/firefox_screenshot_2019-08-21t15-54-57.755z.png 1011w, https:\/\/usagers-transports.haut-allier.eu\/wp-content\/uploads\/2019\/08\/firefox_screenshot_2019-08-21t15-54-57.755z-300x175.png 300w, https:\/\/usagers-transports.haut-allier.eu\/wp-content\/uploads\/2019\/08\/firefox_screenshot_2019-08-21t15-54-57.755z-768x449.png 768w\" sizes=\"auto, (max-width: 1011px) 100vw, 1011px\" \/>\n&nbsp;  \nNous trouvons un billet \u00e0 52,50 euros pour une deuxi\u00e8me partie du trajet qui d\u00e9marrera \u00e0 14h30 soit une attente en gare d&rsquo;une heure et demie, de quoi aller se restaurer en ville.\n&nbsp;\n<strong>R\u00e9sultat : 70,9 + 52,5 = 123,4 euros soit un gain de plus de 30 euros sans changement de gare \u00e0 Paris, pour une dur\u00e9e de trajet \u00e9quivalente : 9h13 par Paris et 10h40 pour le trajet moins cher.<\/strong>\n&nbsp;\nVous pouvez reproduire l&rsquo;exp\u00e9rience \u00e0 l&rsquo;infini. \n&nbsp;\nDepuis des ann\u00e9es la SNCF triche ainsi avec les voyageurs en leur proposant des billets plus chers que ceux qu&rsquo;ils devraient normalement obtenir d&rsquo;un site de r\u00e9servation de voyages g\u00e9r\u00e9 par une entreprise vou\u00e9e au service du public.\n&nbsp;\n<em>[Copies d&rsquo;\u00e9cran effectu\u00e9es le 21 aout 2019 sur les sites oui.sncf et reiseauskunft.bahn.de]<\/em>\n&nbsp;\n<p>&nbsp;<\/p>\n\n\t<figure class=\"wp-block-gallery columns-2 is-cropped wp-block-gallery-1 is-layout-flex wp-block-gallery-is-layout-flex\">\n\t\t<ul class=\"blocks-gallery-grid\">\n\t\t\t<li class=\"blocks-gallery-item\">\n\t\t\t\t<figure>\n\t\t\t\t\t\t\t\t\t\t\t<img loading=\"lazy\" decoding=\"async\" width=\"1005\" height=\"652\" src=\"http:\/\/5.45.101.177\/haut-allier\/usagers-transportse\/wp-content\/uploads\/2019\/08\/firefox_screenshot_2019-08-21t13-55-08.882z.png\"\n\t\t\t\t\t\t alt=\"firefox_screenshot_2019-08-21t13-55-08.882z.png\"\n\t\t\t\t\t\t data-id=\"2738\"\n\t\t\t\t\t\t data-full-url=\"http:\/\/5.45.101.177\/haut-allier\/usagers-transportse\/wp-content\/uploads\/2019\/08\/firefox_screenshot_2019-08-21t13-55-08.882z.png\"\n\t\t\t\t\t\t data-link=\"http:\/\/5.45.101.177\/haut-allier\/usagers-transportse\/attachment-firefox_screenshot_2019-08-21t13-55-08-882z-png\/\"\n\t\t\t\t\t\t class=\"wp-image-2738\" srcset=\"https:\/\/usagers-transports.haut-allier.eu\/wp-content\/uploads\/2019\/08\/firefox_screenshot_2019-08-21t13-55-08.882z.png 1005w, https:\/\/usagers-transports.haut-allier.eu\/wp-content\/uploads\/2019\/08\/firefox_screenshot_2019-08-21t13-55-08.882z-300x195.png 300w, https:\/\/usagers-transports.haut-allier.eu\/wp-content\/uploads\/2019\/08\/firefox_screenshot_2019-08-21t13-55-08.882z-768x498.png 768w\" sizes=\"auto, (max-width: 1005px) 100vw, 1005px\" \/>\n\t\t\t\t<\/figure>\n\t\t\t<\/li>\n\t\t\t<li class=\"blocks-gallery-item\">\n\t\t\t\t<figure>\n\t\t\t\t\t\t\t\t\t\t\t<img loading=\"lazy\" decoding=\"async\" width=\"500\" height=\"700\" src=\"http:\/\/5.45.101.177\/haut-allier\/usagers-transportse\/wp-content\/uploads\/2019\/08\/stop-aux-arnaques-oui-sncf.png\"\n\t\t\t\t\t\t alt=\"stop-aux-arnaques-oui-sncf.png\"\n\t\t\t\t\t\t data-id=\"2739\"\n\t\t\t\t\t\t data-full-url=\"http:\/\/5.45.101.177\/haut-allier\/usagers-transportse\/wp-content\/uploads\/2019\/08\/stop-aux-arnaques-oui-sncf.png\"\n\t\t\t\t\t\t data-link=\"http:\/\/5.45.101.177\/haut-allier\/usagers-transportse\/attachment-stop-aux-arnaques-oui-sncf-png\/\"\n\t\t\t\t\t\t class=\"wp-image-2739\" srcset=\"https:\/\/usagers-transports.haut-allier.eu\/wp-content\/uploads\/2019\/08\/stop-aux-arnaques-oui-sncf.png 500w, https:\/\/usagers-transports.haut-allier.eu\/wp-content\/uploads\/2019\/08\/stop-aux-arnaques-oui-sncf-214x300.png 214w\" sizes=\"auto, (max-width: 500px) 100vw, 500px\" \/>\n\t\t\t\t<\/figure>\n\t\t\t<\/li>\n\t\t<\/ul>\n\t<\/figure>\n","protected":false},"excerpt":{"rendered":"<p>Depuis trop longtemps la SNCF et son agence de voyages officielle Oui.SNCF enfume et gruge les usagers oblig\u00e9s<\/p>\n","protected":false},"author":1,"featured_media":2730,"comment_status":"open","ping_status":"open","sticky":false,"template":"","format":"standard","meta":{"footnotes":""},"categories":[2],"tags":[],"class_list":["post-617","post","type-post","status-publish","format-standard","has-post-thumbnail","hentry","category-infos"],"_links":{"self":[{"href":"https:\/\/usagers-transports.haut-allier.eu\/index.php\/wp-json\/wp\/v2\/posts\/617","targetHints":{"allow":["GET"]}}],"collection":[{"href":"https:\/\/usagers-transports.haut-allier.eu\/index.php\/wp-json\/wp\/v2\/posts"}],"about":[{"href":"https:\/\/usagers-transports.haut-allier.eu\/index.php\/wp-json\/wp\/v2\/types\/post"}],"author":[{"embeddable":true,"href":"https:\/\/usagers-transports.haut-allier.eu\/index.php\/wp-json\/wp\/v2\/users\/1"}],"replies":[{"embeddable":true,"href":"https:\/\/usagers-transports.haut-allier.eu\/index.php\/wp-json\/wp\/v2\/comments?post=617"}],"version-history":[{"count":1,"href":"https:\/\/usagers-transports.haut-allier.eu\/index.php\/wp-json\/wp\/v2\/posts\/617\/revisions"}],"predecessor-version":[{"id":2740,"href":"https:\/\/usagers-transports.haut-allier.eu\/index.php\/wp-json\/wp\/v2\/posts\/617\/revisions\/2740"}],"wp:featuredmedia":[{"embeddable":true,"href":"https:\/\/usagers-transports.haut-allier.eu\/index.php\/wp-json\/wp\/v2\/media\/2730"}],"wp:attachment":[{"href":"https:\/\/usagers-transports.haut-allier.eu\/index.php\/wp-json\/wp\/v2\/media?parent=617"}],"wp:term":[{"taxonomy":"category","embeddable":true,"href":"https:\/\/usagers-transports.haut-allier.eu\/index.php\/wp-json\/wp\/v2\/categories?post=617"},{"taxonomy":"post_tag","embeddable":true,"href":"https:\/\/usagers-transports.haut-allier.eu\/index.php\/wp-json\/wp\/v2\/tags?post=617"}],"curies":[{"name":"wp","href":"https:\/\/api.w.org\/{rel}","templated":true}]}}