{"id":618,"date":"2019-09-06T10:33:32","date_gmt":"2019-09-06T08:33:32","guid":{"rendered":"http:\/\/5.45.101.177\/haut-allier\/usagers-transportse\/index.php\/2019\/09\/06\/suivez-la-rencontre-de-pepy-et-du618\/"},"modified":"2019-09-06T10:33:32","modified_gmt":"2019-09-06T08:33:32","slug":"suivez-la-rencontre-de-pepy-et-du618","status":"publish","type":"post","link":"https:\/\/usagers-transports.haut-allier.eu\/index.php\/2019\/09\/06\/suivez-la-rencontre-de-pepy-et-du618\/","title":{"rendered":"Suivez la rencontre de P\u00e9py et du secr\u00e9taire d&rsquo;\u00e9tat aux transports en direct avec les auvergnats"},"content":{"rendered":"<p>Le quotidien la Montagne et sa r\u00e9dactrice en chef Sandrine Thomas ont mis en place un direct pendant la rencontre du PDG du directoire du groupe SNCF et du nouveau secr\u00e9taire d&rsquo;\u00e9tat aux transports avec quelques usagers auvergnats de la ligne Paris Clermont-Ferrand :<br \/>\n&nbsp;<br \/>\nC&rsquo;est ici et \u00e7a commence vraiment \u00e0 10h40 :<br \/>\n&nbsp;<br \/>\n<a href=\"https:\/\/www.lamontagne.fr\/clermont-ferrand-63000\/actualites\/face-aux-usagers-de-la-ligne-clermont-paris-suivez-en-direct-la-rencontre-avec-guillaume-pepy-et-jean-baptiste-djebbari_13635102\/#refresh\"><strong>Le direct de la rencontre<\/strong><\/a><br \/>\n&nbsp;<br \/>\n<img loading=\"lazy\" decoding=\"async\" class=\" aligncenter size-full wp-image-2742\" src=\"http:\/\/5.45.101.177\/haut-allier\/usagers-transportse\/wp-content\/uploads\/2019\/09\/firefox_screenshot_2019-09-06t08-20-25.422z.png\" alt=\"firefox_screenshot_2019-09-06t08-20-25.422z.png\" align=\"center\" width=\"680\" height=\"514\" srcset=\"https:\/\/usagers-transports.haut-allier.eu\/wp-content\/uploads\/2019\/09\/firefox_screenshot_2019-09-06t08-20-25.422z.png 680w, https:\/\/usagers-transports.haut-allier.eu\/wp-content\/uploads\/2019\/09\/firefox_screenshot_2019-09-06t08-20-25.422z-300x227.png 300w\" sizes=\"auto, (max-width: 680px) 100vw, 680px\" \/><br \/>\n&nbsp;<br \/>\nNous avons demand\u00e9 \u00e0 la r\u00e9dactrice en chef qu&rsquo;elle aborde si elle le peut la question de l&rsquo;isolement ferroviaire de l&rsquo;Auvergne qui se dessine depuis plusieurs ann\u00e9es, celles de l&rsquo;\u00e8re P\u00e9py, ainsi que la question de l&rsquo;avenir des autres lignes vers l&rsquo;ouest, le sud-ouest le sud avec celles du train C\u00e9venol et de l&rsquo;Aubrac ainsi que de l&rsquo;est avec la ligne vers Saint-Etienne.<br \/>\n&nbsp;<br \/>\n<img loading=\"lazy\" decoding=\"async\" class=\" aligncenter size-full wp-image-2743\" src=\"http:\/\/5.45.101.177\/haut-allier\/usagers-transportse\/wp-content\/uploads\/2019\/09\/firefox_screenshot_2019-09-06t08-30-05.386z.png\" alt=\"firefox_screenshot_2019-09-06t08-30-05.386z.png\" align=\"center\" width=\"334\" height=\"489\" srcset=\"https:\/\/usagers-transports.haut-allier.eu\/wp-content\/uploads\/2019\/09\/firefox_screenshot_2019-09-06t08-30-05.386z.png 334w, https:\/\/usagers-transports.haut-allier.eu\/wp-content\/uploads\/2019\/09\/firefox_screenshot_2019-09-06t08-30-05.386z-205x300.png 205w\" sizes=\"auto, (max-width: 334px) 100vw, 334px\" \/><br \/>\n&nbsp;<br \/>\nMonsieur P\u00e9py est attendu au tournant, avant son d\u00e9part, et s&rsquo;il est vrai que rien ne l&#8217;emp\u00eachera de faire de l&rsquo;enfumage en promettant des mensonges, les \u00e9crits et les dires restent, et tout ceci sera port\u00e9 \u00e0 son cr\u00e9dit et au cr\u00e9dit de l&rsquo;entreprise de service public qu&rsquo;il dirige.<br \/>\n&nbsp;<br \/>\n<iframe loading=\"lazy\" width=\"100%\" height=\"100%\" src=\"https:\/\/www.youtube.com\/embed\/BMJ0XZ6WDzM\" frameborder=\"0\" allow=\"accelerometer; autoplay; encrypted-media; gyroscope; picture-in-picture\" allowfullscreen><\/iframe><br \/>\n&nbsp;<br \/>\nVoici l&rsquo;enregistrement audio complet de 60 minutes capt\u00e9 par nos soins :<br \/>\n&nbsp;<br \/>\n<a href=\"http:\/\/5.45.101.177\/haut-allier\/usagers-transportse\/wp-content\/uploads\/2019\/09\/face-aux-usagers-de-la-ligne-clermont-paris.mp3\">face-aux-usagers-de-la-ligne-clermont-paris.mp3<\/a><br \/>\n&nbsp;<br \/>\nVoici un sujet diffus\u00e9 par TF1 sur l&rsquo;\u00e9tat de v\u00e9tust\u00e9 des lignes d&rsquo;Auvergne :<br \/>\n&nbsp;<br \/>\n<iframe loading=\"lazy\" src=\"https:\/\/www.tf1.fr\/embedplayer\/13659397\/?startAt=0\" width=\"100%\" height=\"100%\" frameborder=\"0\" webkitallowfullscreen mozallowfullscreen allowfullscreen allow=\"autoplay; encrypted-media\"><\/iframe><br \/>\n&nbsp;<\/p>\n","protected":false},"excerpt":{"rendered":"<p>Le quotidien la Montagne et sa r\u00e9dactrice en chef Sandrine Thomas ont mis en place un direct pendant<\/p>\n","protected":false},"author":1,"featured_media":2741,"comment_status":"open","ping_status":"open","sticky":false,"template":"","format":"standard","meta":{"footnotes":""},"categories":[2],"tags":[],"class_list":["post-618","post","type-post","status-publish","format-standard","has-post-thumbnail","hentry","category-infos"],"_links":{"self":[{"href":"https:\/\/usagers-transports.haut-allier.eu\/index.php\/wp-json\/wp\/v2\/posts\/618","targetHints":{"allow":["GET"]}}],"collection":[{"href":"https:\/\/usagers-transports.haut-allier.eu\/index.php\/wp-json\/wp\/v2\/posts"}],"about":[{"href":"https:\/\/usagers-transports.haut-allier.eu\/index.php\/wp-json\/wp\/v2\/types\/post"}],"author":[{"embeddable":true,"href":"https:\/\/usagers-transports.haut-allier.eu\/index.php\/wp-json\/wp\/v2\/users\/1"}],"replies":[{"embeddable":true,"href":"https:\/\/usagers-transports.haut-allier.eu\/index.php\/wp-json\/wp\/v2\/comments?post=618"}],"version-history":[{"count":0,"href":"https:\/\/usagers-transports.haut-allier.eu\/index.php\/wp-json\/wp\/v2\/posts\/618\/revisions"}],"wp:featuredmedia":[{"embeddable":true,"href":"https:\/\/usagers-transports.haut-allier.eu\/index.php\/wp-json\/wp\/v2\/media\/2741"}],"wp:attachment":[{"href":"https:\/\/usagers-transports.haut-allier.eu\/index.php\/wp-json\/wp\/v2\/media?parent=618"}],"wp:term":[{"taxonomy":"category","embeddable":true,"href":"https:\/\/usagers-transports.haut-allier.eu\/index.php\/wp-json\/wp\/v2\/categories?post=618"},{"taxonomy":"post_tag","embeddable":true,"href":"https:\/\/usagers-transports.haut-allier.eu\/index.php\/wp-json\/wp\/v2\/tags?post=618"}],"curies":[{"name":"wp","href":"https:\/\/api.w.org\/{rel}","templated":true}]}}