{"id":620,"date":"2019-09-29T19:59:30","date_gmt":"2019-09-29T17:59:30","guid":{"rendered":"http:\/\/5.45.101.177\/haut-allier\/usagers-transportse\/index.php\/2019\/09\/29\/colloque-d-alleyras-martine620\/"},"modified":"2019-09-29T19:59:30","modified_gmt":"2019-09-29T17:59:30","slug":"colloque-d-alleyras-martine620","status":"publish","type":"post","link":"https:\/\/usagers-transports.haut-allier.eu\/index.php\/2019\/09\/29\/colloque-d-alleyras-martine620\/","title":{"rendered":"Colloque d&rsquo;Alleyras : Martine Guibert annonce le d\u00e9blocage de 10 millions d&rsquo;euros pour \u00e9viter la fermeture de la ligne du train C\u00e9venol entre Langeac et Langogne"},"content":{"rendered":"<p>Des travaux urgents \u00e9tal\u00e9s sur trois ans pour contrer la menace brandie par SNCF R\u00e9seau de fermer ligne fin d\u00e9cembre 2019. Un financement \u00e0 100% de la r\u00e9gion Auvergne Rh\u00f4ne Alpes puisque l&rsquo;entreprise ferroviaire aurait refus\u00e9 de participer. Il s&rsquo;agit bien d&rsquo;un sauvetage avant qu&rsquo;un plan de relance soit mis en place par les deux r\u00e9gions en 2023. Le premier comit\u00e9 de pilotage aura lieu d\u00e9but octobre.<br \/>\n&nbsp;<br \/>\n<iframe loading=\"lazy\" width=\"640\" height=\"360\" src=\"https:\/\/www.youtube.com\/embed\/xILnlV0CPGY\" frameborder=\"0\" allow=\"accelerometer; autoplay; encrypted-media; gyroscope; picture-in-picture\" allowfullscreen><\/iframe><br \/>\n&nbsp;<br \/>\nL&rsquo;annonce a \u00e9t\u00e9 faite lors du colloque sur l&rsquo;Avenir du train en moyenne montagne organis\u00e9 par l&rsquo;association <em>\u00ab\u00a02020 : 150 ans de la ligne du train C\u00e9venol\u00a0\u00bb<\/em> en pr\u00e9mices aux festivit\u00e9s pr\u00e9vues l&rsquo;\u00e9t\u00e9 prochain entre Villefort et Brioude. Il se tenait au petit th\u00e9\u00e2tre d&rsquo;Alleyras en pr\u00e9sence d&rsquo;environ 70 responsables politiques, \u00e9lus, des associations d&rsquo;usagers, des responsables SNCF des deux r\u00e9gions, Mobilit\u00e9s et R\u00e9seau, ainsi que des deux vice-pr\u00e9sidents charg\u00e9s des transports d&rsquo;Occitane et d&rsquo;AuRA.<br \/>\n&nbsp;<br \/>\n<img loading=\"lazy\" decoding=\"async\" class=\" aligncenter size-full wp-image-2747\" src=\"http:\/\/5.45.101.177\/haut-allier\/usagers-transportse\/wp-content\/uploads\/2019\/09\/p_20190927_163322.jpg\" alt=\"p_20190927_163322.jpg\" align=\"center\" width=\"1730\" height=\"919\" srcset=\"https:\/\/usagers-transports.haut-allier.eu\/wp-content\/uploads\/2019\/09\/p_20190927_163322.jpg 1730w, https:\/\/usagers-transports.haut-allier.eu\/wp-content\/uploads\/2019\/09\/p_20190927_163322-300x159.jpg 300w, https:\/\/usagers-transports.haut-allier.eu\/wp-content\/uploads\/2019\/09\/p_20190927_163322-1024x544.jpg 1024w, https:\/\/usagers-transports.haut-allier.eu\/wp-content\/uploads\/2019\/09\/p_20190927_163322-768x408.jpg 768w, https:\/\/usagers-transports.haut-allier.eu\/wp-content\/uploads\/2019\/09\/p_20190927_163322-1536x816.jpg 1536w\" sizes=\"auto, (max-width: 1730px) 100vw, 1730px\" \/><br \/>\n&nbsp;<br \/>\n<strong>Les 8 heures du colloque d&rsquo;Alleyras visibles sur Youtube<\/strong><br \/>\n&nbsp;<br \/>\nLa journ\u00e9e enti\u00e8re \u00e9tait retransmise en direct sur ce site, et l&rsquo;archive peut \u00eatre consult\u00e9e ici (attention reportez vous \u00e0 la 40\u00e8me minute pour d\u00e9but effectif du colloque, pareil \u00e0 midi pour le repas, une version \u00ab\u00a0all\u00e9g\u00e9e\u00a0\u00bb sera mise en ligne bient\u00f4t) :<br \/>\n&nbsp;<br \/>\n<iframe loading=\"lazy\" width=\"640\" height=\"406\" src=\"https:\/\/www.youtube.com\/embed\/7TuipkcksPA\" frameborder=\"0\" allow=\"accelerometer; autoplay; encrypted-media; gyroscope; picture-in-picture\" allowfullscreen><\/iframe><br \/>\n&nbsp;<br \/>\nLe collectif des usagers des transports du haut Allier a profit\u00e9 lamentablement de la visite des installations ferroviaires de la gare du Pont d&rsquo;Alleyras organis\u00e9e par SNCF AuRA apr\u00e8s le d\u00e9jeuner <strong>pour redire les dol\u00e9ances des voyageurs habitu\u00e9s \u00e0 cette gare<\/strong> :<br \/>\n&nbsp;<br \/>\nLe porte-parole du collectif a remis une lettre g\u00e9ante de dol\u00e9ances \u00e0 Jean-Paul Bournazel de SNCF R\u00e9seau AuRA. La voici :<br \/>\n&nbsp;<br \/>\n<img loading=\"lazy\" decoding=\"async\" class=\" aligncenter size-full wp-image-2748\" src=\"http:\/\/5.45.101.177\/haut-allier\/usagers-transportse\/wp-content\/uploads\/2019\/09\/10ansgarealleyras.jpg\" alt=\"10ansgarealleyras.jpg\" align=\"center\" width=\"561\" height=\"794\" srcset=\"https:\/\/usagers-transports.haut-allier.eu\/wp-content\/uploads\/2019\/09\/10ansgarealleyras.jpg 561w, https:\/\/usagers-transports.haut-allier.eu\/wp-content\/uploads\/2019\/09\/10ansgarealleyras-212x300.jpg 212w\" sizes=\"auto, (max-width: 561px) 100vw, 561px\" \/><br \/>\n&nbsp;<br \/>\nLe responsable en a pris bonne note et a promis d&rsquo;en tenir compte. Nous y veillerons.<br \/>\n&nbsp;<br \/>\n<img loading=\"lazy\" decoding=\"async\" class=\" aligncenter size-full wp-image-2749\" src=\"http:\/\/5.45.101.177\/haut-allier\/usagers-transportse\/wp-content\/uploads\/2019\/09\/p_20190927_142346p.jpg\" alt=\"p_20190927_142346p.jpg\" align=\"center\" width=\"1000\" height=\"562\" srcset=\"https:\/\/usagers-transports.haut-allier.eu\/wp-content\/uploads\/2019\/09\/p_20190927_142346p.jpg 1000w, https:\/\/usagers-transports.haut-allier.eu\/wp-content\/uploads\/2019\/09\/p_20190927_142346p-300x169.jpg 300w, https:\/\/usagers-transports.haut-allier.eu\/wp-content\/uploads\/2019\/09\/p_20190927_142346p-768x432.jpg 768w\" sizes=\"auto, (max-width: 1000px) 100vw, 1000px\" \/><br \/>\n&nbsp;<\/p>\n<p>&nbsp;<br \/>\n<strong>Dans la presse :<\/strong><br \/>\n&nbsp;<br \/>\n&#8211; RCF Le Puy<br \/>\n&nbsp;<br \/>\n<a href=\"http:\/\/5.45.101.177\/haut-allier\/usagers-transportse\/wp-content\/uploads\/2019\/09\/marc_gouttebroze_ce_que_nous_attendons_ce_sont_des_annonces_.mp3\">marc_gouttebroze_ce_que_nous_attendons_ce_sont_des_annonces_.mp3<\/a><br \/>\n&nbsp;<br \/>\n&#8211; France 3 Rh\u00f4ne Alpes Auvergne : Journal de 19h00 du 27\/09\/2019<br \/>\n&nbsp;<br \/>\n<a href=\"http:\/\/5.45.101.177\/haut-allier\/usagers-transportse\/wp-content\/uploads\/2019\/09\/usagers-transports-haut-allier-eu-jt1920auvergne-france3auvergne-rhone-alpes.mp4\">usagers-transports-haut-allier-eu-jt1920auvergne-france3auvergne-rhone-alpes.mp4<\/a><br \/>\n&nbsp;<br \/>\n&#8211; Midi Libre du 29 septembre :<br \/>\n&nbsp;<br \/>\n<img loading=\"lazy\" decoding=\"async\" class=\" aligncenter size-full wp-image-2753\" src=\"http:\/\/5.45.101.177\/haut-allier\/usagers-transportse\/wp-content\/uploads\/2019\/09\/firefox_screenshot_2019-09-29t17-45-47.767z.png\" alt=\"firefox_screenshot_2019-09-29t17-45-47.767z.png\" align=\"center\" width=\"882\" height=\"499\" srcset=\"https:\/\/usagers-transports.haut-allier.eu\/wp-content\/uploads\/2019\/09\/firefox_screenshot_2019-09-29t17-45-47.767z.png 882w, https:\/\/usagers-transports.haut-allier.eu\/wp-content\/uploads\/2019\/09\/firefox_screenshot_2019-09-29t17-45-47.767z-300x170.png 300w, https:\/\/usagers-transports.haut-allier.eu\/wp-content\/uploads\/2019\/09\/firefox_screenshot_2019-09-29t17-45-47.767z-768x435.png 768w\" sizes=\"auto, (max-width: 882px) 100vw, 882px\" \/><br \/>\n<img loading=\"lazy\" decoding=\"async\" class=\" aligncenter size-full wp-image-2754\" src=\"http:\/\/5.45.101.177\/haut-allier\/usagers-transportse\/wp-content\/uploads\/2019\/09\/colloquedalleyras.jpg\" alt=\"colloquedalleyras.jpg\" align=\"center\" width=\"1284\" height=\"2536\" srcset=\"https:\/\/usagers-transports.haut-allier.eu\/wp-content\/uploads\/2019\/09\/colloquedalleyras.jpg 1284w, https:\/\/usagers-transports.haut-allier.eu\/wp-content\/uploads\/2019\/09\/colloquedalleyras-152x300.jpg 152w, https:\/\/usagers-transports.haut-allier.eu\/wp-content\/uploads\/2019\/09\/colloquedalleyras-518x1024.jpg 518w, https:\/\/usagers-transports.haut-allier.eu\/wp-content\/uploads\/2019\/09\/colloquedalleyras-768x1517.jpg 768w, https:\/\/usagers-transports.haut-allier.eu\/wp-content\/uploads\/2019\/09\/colloquedalleyras-778x1536.jpg 778w, https:\/\/usagers-transports.haut-allier.eu\/wp-content\/uploads\/2019\/09\/colloquedalleyras-1037x2048.jpg 1037w\" sizes=\"auto, (max-width: 1284px) 100vw, 1284px\" \/><\/p>\n<p>&nbsp;<br \/>\n&#8211; L&rsquo;Eveil de >Haute-Loire du 30\/09\/2019<br \/>\n&nbsp;<br \/>\n<img loading=\"lazy\" decoding=\"async\" class=\" aligncenter size-full wp-image-2755\" src=\"http:\/\/5.45.101.177\/haut-allier\/usagers-transportse\/wp-content\/uploads\/2019\/09\/screenshot-2019-9-30_loi_mobilites_-_le_train_cevenol_veut_devenir_une_ligne_du_quotidien-scaled.jpg\" alt=\"screenshot-2019-9-30_loi_mobilites_-_le_train_cevenol_veut_devenir_une_ligne_du_quotidien.jpg\" align=\"center\" width=\"854\" height=\"2560\" srcset=\"https:\/\/usagers-transports.haut-allier.eu\/wp-content\/uploads\/2019\/09\/screenshot-2019-9-30_loi_mobilites_-_le_train_cevenol_veut_devenir_une_ligne_du_quotidien-scaled.jpg 854w, https:\/\/usagers-transports.haut-allier.eu\/wp-content\/uploads\/2019\/09\/screenshot-2019-9-30_loi_mobilites_-_le_train_cevenol_veut_devenir_une_ligne_du_quotidien-100x300.jpg 100w, https:\/\/usagers-transports.haut-allier.eu\/wp-content\/uploads\/2019\/09\/screenshot-2019-9-30_loi_mobilites_-_le_train_cevenol_veut_devenir_une_ligne_du_quotidien-342x1024.jpg 342w, https:\/\/usagers-transports.haut-allier.eu\/wp-content\/uploads\/2019\/09\/screenshot-2019-9-30_loi_mobilites_-_le_train_cevenol_veut_devenir_une_ligne_du_quotidien-768x2303.jpg 768w, https:\/\/usagers-transports.haut-allier.eu\/wp-content\/uploads\/2019\/09\/screenshot-2019-9-30_loi_mobilites_-_le_train_cevenol_veut_devenir_une_ligne_du_quotidien-512x1536.jpg 512w, https:\/\/usagers-transports.haut-allier.eu\/wp-content\/uploads\/2019\/09\/screenshot-2019-9-30_loi_mobilites_-_le_train_cevenol_veut_devenir_une_ligne_du_quotidien-683x2048.jpg 683w\" sizes=\"auto, (max-width: 854px) 100vw, 854px\" \/><br \/>\n&nbsp;<br \/>\n&#8211; France Bleu Pays d&rsquo;Auvergne le journal de 7h du 01\/10\/2019<br \/>\n&nbsp;<br \/>\n<em>Itw de Jean-Pierre Vigier<\/em><br \/>\n<a href=\"http:\/\/5.45.101.177\/haut-allier\/usagers-transportse\/wp-content\/uploads\/2019\/09\/france-bleu-pays-auvergne-01-10-2019-journal-7h00.mp3\">france-bleu-pays-auvergne-01-10-2019-journal-7h00.mp3<\/a><br \/>\n&nbsp;<br \/>\n<em>Le site web<\/em><br \/>\n<img loading=\"lazy\" decoding=\"async\" class=\" aligncenter size-full wp-image-2757\" src=\"http:\/\/5.45.101.177\/haut-allier\/usagers-transportse\/wp-content\/uploads\/2019\/09\/firefox_screenshot_2019-10-01t10-20-01.799z.png\" alt=\"firefox_screenshot_2019-10-01t10-20-01.799z.png\" align=\"center\" width=\"912\" height=\"2241\" srcset=\"https:\/\/usagers-transports.haut-allier.eu\/wp-content\/uploads\/2019\/09\/firefox_screenshot_2019-10-01t10-20-01.799z.png 912w, https:\/\/usagers-transports.haut-allier.eu\/wp-content\/uploads\/2019\/09\/firefox_screenshot_2019-10-01t10-20-01.799z-122x300.png 122w, https:\/\/usagers-transports.haut-allier.eu\/wp-content\/uploads\/2019\/09\/firefox_screenshot_2019-10-01t10-20-01.799z-417x1024.png 417w, https:\/\/usagers-transports.haut-allier.eu\/wp-content\/uploads\/2019\/09\/firefox_screenshot_2019-10-01t10-20-01.799z-768x1887.png 768w, https:\/\/usagers-transports.haut-allier.eu\/wp-content\/uploads\/2019\/09\/firefox_screenshot_2019-10-01t10-20-01.799z-625x1536.png 625w, https:\/\/usagers-transports.haut-allier.eu\/wp-content\/uploads\/2019\/09\/firefox_screenshot_2019-10-01t10-20-01.799z-833x2048.png 833w\" sizes=\"auto, (max-width: 912px) 100vw, 912px\" \/><br \/>\n&nbsp;<br \/>\n&nbsp;<br \/>\nNotre <a href=\"https:\/\/150ans.traincevenol.eu\/?page_id=608\"><em>reportage photographique<\/em><\/a> sur le colloque.<br \/>\n&nbsp;<\/p>\n","protected":false},"excerpt":{"rendered":"<p>Des travaux urgents \u00e9tal\u00e9s sur trois ans pour contrer la menace brandie par SNCF R\u00e9seau de fermer ligne<\/p>\n","protected":false},"author":1,"featured_media":2746,"comment_status":"open","ping_status":"open","sticky":false,"template":"","format":"standard","meta":{"footnotes":""},"categories":[8],"tags":[],"class_list":["post-620","post","type-post","status-publish","format-standard","has-post-thumbnail","hentry","category-communiques"],"_links":{"self":[{"href":"https:\/\/usagers-transports.haut-allier.eu\/index.php\/wp-json\/wp\/v2\/posts\/620","targetHints":{"allow":["GET"]}}],"collection":[{"href":"https:\/\/usagers-transports.haut-allier.eu\/index.php\/wp-json\/wp\/v2\/posts"}],"about":[{"href":"https:\/\/usagers-transports.haut-allier.eu\/index.php\/wp-json\/wp\/v2\/types\/post"}],"author":[{"embeddable":true,"href":"https:\/\/usagers-transports.haut-allier.eu\/index.php\/wp-json\/wp\/v2\/users\/1"}],"replies":[{"embeddable":true,"href":"https:\/\/usagers-transports.haut-allier.eu\/index.php\/wp-json\/wp\/v2\/comments?post=620"}],"version-history":[{"count":0,"href":"https:\/\/usagers-transports.haut-allier.eu\/index.php\/wp-json\/wp\/v2\/posts\/620\/revisions"}],"wp:featuredmedia":[{"embeddable":true,"href":"https:\/\/usagers-transports.haut-allier.eu\/index.php\/wp-json\/wp\/v2\/media\/2746"}],"wp:attachment":[{"href":"https:\/\/usagers-transports.haut-allier.eu\/index.php\/wp-json\/wp\/v2\/media?parent=620"}],"wp:term":[{"taxonomy":"category","embeddable":true,"href":"https:\/\/usagers-transports.haut-allier.eu\/index.php\/wp-json\/wp\/v2\/categories?post=620"},{"taxonomy":"post_tag","embeddable":true,"href":"https:\/\/usagers-transports.haut-allier.eu\/index.php\/wp-json\/wp\/v2\/tags?post=620"}],"curies":[{"name":"wp","href":"https:\/\/api.w.org\/{rel}","templated":true}]}}