{"id":621,"date":"2019-10-03T19:26:13","date_gmt":"2019-10-03T17:26:13","guid":{"rendered":"http:\/\/5.45.101.177\/haut-allier\/usagers-transportse\/index.php\/2019\/10\/03\/ligne-grenoble-gap-malgre-les621\/"},"modified":"2019-10-03T19:26:13","modified_gmt":"2019-10-03T17:26:13","slug":"ligne-grenoble-gap-malgre-les621","status":"publish","type":"post","link":"https:\/\/usagers-transports.haut-allier.eu\/index.php\/2019\/10\/03\/ligne-grenoble-gap-malgre-les621\/","title":{"rendered":"Ligne Grenoble-Gap : malgr\u00e9 les promesses, l\u2019\u00c9tat continue d\u2019atermoyer"},"content":{"rendered":"<p>Tout ne se passe pas bien c\u00f4t\u00e9 ligne Grenoble &#8211; Gap. La veille du colloque d&rsquo;Alleyras sur l&rsquo;avenir des lignes de moyenne montagne, le jeudi, en comit\u00e9 de pilotage pr\u00e9sid\u00e9 par le pr\u00e9fet de R\u00e9gion PACA, l\u2019\u00c9tat-strat\u00e8ge s\u2019est av\u00e9r\u00e9 d\u00e9faillant, laissant libre cours aux gesticulations et impr\u00e9cisions de SNCF R\u00e9seau plut\u00f4t que de taper du poing sur la table. Le Collectif de l\u2019\u00e9toile ferroviaire de Veynes interpellait peu apr\u00e8s le secr\u00e9taire d\u2019\u00c9tat dans une lettre ouverte. Il appelait l&rsquo;ensemble des \u00e9lus, syndicats et habitants des Hautes-Alpes, de la Dr\u00f4me et de l&rsquo;Is\u00e8re \u00e0 converger en assembl\u00e9e g\u00e9n\u00e9rale \u00e0 Veynes le samedi 5 octobre 2019 pour obtenir le lancement des travaux urgents n\u00e9cessaires au maintien de l&rsquo;axe.<br \/>\n&nbsp;<br \/>\nDe l&rsquo;aveu de l&rsquo;entourage de la vice-pr\u00e9sidente de la r\u00e9gion Auvergne Rh\u00f4ne Alpes charg\u00e9e des transports on \u00e9tait pourtant \u00e0 deux doigts d&rsquo;un accord. Mais l&rsquo;Etat et le pr\u00e9fet furent effectivement d\u00e9faillants. On y est habitu\u00e9. Partout. Y compris sur la ligne des C\u00e9vennes.<br \/>\n&nbsp;<br \/>\nVoici le communiqu\u00e9 du collectif de l&rsquo;Etoile de Veynes d&rsquo;aujourd&rsquo;hui :<\/p>\n<p>&nbsp;<br \/>\n<strong>Les PLOUCS se rebiffent<\/strong><br \/>\n&nbsp;<br \/>\n<strong>L\u2019heure tourne : en l\u2019absence de d\u00e9cision claire de l\u2019\u00c9tat d\u2019ici samedi, l\u2019assembl\u00e9e g\u00e9n\u00e9rale du Collectif lancera une action d\u2019ampleur dans les semaines \u00e0 venir. Pour clarifier les d\u00e9bats, nous publions ce jour une br\u00e8ve histoire de la ligne en deux actes, quatre mensonges et cinq boniments. La le\u00e7on est claire : depuis plus d\u2019un an, l\u2019\u00c9tat fait semblant de chercher des donn\u00e9es techniques qu\u2019il conna\u00eet parfaitement. Maintenant, \u00e7a suffit !<\/strong><br \/>\n&nbsp;<br \/>\n<em>Communiqu\u00e9 \u2013 jeudi 3 octobre 2019<\/em><br \/>\n&nbsp;<br \/>\nPr\u00e9cision : l&rsquo;assembl\u00e9e g\u00e9n\u00e9rale se tient \u00e0 Veynes, salle des Arcades, route de Glaise<br \/>\n&nbsp;<br \/>\nComme r\u00e9ponse au mouvement des Gilets jaunes, le pr\u00e9sident de la R\u00e9publique se pose en d\u00e9fenseur des \u00ab petites collectivit\u00e9s \u00bb. Mais en d\u00e9pit des effets de manche, les habitant-e-s de la France rurale ne semblent \u00eatre pour lui que des PLOUCS, c\u2019est \u00e0 dire des populations locales oblig\u00e9es d\u2019utiliser les cars. La semaine pass\u00e9e, les derni\u00e8res et retentissantes promesses du secr\u00e9taire d\u2019\u00c9tat aux Transports concernant la ligne Grenoble-Gap ont fait \u00ab pschit \u00bb : les quelques millions n\u00e9cessaires pour \u00e9viter la fermeture de la voie en d\u00e9cembre 2020 ne sont toujours pas d\u00e9bloqu\u00e9s. Et dans le m\u00eame temps, l\u2019\u00c9tat annonce fi\u00e8rement son intention de d\u00e9bloquer 170 millions d\u2019euros pour la RD1075 parall\u00e8le \u00e0 la voie ferr\u00e9e !<br \/>\n&nbsp;<br \/>\n<strong>Quatre mensonges et cinq boniments<\/strong><br \/>\n&nbsp;<br \/>\nDepuis une semaine, les porte-voix de l\u2019\u00c9tat jouent une musique d\u00e9sormais connue : l\u2019\u00c9tat veut financer, mais SNCF R\u00e9seau refuse d\u2019ob\u00e9ir. Les services pr\u00e9fectoraux ont indiqu\u00e9 la semaine pass\u00e9e au Collectif de l\u2019\u00e9toile ferroviaire de Veynes qu\u2019ils avaient demand\u00e9 d\u2019\u00e9ni\u00e8mes pr\u00e9cisions techniques \u00e0 SNCF R\u00e9seau avant d\u2019agir. D\u2019apr\u00e8s la pr\u00e9fecture, ces donn\u00e9es doivent arriver cette semaine. En fait, depuis plus d\u2019un an, la strat\u00e9gie de l\u2019\u00c9tat n\u2019a pas chang\u00e9 : il joue la montre en faisant semblant de chercher des donn\u00e9es techniques qu\u2019il conna\u00eet parfaitement. La br\u00e8ve histoire de la ligne en deux actes, quatre mensonges et cinq boniments publi\u00e9e ce jour par le Collectif \u00e9tablit que par trois fois d\u00e9j\u00e0, le Gouvernement a annonc\u00e9 l\u2019imminence de rapports techniques et d\u2019\u00e9tudes qui permettraient de lancer les travaux urgents. On les attend toujours. L\u2019horloge tourne, et cette quatri\u00e8me tergiversation est celle de trop.<br \/>\n&nbsp;<br \/>\n<strong>Jean-Baptiste Djebbari invit\u00e9<\/strong><br \/>\n&nbsp;<br \/>\nCe samedi \u00e0 10h, \u00e0 Veynes (salle des Arcades \u2013 route de Glaise), le Collectif tient son assembl\u00e9e g\u00e9n\u00e9rale. Il y a invit\u00e9 le secr\u00e9taire d\u2019\u00c9tat aux Transports pour qu\u2019il annonce son arbitrage. En l\u2019absence d\u2019une d\u00e9cision claire et tranch\u00e9e favorable \u00e0 la poursuite des circulations ferroviaires, l\u2019assembl\u00e9e g\u00e9n\u00e9rale organisera une action d\u2019ampleur dans les semaines qui viennent.<br \/>\n&nbsp;<br \/>\nProgramme :<br \/>\n&nbsp;<br \/>\n9h45 : accueil (caf\u00e9 et distribution des documents)<br \/>\n10h15 : introduction<br \/>\n10h30 : pr\u00e9sentation du contexte apr\u00e8s le dernier COPIL<br \/>\n10h45 : prise de parole du repr\u00e9sentant de l\u2019\u00c9tat<br \/>\n11h : d\u00e9bat et lancement d&rsquo;une ou des actions en cas d&rsquo;absence de d\u00e9cision en faveur des travaux urgents<br \/>\n12h30 : repas partag\u00e9<br \/>\n&nbsp;<br \/>\nPremiers pr\u00e9sents :<br \/>\n&nbsp;<br \/>\nJean-Marie Bernard (pr\u00e9sident de la Communaut\u00e9 de communes Bu\u00ebch-Devoluy et du D\u00e9partement des Hautes-Alpes), Jo\u00ebl Giraud (d\u00e9put\u00e9 des Hautes-Alpes), Guillaume Gontard (s\u00e9nateur de l&rsquo;Is\u00e8re), Alain Matheron (pr\u00e9sident de la Communaut\u00e9 de communes du Diois, Patricia Mohret-Richaud (s\u00e9natrice des Hautes-Alpes), Yann Mongaburu (Grenoble Alpes Metropole), Ren\u00e9 Moreau (maire de Veynes).<br \/>\n&nbsp;<br \/>\ncontact@etoileferroviairedeveynes.info<\/p>\n","protected":false},"excerpt":{"rendered":"<p>Tout ne se passe pas bien c\u00f4t\u00e9 ligne Grenoble &#8211; Gap. La veille du colloque d&rsquo;Alleyras sur l&rsquo;avenir<\/p>\n","protected":false},"author":1,"featured_media":2758,"comment_status":"open","ping_status":"open","sticky":false,"template":"","format":"standard","meta":{"footnotes":""},"categories":[5],"tags":[],"class_list":["post-621","post","type-post","status-publish","format-standard","has-post-thumbnail","hentry","category-ensemble"],"_links":{"self":[{"href":"https:\/\/usagers-transports.haut-allier.eu\/index.php\/wp-json\/wp\/v2\/posts\/621","targetHints":{"allow":["GET"]}}],"collection":[{"href":"https:\/\/usagers-transports.haut-allier.eu\/index.php\/wp-json\/wp\/v2\/posts"}],"about":[{"href":"https:\/\/usagers-transports.haut-allier.eu\/index.php\/wp-json\/wp\/v2\/types\/post"}],"author":[{"embeddable":true,"href":"https:\/\/usagers-transports.haut-allier.eu\/index.php\/wp-json\/wp\/v2\/users\/1"}],"replies":[{"embeddable":true,"href":"https:\/\/usagers-transports.haut-allier.eu\/index.php\/wp-json\/wp\/v2\/comments?post=621"}],"version-history":[{"count":0,"href":"https:\/\/usagers-transports.haut-allier.eu\/index.php\/wp-json\/wp\/v2\/posts\/621\/revisions"}],"wp:featuredmedia":[{"embeddable":true,"href":"https:\/\/usagers-transports.haut-allier.eu\/index.php\/wp-json\/wp\/v2\/media\/2758"}],"wp:attachment":[{"href":"https:\/\/usagers-transports.haut-allier.eu\/index.php\/wp-json\/wp\/v2\/media?parent=621"}],"wp:term":[{"taxonomy":"category","embeddable":true,"href":"https:\/\/usagers-transports.haut-allier.eu\/index.php\/wp-json\/wp\/v2\/categories?post=621"},{"taxonomy":"post_tag","embeddable":true,"href":"https:\/\/usagers-transports.haut-allier.eu\/index.php\/wp-json\/wp\/v2\/tags?post=621"}],"curies":[{"name":"wp","href":"https:\/\/api.w.org\/{rel}","templated":true}]}}