{"id":623,"date":"2019-10-08T11:02:12","date_gmt":"2019-10-08T09:02:12","guid":{"rendered":"http:\/\/5.45.101.177\/haut-allier\/usagers-transportse\/index.php\/2019\/10\/08\/ligne-ales-besseges-marchons623\/"},"modified":"2019-10-08T11:02:12","modified_gmt":"2019-10-08T09:02:12","slug":"ligne-ales-besseges-marchons623","status":"publish","type":"post","link":"https:\/\/usagers-transports.haut-allier.eu\/index.php\/2019\/10\/08\/ligne-ales-besseges-marchons623\/","title":{"rendered":"Ligne Al\u00e8s Bess\u00e8ges : marchons ensemble le 19 octobre"},"content":{"rendered":"<p>Le collectif pour la modernisation et la d\u00e9fense de la ligne ferroviaire Al\u00e8s Bess\u00e8ges organise le 19 octobre toute la matin\u00e9e une marche symbolique et \u00e9cologique de Bess\u00e8ges \u00e0 Robiac puis un d\u00e9bat en pr\u00e9sence de Jean-Luc Gibelin le vice-pr\u00e9sident de la r\u00e9gion charg\u00e9 des transports.<br \/>\n&nbsp;<br \/>\n<img loading=\"lazy\" decoding=\"async\" class=\" aligncenter size-full wp-image-2759\" src=\"http:\/\/5.45.101.177\/haut-allier\/usagers-transportse\/wp-content\/uploads\/2019\/10\/marche-ferroviairebesseges-robiac.jpg\" alt=\"marche-ferroviairebesseges-robiac.jpg\" align=\"center\" width=\"559\" height=\"793\" srcset=\"https:\/\/usagers-transports.haut-allier.eu\/wp-content\/uploads\/2019\/10\/marche-ferroviairebesseges-robiac.jpg 559w, https:\/\/usagers-transports.haut-allier.eu\/wp-content\/uploads\/2019\/10\/marche-ferroviairebesseges-robiac-211x300.jpg 211w\" sizes=\"auto, (max-width: 559px) 100vw, 559px\" \/><br \/>\n&nbsp;<\/p>\n","protected":false},"excerpt":{"rendered":"<p>Le collectif pour la modernisation et la d\u00e9fense de la ligne ferroviaire Al\u00e8s Bess\u00e8ges organise le 19 octobre<\/p>\n","protected":false},"author":1,"featured_media":2760,"comment_status":"open","ping_status":"open","sticky":false,"template":"","format":"standard","meta":{"footnotes":""},"categories":[2],"tags":[],"class_list":["post-623","post","type-post","status-publish","format-standard","has-post-thumbnail","hentry","category-infos"],"_links":{"self":[{"href":"https:\/\/usagers-transports.haut-allier.eu\/index.php\/wp-json\/wp\/v2\/posts\/623","targetHints":{"allow":["GET"]}}],"collection":[{"href":"https:\/\/usagers-transports.haut-allier.eu\/index.php\/wp-json\/wp\/v2\/posts"}],"about":[{"href":"https:\/\/usagers-transports.haut-allier.eu\/index.php\/wp-json\/wp\/v2\/types\/post"}],"author":[{"embeddable":true,"href":"https:\/\/usagers-transports.haut-allier.eu\/index.php\/wp-json\/wp\/v2\/users\/1"}],"replies":[{"embeddable":true,"href":"https:\/\/usagers-transports.haut-allier.eu\/index.php\/wp-json\/wp\/v2\/comments?post=623"}],"version-history":[{"count":0,"href":"https:\/\/usagers-transports.haut-allier.eu\/index.php\/wp-json\/wp\/v2\/posts\/623\/revisions"}],"wp:featuredmedia":[{"embeddable":true,"href":"https:\/\/usagers-transports.haut-allier.eu\/index.php\/wp-json\/wp\/v2\/media\/2760"}],"wp:attachment":[{"href":"https:\/\/usagers-transports.haut-allier.eu\/index.php\/wp-json\/wp\/v2\/media?parent=623"}],"wp:term":[{"taxonomy":"category","embeddable":true,"href":"https:\/\/usagers-transports.haut-allier.eu\/index.php\/wp-json\/wp\/v2\/categories?post=623"},{"taxonomy":"post_tag","embeddable":true,"href":"https:\/\/usagers-transports.haut-allier.eu\/index.php\/wp-json\/wp\/v2\/tags?post=623"}],"curies":[{"name":"wp","href":"https:\/\/api.w.org\/{rel}","templated":true}]}}