{"id":624,"date":"2019-10-10T14:33:15","date_gmt":"2019-10-10T12:33:15","guid":{"rendered":"http:\/\/5.45.101.177\/haut-allier\/usagers-transportse\/index.php\/2019\/10\/10\/lignes-des-trains-cevenol-et-de-l624\/"},"modified":"2019-10-10T14:33:15","modified_gmt":"2019-10-10T12:33:15","slug":"lignes-des-trains-cevenol-et-de-l624","status":"publish","type":"post","link":"https:\/\/usagers-transports.haut-allier.eu\/index.php\/2019\/10\/10\/lignes-des-trains-cevenol-et-de-l624\/","title":{"rendered":"Lignes des trains C\u00e9venol et de l&rsquo;Aubrac : le premier comit\u00e9 de pilotage interr\u00e9gional du 7 octobre"},"content":{"rendered":"<p>Comme annonc\u00e9 lors du <a href=\"http:\/\/usagers-transports.haut-allier.eu\/?colloque-d-alleyras-martine,620\"><strong>colloque sur l&rsquo;avenir du train en zone de moyenne montagne<\/strong><\/a> \u00e0 Alleyras, une premi\u00e8re r\u00e9union, un premier comit\u00e9 de pilotage, sur le projet de territoire et de lignes envisag\u00e9 par les deux r\u00e9gions \u00e0 partir de 2023 s&rsquo;est tenu \u00e0 Saint-Flour le lundi 7 octobre en pr\u00e9sence des repr\u00e9sentants des r\u00e9gions Occitanie et Auvergne Rh\u00f4ne Alpes, des directions r\u00e9gionales de SNCF Occitanie et AuRA, et des repr\u00e9sentants de l&rsquo;\u00e9tat.<br \/>\n&nbsp;<br \/>\nLes convergences sur la ligne du C\u00e9venol ont \u00e9t\u00e9 act\u00e9es. Diff\u00e9rents points ont \u00e9t\u00e9 soulev\u00e9s pour l&rsquo;am\u00e9lioration du service pour l&rsquo;usager quotidien : coh\u00e9rence des tarifications entre les r\u00e9gions pour l&rsquo;utilisateur final, accroissement de la visibilit\u00e9 des lignes, de leur publicit\u00e9, cadencements des trains et refonte des grilles horaires, augmentation des capacit\u00e9s pour la saison estivale, meilleures correspondances avec les autres moyens de transports et avec les autres lignes, probl\u00e9matique des v\u00e9los&#8230; le tout pour constituer \u00e0 nouveau une offre attractive pour les habitants qui ont souvent abandonn\u00e9 le mode de d\u00e9placement.<br \/>\n&nbsp;<br \/>\nDes points que la r\u00e9gion Auvergne Rh\u00f4ne Alpes souhaite d\u00e9sormais aborder en concertation avec les groupes d&rsquo;usagers. Le collectif des usagers des transports du Haut Allier r\u00e9pondra pr\u00e9sent \u00e0 toute sollicitation et fera des propositions dont certaines datent d&rsquo;une d\u00e9cennie, comme par exemple la constitution d&rsquo;un train navette Brioude &#8211; Labastide d\u00e9marrant t\u00f4t le matin en r\u00e9employant les rames de l&rsquo;ex train C\u00e9venol disponibles en d\u00e9cembre 2019 puisque remplac\u00e9es par celles du nouveau Coriadia Liner.<br \/>\n&nbsp;<br \/>\nUn des grands avantages sera de supprimer ces p\u00e9nibles dessertes de Langeac et de Langogne en minibus, qui de plus p\u00e9nalisent les gorges du haut allier puisque les petites gares n&rsquo;\u00e9taient pas desservies.<br \/>\n&nbsp;<br \/>\n<em>La liaison navette qui sera propos\u00e9e par le Collectif entre Brioude et Labastide Saint-Laurent pour desservir le Haut Allier<\/em><br \/>\n<img loading=\"lazy\" decoding=\"async\" class=\" aligncenter size-full wp-image-2762\" src=\"http:\/\/5.45.101.177\/haut-allier\/usagers-transportse\/wp-content\/uploads\/2019\/10\/firefox_screenshot_2019-10-10t12-16-27.169z.png\" alt=\"firefox_screenshot_2019-10-10t12-16-27.169z.png\" align=\"center\" width=\"661\" height=\"544\" srcset=\"https:\/\/usagers-transports.haut-allier.eu\/wp-content\/uploads\/2019\/10\/firefox_screenshot_2019-10-10t12-16-27.169z.png 661w, https:\/\/usagers-transports.haut-allier.eu\/wp-content\/uploads\/2019\/10\/firefox_screenshot_2019-10-10t12-16-27.169z-300x247.png 300w\" sizes=\"auto, (max-width: 661px) 100vw, 661px\" \/><br \/>\n&nbsp;<br \/>\nLa plage horaire de fonctionnement de cette navette pourrait s&rsquo;\u00e9tendre par exemple de 6h \u00e0 23h. Le service aux voyageurs en serait grandement renforc\u00e9.<\/p>\n","protected":false},"excerpt":{"rendered":"<p>Comme annonc\u00e9 lors du colloque sur l&rsquo;avenir du train en zone de moyenne montagne \u00e0 Alleyras, une premi\u00e8re<\/p>\n","protected":false},"author":1,"featured_media":2761,"comment_status":"open","ping_status":"open","sticky":false,"template":"","format":"standard","meta":{"footnotes":""},"categories":[2],"tags":[],"class_list":["post-624","post","type-post","status-publish","format-standard","has-post-thumbnail","hentry","category-infos"],"_links":{"self":[{"href":"https:\/\/usagers-transports.haut-allier.eu\/index.php\/wp-json\/wp\/v2\/posts\/624","targetHints":{"allow":["GET"]}}],"collection":[{"href":"https:\/\/usagers-transports.haut-allier.eu\/index.php\/wp-json\/wp\/v2\/posts"}],"about":[{"href":"https:\/\/usagers-transports.haut-allier.eu\/index.php\/wp-json\/wp\/v2\/types\/post"}],"author":[{"embeddable":true,"href":"https:\/\/usagers-transports.haut-allier.eu\/index.php\/wp-json\/wp\/v2\/users\/1"}],"replies":[{"embeddable":true,"href":"https:\/\/usagers-transports.haut-allier.eu\/index.php\/wp-json\/wp\/v2\/comments?post=624"}],"version-history":[{"count":0,"href":"https:\/\/usagers-transports.haut-allier.eu\/index.php\/wp-json\/wp\/v2\/posts\/624\/revisions"}],"wp:featuredmedia":[{"embeddable":true,"href":"https:\/\/usagers-transports.haut-allier.eu\/index.php\/wp-json\/wp\/v2\/media\/2761"}],"wp:attachment":[{"href":"https:\/\/usagers-transports.haut-allier.eu\/index.php\/wp-json\/wp\/v2\/media?parent=624"}],"wp:term":[{"taxonomy":"category","embeddable":true,"href":"https:\/\/usagers-transports.haut-allier.eu\/index.php\/wp-json\/wp\/v2\/categories?post=624"},{"taxonomy":"post_tag","embeddable":true,"href":"https:\/\/usagers-transports.haut-allier.eu\/index.php\/wp-json\/wp\/v2\/tags?post=624"}],"curies":[{"name":"wp","href":"https:\/\/api.w.org\/{rel}","templated":true}]}}