{"id":626,"date":"2019-10-14T08:00:00","date_gmt":"2019-10-14T06:00:00","guid":{"rendered":"http:\/\/5.45.101.177\/haut-allier\/usagers-transportse\/index.php\/2019\/10\/14\/achat-d-un-billet-grasse-montlucon626\/"},"modified":"2019-10-14T08:00:00","modified_gmt":"2019-10-14T06:00:00","slug":"achat-d-un-billet-grasse-montlucon626","status":"publish","type":"post","link":"https:\/\/usagers-transports.haut-allier.eu\/index.php\/2019\/10\/14\/achat-d-un-billet-grasse-montlucon626\/","title":{"rendered":"Achat d&rsquo;un billet Grasse &#8211; Montlu\u00e7on : Oui.SNCF ne trouve pas"},"content":{"rendered":"<p>Je dois obtenir un billet de train Grasse (Alpes Martimes) vers Montlu\u00e7on (Allier), 2 gares du r\u00e9seau SNCF.<br \/>\n&nbsp;<br \/>\n<strong>\u00ab\u00a0Nous n&rsquo;obtenons aucun r\u00e9sultat\u00a0\u00bb<\/strong> c&rsquo;est la r\u00e9ponse laconique du site Internet officiel de la SNCF <a href=\"https:\/\/www.oui.sncf\"><strong>Oui.SNCF<\/strong><\/a> .<br \/>\n&nbsp;<br \/>\nJ&rsquo;ai pourtant v\u00e9rifi\u00e9 qu&rsquo;il n&rsquo;y a pas de travaux sur ces lignes et que les trains (de voyageurs) circulent. Probl\u00e8me : le voyage que je veux effectuer comprend plus de 2 correspondances et les sites Internet de la SNCF occultent ces r\u00e9sultats.<br \/>\n&nbsp;<br \/>\n<img loading=\"lazy\" decoding=\"async\" class=\" aligncenter size-full wp-image-2772\" src=\"http:\/\/5.45.101.177\/haut-allier\/usagers-transportse\/wp-content\/uploads\/2019\/10\/screenshot-2019-10-13_vsd_1_.png\" alt=\"screenshot-2019-10-13_vsd_1_.png\" align=\"center\" width=\"1454\" height=\"1630\" srcset=\"https:\/\/usagers-transports.haut-allier.eu\/wp-content\/uploads\/2019\/10\/screenshot-2019-10-13_vsd_1_.png 1454w, https:\/\/usagers-transports.haut-allier.eu\/wp-content\/uploads\/2019\/10\/screenshot-2019-10-13_vsd_1_-268x300.png 268w, https:\/\/usagers-transports.haut-allier.eu\/wp-content\/uploads\/2019\/10\/screenshot-2019-10-13_vsd_1_-913x1024.png 913w, https:\/\/usagers-transports.haut-allier.eu\/wp-content\/uploads\/2019\/10\/screenshot-2019-10-13_vsd_1_-768x861.png 768w, https:\/\/usagers-transports.haut-allier.eu\/wp-content\/uploads\/2019\/10\/screenshot-2019-10-13_vsd_1_-1370x1536.png 1370w\" sizes=\"auto, (max-width: 1454px) 100vw, 1454px\" \/><br \/>\n&nbsp;<br \/>\nJe dois donc aller dans ma gare au guichet. Probl\u00e8me : ma gare n&rsquo;a pas de guichet et la prochaine gare se trouve \u00e0 40 kilom\u00e8tres et son unique guichet est ouvert aux heures de bureau en semaine seulement. Cela ne me convient pas du tout. Je refuse de faire 80 kilom\u00e8tres pour prendre un billet de train.<br \/>\n&nbsp;<br \/>\nLa consultation du site <a href=\"https:\/\/www.bahn.com\/fr\/view\/index.shtml\"><strong>DB France<\/strong><\/a> pour la m\u00eame demande m&rsquo;indique ceci :<br \/>\n&nbsp;<br \/>\n<img loading=\"lazy\" decoding=\"async\" class=\" aligncenter size-full wp-image-2773\" src=\"http:\/\/5.45.101.177\/haut-allier\/usagers-transportse\/wp-content\/uploads\/2019\/10\/screenshot-2019-10-13_deutsche_bahn_bahn_de_-_correspondances_-_votre_horaire_1_.png\" alt=\"screenshot-2019-10-13_deutsche_bahn_bahn_de_-_correspondances_-_votre_horaire_1_.png\" align=\"center\" width=\"1302\" height=\"2192\" srcset=\"https:\/\/usagers-transports.haut-allier.eu\/wp-content\/uploads\/2019\/10\/screenshot-2019-10-13_deutsche_bahn_bahn_de_-_correspondances_-_votre_horaire_1_.png 1302w, https:\/\/usagers-transports.haut-allier.eu\/wp-content\/uploads\/2019\/10\/screenshot-2019-10-13_deutsche_bahn_bahn_de_-_correspondances_-_votre_horaire_1_-178x300.png 178w, https:\/\/usagers-transports.haut-allier.eu\/wp-content\/uploads\/2019\/10\/screenshot-2019-10-13_deutsche_bahn_bahn_de_-_correspondances_-_votre_horaire_1_-608x1024.png 608w, https:\/\/usagers-transports.haut-allier.eu\/wp-content\/uploads\/2019\/10\/screenshot-2019-10-13_deutsche_bahn_bahn_de_-_correspondances_-_votre_horaire_1_-768x1293.png 768w, https:\/\/usagers-transports.haut-allier.eu\/wp-content\/uploads\/2019\/10\/screenshot-2019-10-13_deutsche_bahn_bahn_de_-_correspondances_-_votre_horaire_1_-912x1536.png 912w, https:\/\/usagers-transports.haut-allier.eu\/wp-content\/uploads\/2019\/10\/screenshot-2019-10-13_deutsche_bahn_bahn_de_-_correspondances_-_votre_horaire_1_-1216x2048.png 1216w\" sizes=\"auto, (max-width: 1302px) 100vw, 1302px\" \/><br \/>\n&nbsp;<br \/>\nLe site des chemins de fer allemands me trouve plusieurs billets. Ils me conviennent. Effectivement le voyage sera divis\u00e9 en plus de deux correspondances. Il ne me reste plus qu&rsquo;\u00e0 retourner sur le site Oui.SNCF pour acheter deux billets correspondants \u00e0 mon trajet divis\u00e9 en deux parties.<br \/>\n&nbsp;<br \/>\nJe constate une nouvelle fois que la SNCF est incapable d&rsquo;assurer correctement un service normal \u00e0 ses utilisateurs. Seuls les adeptes de l&rsquo;informatique sont capables d&rsquo;obtenir leur billet de train. La personne qui m&rsquo;a charg\u00e9 de l&rsquo;achat ne le peut pas. <strong>Je me promets de signer la p\u00e9tition lanc\u00e9e par 4 groupes de d\u00e9fense d&rsquo;usagers pour exiger le retrait de la limitation de vente des billets SNCF \u00e0 deux correspondances.<\/strong> Ici :<br \/>\n&nbsp;<br \/>\n<a href=\"http:\/\/chng.it\/dMVGYxbb\"><em>Pour des billets SNCF non limit\u00e9s \u00e0 2 changements aux trajets plus directs et moins chers<\/em><\/a><br \/>\n&nbsp;<br \/>\n<img loading=\"lazy\" decoding=\"async\" class=\" aligncenter size-full wp-image-2774\" src=\"http:\/\/5.45.101.177\/haut-allier\/usagers-transportse\/wp-content\/uploads\/2019\/10\/petition-2changements-grasse-montlucon.png\" alt=\"petition-2changements-grasse-montlucon.png\" align=\"center\" width=\"1423\" height=\"1202\" srcset=\"https:\/\/usagers-transports.haut-allier.eu\/wp-content\/uploads\/2019\/10\/petition-2changements-grasse-montlucon.png 1423w, https:\/\/usagers-transports.haut-allier.eu\/wp-content\/uploads\/2019\/10\/petition-2changements-grasse-montlucon-300x253.png 300w, https:\/\/usagers-transports.haut-allier.eu\/wp-content\/uploads\/2019\/10\/petition-2changements-grasse-montlucon-1024x865.png 1024w, https:\/\/usagers-transports.haut-allier.eu\/wp-content\/uploads\/2019\/10\/petition-2changements-grasse-montlucon-768x649.png 768w\" sizes=\"auto, (max-width: 1423px) 100vw, 1423px\" \/><br \/>\n&nbsp;<\/p>\n","protected":false},"excerpt":{"rendered":"<p>Je dois obtenir un billet de train Grasse (Alpes Martimes) vers Montlu\u00e7on (Allier), 2 gares du r\u00e9seau SNCF.<\/p>\n","protected":false},"author":1,"featured_media":2771,"comment_status":"open","ping_status":"open","sticky":false,"template":"","format":"standard","meta":{"footnotes":""},"categories":[2],"tags":[],"class_list":["post-626","post","type-post","status-publish","format-standard","has-post-thumbnail","hentry","category-infos"],"_links":{"self":[{"href":"https:\/\/usagers-transports.haut-allier.eu\/index.php\/wp-json\/wp\/v2\/posts\/626","targetHints":{"allow":["GET"]}}],"collection":[{"href":"https:\/\/usagers-transports.haut-allier.eu\/index.php\/wp-json\/wp\/v2\/posts"}],"about":[{"href":"https:\/\/usagers-transports.haut-allier.eu\/index.php\/wp-json\/wp\/v2\/types\/post"}],"author":[{"embeddable":true,"href":"https:\/\/usagers-transports.haut-allier.eu\/index.php\/wp-json\/wp\/v2\/users\/1"}],"replies":[{"embeddable":true,"href":"https:\/\/usagers-transports.haut-allier.eu\/index.php\/wp-json\/wp\/v2\/comments?post=626"}],"version-history":[{"count":0,"href":"https:\/\/usagers-transports.haut-allier.eu\/index.php\/wp-json\/wp\/v2\/posts\/626\/revisions"}],"wp:featuredmedia":[{"embeddable":true,"href":"https:\/\/usagers-transports.haut-allier.eu\/index.php\/wp-json\/wp\/v2\/media\/2771"}],"wp:attachment":[{"href":"https:\/\/usagers-transports.haut-allier.eu\/index.php\/wp-json\/wp\/v2\/media?parent=626"}],"wp:term":[{"taxonomy":"category","embeddable":true,"href":"https:\/\/usagers-transports.haut-allier.eu\/index.php\/wp-json\/wp\/v2\/categories?post=626"},{"taxonomy":"post_tag","embeddable":true,"href":"https:\/\/usagers-transports.haut-allier.eu\/index.php\/wp-json\/wp\/v2\/tags?post=626"}],"curies":[{"name":"wp","href":"https:\/\/api.w.org\/{rel}","templated":true}]}}