{"id":628,"date":"2019-10-16T09:00:00","date_gmt":"2019-10-16T07:00:00","guid":{"rendered":"http:\/\/5.45.101.177\/haut-allier\/usagers-transportse\/index.php\/2019\/10\/16\/je-demande-un-billet-hyeres628\/"},"modified":"2019-10-16T09:00:00","modified_gmt":"2019-10-16T07:00:00","slug":"je-demande-un-billet-hyeres628","status":"publish","type":"post","link":"https:\/\/usagers-transports.haut-allier.eu\/index.php\/2019\/10\/16\/je-demande-un-billet-hyeres628\/","title":{"rendered":"Je demande un billet Hy\u00e8res &#8211; Aurillac : Oui.SNCF , site officiel, refuse la vente"},"content":{"rendered":"<p>Aujourd&rsquo;hui je dois acheter un billet de train Hy\u00e8res (Var) &#8211; Aurillac (Cantal), deux gares du r\u00e9seau SNCF.<br \/>\n&nbsp;<br \/>\n<strong>\u00ab\u00a0Nous n&rsquo;obtenons aucun r\u00e9sultat\u00a0\u00bb<\/strong> est la r\u00e9ponse laconique du site Internet officiel de la SNCF <a href=\"https:\/\/www.oui.sncf\"><strong>Oui.SNCF<\/strong><\/a> .<br \/>\n&nbsp;<br \/>\nJ&rsquo;ai bien v\u00e9rifi\u00e9 : il n&rsquo;y a pas de travaux sur ces lignes et les trains de voyageurs circulent. Le voyage que je veux effectuer a un probl\u00e8me : il comprend plus de 2 correspondances et les sites Internet de la SNCF sont programm\u00e9s pour ne pas les afficher.<br \/>\n&nbsp;<br \/>\n<img loading=\"lazy\" decoding=\"async\" class=\" aligncenter size-full wp-image-2780\" src=\"http:\/\/5.45.101.177\/haut-allier\/usagers-transportse\/wp-content\/uploads\/2019\/10\/screenshot-2019-10-13_vsd.png\" alt=\"screenshot-2019-10-13_vsd.png\" align=\"center\" width=\"1454\" height=\"1630\" srcset=\"https:\/\/usagers-transports.haut-allier.eu\/wp-content\/uploads\/2019\/10\/screenshot-2019-10-13_vsd.png 1454w, https:\/\/usagers-transports.haut-allier.eu\/wp-content\/uploads\/2019\/10\/screenshot-2019-10-13_vsd-268x300.png 268w, https:\/\/usagers-transports.haut-allier.eu\/wp-content\/uploads\/2019\/10\/screenshot-2019-10-13_vsd-913x1024.png 913w, https:\/\/usagers-transports.haut-allier.eu\/wp-content\/uploads\/2019\/10\/screenshot-2019-10-13_vsd-768x861.png 768w, https:\/\/usagers-transports.haut-allier.eu\/wp-content\/uploads\/2019\/10\/screenshot-2019-10-13_vsd-1370x1536.png 1370w\" sizes=\"auto, (max-width: 1454px) 100vw, 1454px\" \/><br \/>\n&nbsp;<br \/>\nJe dois donc aller dans ma gare au guichet. Probl\u00e8me : ma gare n&rsquo;a pas de guichet et la prochaine gare se trouve \u00e0 40 kilom\u00e8tres et son unique guichet est ouvert aux heures de bureau en semaine seulement. Cela ne me convient pas du tout. Je refuse de faire 80 kilom\u00e8tres en voiture pour prendre un billet de train.<br \/>\n&nbsp;<br \/>\nJe d\u00e9cide de consulter le site <a href=\"https:\/\/www.bahn.com\/fr\/view\/index.shtml\"><strong>DB France<\/strong><\/a>, les chemins de fer allemands, et je renouvelle ma demande :<br \/>\n&nbsp;<br \/>\n<img loading=\"lazy\" decoding=\"async\" class=\" aligncenter size-full wp-image-2781\" src=\"http:\/\/5.45.101.177\/haut-allier\/usagers-transportse\/wp-content\/uploads\/2019\/10\/screenshot-2019-10-13_deutsche_bahn_bahn_de_-_correspondances_-_votre_horaire.png\" alt=\"screenshot-2019-10-13_deutsche_bahn_bahn_de_-_correspondances_-_votre_horaire.png\" align=\"center\" width=\"1302\" height=\"2288\" srcset=\"https:\/\/usagers-transports.haut-allier.eu\/wp-content\/uploads\/2019\/10\/screenshot-2019-10-13_deutsche_bahn_bahn_de_-_correspondances_-_votre_horaire.png 1302w, https:\/\/usagers-transports.haut-allier.eu\/wp-content\/uploads\/2019\/10\/screenshot-2019-10-13_deutsche_bahn_bahn_de_-_correspondances_-_votre_horaire-171x300.png 171w, https:\/\/usagers-transports.haut-allier.eu\/wp-content\/uploads\/2019\/10\/screenshot-2019-10-13_deutsche_bahn_bahn_de_-_correspondances_-_votre_horaire-583x1024.png 583w, https:\/\/usagers-transports.haut-allier.eu\/wp-content\/uploads\/2019\/10\/screenshot-2019-10-13_deutsche_bahn_bahn_de_-_correspondances_-_votre_horaire-768x1350.png 768w, https:\/\/usagers-transports.haut-allier.eu\/wp-content\/uploads\/2019\/10\/screenshot-2019-10-13_deutsche_bahn_bahn_de_-_correspondances_-_votre_horaire-874x1536.png 874w, https:\/\/usagers-transports.haut-allier.eu\/wp-content\/uploads\/2019\/10\/screenshot-2019-10-13_deutsche_bahn_bahn_de_-_correspondances_-_votre_horaire-1165x2048.png 1165w\" sizes=\"auto, (max-width: 1302px) 100vw, 1302px\" \/><br \/>\n&nbsp;<br \/>\nIl me trouve plusieurs billets qui me conviennent. Effectivement le voyage sera divis\u00e9 en plus de deux correspondances. Il ne me reste plus qu&rsquo;\u00e0 retourner sur le site Oui.SNCF pour acheter deux billets correspondants \u00e0 mon trajet divis\u00e9 en deux parties.<br \/>\n&nbsp;<br \/>\nUne nouvelle fois la SNCF est incapable d&rsquo;assurer correctement un service normal \u00e0 ses utilisateurs. Seuls les adeptes de l&rsquo;informatique sont capables d&rsquo;obtenir leur billet de train. La personne qui m&rsquo;a charg\u00e9 de l&rsquo;achat ne le peut pas. <strong>Je me promets de signer la p\u00e9tition lanc\u00e9e par 4 groupes de d\u00e9fense d&rsquo;usagers pour exiger le retrait de la limitation de vente des billets SNCF \u00e0 deux correspondances.<\/strong> Ici :<br \/>\n&nbsp;<br \/>\n<a href=\"http:\/\/chng.it\/dMVGYxbb\"><em>Pour des billets SNCF non limit\u00e9s \u00e0 2 changements aux trajets plus directs et moins chers<\/em><\/a><br \/>\n&nbsp;<br \/>\n<img loading=\"lazy\" decoding=\"async\" class=\" aligncenter size-full wp-image-2782\" src=\"http:\/\/5.45.101.177\/haut-allier\/usagers-transportse\/wp-content\/uploads\/2019\/10\/petition-2changements-hyeres-aurillac.png\" alt=\"petition-2changements-hyeres-aurillac.png\" align=\"center\" width=\"1419\" height=\"1206\" srcset=\"https:\/\/usagers-transports.haut-allier.eu\/wp-content\/uploads\/2019\/10\/petition-2changements-hyeres-aurillac.png 1419w, https:\/\/usagers-transports.haut-allier.eu\/wp-content\/uploads\/2019\/10\/petition-2changements-hyeres-aurillac-300x255.png 300w, https:\/\/usagers-transports.haut-allier.eu\/wp-content\/uploads\/2019\/10\/petition-2changements-hyeres-aurillac-1024x870.png 1024w, https:\/\/usagers-transports.haut-allier.eu\/wp-content\/uploads\/2019\/10\/petition-2changements-hyeres-aurillac-768x653.png 768w\" sizes=\"auto, (max-width: 1419px) 100vw, 1419px\" \/><br \/>\n&nbsp;<\/p>\n","protected":false},"excerpt":{"rendered":"<p>Aujourd&rsquo;hui je dois acheter un billet de train Hy\u00e8res (Var) &#8211; Aurillac (Cantal), deux gares du r\u00e9seau SNCF.<\/p>\n","protected":false},"author":1,"featured_media":2779,"comment_status":"open","ping_status":"open","sticky":false,"template":"","format":"standard","meta":{"footnotes":""},"categories":[2],"tags":[],"class_list":["post-628","post","type-post","status-publish","format-standard","has-post-thumbnail","hentry","category-infos"],"_links":{"self":[{"href":"https:\/\/usagers-transports.haut-allier.eu\/index.php\/wp-json\/wp\/v2\/posts\/628","targetHints":{"allow":["GET"]}}],"collection":[{"href":"https:\/\/usagers-transports.haut-allier.eu\/index.php\/wp-json\/wp\/v2\/posts"}],"about":[{"href":"https:\/\/usagers-transports.haut-allier.eu\/index.php\/wp-json\/wp\/v2\/types\/post"}],"author":[{"embeddable":true,"href":"https:\/\/usagers-transports.haut-allier.eu\/index.php\/wp-json\/wp\/v2\/users\/1"}],"replies":[{"embeddable":true,"href":"https:\/\/usagers-transports.haut-allier.eu\/index.php\/wp-json\/wp\/v2\/comments?post=628"}],"version-history":[{"count":0,"href":"https:\/\/usagers-transports.haut-allier.eu\/index.php\/wp-json\/wp\/v2\/posts\/628\/revisions"}],"wp:featuredmedia":[{"embeddable":true,"href":"https:\/\/usagers-transports.haut-allier.eu\/index.php\/wp-json\/wp\/v2\/media\/2779"}],"wp:attachment":[{"href":"https:\/\/usagers-transports.haut-allier.eu\/index.php\/wp-json\/wp\/v2\/media?parent=628"}],"wp:term":[{"taxonomy":"category","embeddable":true,"href":"https:\/\/usagers-transports.haut-allier.eu\/index.php\/wp-json\/wp\/v2\/categories?post=628"},{"taxonomy":"post_tag","embeddable":true,"href":"https:\/\/usagers-transports.haut-allier.eu\/index.php\/wp-json\/wp\/v2\/tags?post=628"}],"curies":[{"name":"wp","href":"https:\/\/api.w.org\/{rel}","templated":true}]}}