{"id":629,"date":"2019-10-17T08:00:00","date_gmt":"2019-10-17T06:00:00","guid":{"rendered":"http:\/\/5.45.101.177\/haut-allier\/usagers-transportse\/index.php\/2019\/10\/17\/achat-d-un-billet-de-train-castres629\/"},"modified":"2026-09-01T15:55:48","modified_gmt":"2026-09-01T13:55:48","slug":"achat-d-un-billet-de-train-castres629","status":"publish","type":"post","link":"https:\/\/usagers-transports.haut-allier.eu\/index.php\/2019\/10\/17\/achat-d-un-billet-de-train-castres629\/","title":{"rendered":"Achat d&rsquo;un billet de train Castres &#8211; Thiers : impossible pour les sites Internet de la SNCF"},"content":{"rendered":"La vente d&rsquo;un billet de train Castres (Tarn) &#8211; Thiers (Puy de D\u00f4me), deux gares du r\u00e9seau SNCF est impossible sur le site Oui.SNCF ni sur les autres sites TER d&rsquo;ailleurs.\n&nbsp;\n<strong>\u00ab\u00a0Nous n&rsquo;obtenons aucun r\u00e9sultat\u00a0\u00bb<\/strong> est l&rsquo;unique r\u00e9ponse de <a href=\"https:\/\/www.oui.sncf\"><strong>Oui.SNCF<\/strong><\/a> .\n&nbsp;\nEt pourtant j&rsquo;ai v\u00e9rifi\u00e9 : aucun travaux sur ces lignes et les trains circulent. Mais le voyage que je veux effectuer est tout-\u00e0-fait anormal aux yeux de la soci\u00e9t\u00e9 dite ferroviaire : il comprend plus de 2 correspondances et ses sites Internet sont programm\u00e9s pour les occulter. \n&nbsp;\n<img loading=\"lazy\" decoding=\"async\" class=\" aligncenter size-full wp-image-2784\" src=\"http:\/\/5.45.101.177\/haut-allier\/usagers-transportse\/wp-content\/uploads\/2019\/10\/screenshot-2019-10-13_vsd_3_.png\" alt=\"screenshot-2019-10-13_vsd_3_.png\" align=\"center\" width=\"1454\" height=\"1630\" srcset=\"https:\/\/usagers-transports.haut-allier.eu\/wp-content\/uploads\/2019\/10\/screenshot-2019-10-13_vsd_3_.png 1454w, https:\/\/usagers-transports.haut-allier.eu\/wp-content\/uploads\/2019\/10\/screenshot-2019-10-13_vsd_3_-268x300.png 268w, https:\/\/usagers-transports.haut-allier.eu\/wp-content\/uploads\/2019\/10\/screenshot-2019-10-13_vsd_3_-913x1024.png 913w, https:\/\/usagers-transports.haut-allier.eu\/wp-content\/uploads\/2019\/10\/screenshot-2019-10-13_vsd_3_-768x861.png 768w, https:\/\/usagers-transports.haut-allier.eu\/wp-content\/uploads\/2019\/10\/screenshot-2019-10-13_vsd_3_-1370x1536.png 1370w\" sizes=\"auto, (max-width: 1454px) 100vw, 1454px\" \/>\n&nbsp;\nLa seule solution est de se d\u00e9placer dans ma gare au guichet. Nouveau probl\u00e8me : elle n&rsquo;a pas de guichet et la prochaine se trouve \u00e0 40 kilom\u00e8tres avec son unique guichet ouvert aux heures de bureau et en semaine bien entendu. De plus je refuse de faire 80 kilom\u00e8tres en auto pour prendre un billet de train.\n&nbsp;\nJe d\u00e9cide de consulter le site <a href=\"https:\/\/www.bahn.com\/fr\/view\/index.shtml\"><strong>DB France<\/strong><\/a>, les chemins de fer allemands, et je renouvelle ma demande : \n&nbsp;\n<img loading=\"lazy\" decoding=\"async\" class=\" aligncenter size-full wp-image-2785\" src=\"http:\/\/5.45.101.177\/haut-allier\/usagers-transportse\/wp-content\/uploads\/2019\/10\/screenshot-2019-10-13_deutsche_bahn_bahn_de_-_correspondances_-_votre_horaire_3_-2.png\" alt=\"screenshot-2019-10-13_deutsche_bahn_bahn_de_-_correspondances_-_votre_horaire_3_-2.png\" align=\"center\" width=\"1302\" height=\"1506\" srcset=\"https:\/\/usagers-transports.haut-allier.eu\/wp-content\/uploads\/2019\/10\/screenshot-2019-10-13_deutsche_bahn_bahn_de_-_correspondances_-_votre_horaire_3_-2.png 1302w, https:\/\/usagers-transports.haut-allier.eu\/wp-content\/uploads\/2019\/10\/screenshot-2019-10-13_deutsche_bahn_bahn_de_-_correspondances_-_votre_horaire_3_-2-259x300.png 259w, https:\/\/usagers-transports.haut-allier.eu\/wp-content\/uploads\/2019\/10\/screenshot-2019-10-13_deutsche_bahn_bahn_de_-_correspondances_-_votre_horaire_3_-2-885x1024.png 885w, https:\/\/usagers-transports.haut-allier.eu\/wp-content\/uploads\/2019\/10\/screenshot-2019-10-13_deutsche_bahn_bahn_de_-_correspondances_-_votre_horaire_3_-2-768x888.png 768w\" sizes=\"auto, (max-width: 1302px) 100vw, 1302px\" \/>\n&nbsp;\nIl me trouve plusieurs billets. En effet le voyage comporte bien plus de deux correspondances. Il ne me reste plus qu&rsquo;\u00e0 retourner sur le site Oui.SNCF pour acheter deux billets correspondants \u00e0 mon trajet divis\u00e9 en deux parties. \n&nbsp;\nLa SNCF est incapable d&rsquo;assurer correctement un service normal \u00e0 ses utilisateurs. Seuls les adeptes de l&rsquo;informatique sont capables d&rsquo;obtenir leur billet de train. La personne qui m&rsquo;a charg\u00e9 de l&rsquo;achat ne le peut pas. <strong>Je me promets de signer la p\u00e9tition lanc\u00e9e par 4 groupes de d\u00e9fense d&rsquo;usagers pour exiger le retrait de la limitation de vente des billets SNCF \u00e0 deux correspondances.<\/strong> Ici :\n&nbsp;\n<a href=\"http:\/\/chng.it\/dMVGYxbb\"><em>Pour des billets SNCF non limit\u00e9s \u00e0 2 changements aux trajets plus directs et moins chers<\/em><\/a>\n&nbsp;\n<img loading=\"lazy\" decoding=\"async\" class=\" aligncenter size-full wp-image-2786\" src=\"http:\/\/5.45.101.177\/haut-allier\/usagers-transportse\/wp-content\/uploads\/2019\/10\/petition-2changements-castres-thiers.png\" alt=\"petition-2changements-castres-thiers.png\" align=\"center\" width=\"1423\" height=\"1202\" srcset=\"https:\/\/usagers-transports.haut-allier.eu\/wp-content\/uploads\/2019\/10\/petition-2changements-castres-thiers.png 1423w, https:\/\/usagers-transports.haut-allier.eu\/wp-content\/uploads\/2019\/10\/petition-2changements-castres-thiers-300x253.png 300w, https:\/\/usagers-transports.haut-allier.eu\/wp-content\/uploads\/2019\/10\/petition-2changements-castres-thiers-1024x865.png 1024w, https:\/\/usagers-transports.haut-allier.eu\/wp-content\/uploads\/2019\/10\/petition-2changements-castres-thiers-768x649.png 768w\" sizes=\"auto, (max-width: 1423px) 100vw, 1423px\" \/>\n&nbsp;\n<p>&nbsp;<\/p>\n\n\t<figure class=\"wp-block-gallery columns-1 is-cropped wp-block-gallery-1 is-layout-flex wp-block-gallery-is-layout-flex\">\n\t\t<ul class=\"blocks-gallery-grid\">\n\t\t\t<li class=\"blocks-gallery-item\">\n\t\t\t\t<figure>\n\t\t\t\t\t\t\t\t\t\t\t<img loading=\"lazy\" decoding=\"async\" width=\"1302\" height=\"1506\" src=\"http:\/\/5.45.101.177\/haut-allier\/usagers-transportse\/wp-content\/uploads\/2019\/10\/screenshot-2019-10-13_deutsche_bahn_bahn_de_-_correspondances_-_votre_horaire_3_.png\"\n\t\t\t\t\t\t alt=\"screenshot-2019-10-13_deutsche_bahn_bahn_de_-_correspondances_-_votre_horaire_3_.png\"\n\t\t\t\t\t\t data-id=\"2787\"\n\t\t\t\t\t\t data-full-url=\"http:\/\/5.45.101.177\/haut-allier\/usagers-transportse\/wp-content\/uploads\/2019\/10\/screenshot-2019-10-13_deutsche_bahn_bahn_de_-_correspondances_-_votre_horaire_3_.png\"\n\t\t\t\t\t\t data-link=\"http:\/\/5.45.101.177\/haut-allier\/usagers-transportse\/attachment-screenshot-2019-10-13_deutsche_bahn_bahn_de_-_correspondances_-_votre_horaire_3_-png\/\"\n\t\t\t\t\t\t class=\"wp-image-2787\" srcset=\"https:\/\/usagers-transports.haut-allier.eu\/wp-content\/uploads\/2019\/10\/screenshot-2019-10-13_deutsche_bahn_bahn_de_-_correspondances_-_votre_horaire_3_.png 1302w, https:\/\/usagers-transports.haut-allier.eu\/wp-content\/uploads\/2019\/10\/screenshot-2019-10-13_deutsche_bahn_bahn_de_-_correspondances_-_votre_horaire_3_-259x300.png 259w, https:\/\/usagers-transports.haut-allier.eu\/wp-content\/uploads\/2019\/10\/screenshot-2019-10-13_deutsche_bahn_bahn_de_-_correspondances_-_votre_horaire_3_-885x1024.png 885w, https:\/\/usagers-transports.haut-allier.eu\/wp-content\/uploads\/2019\/10\/screenshot-2019-10-13_deutsche_bahn_bahn_de_-_correspondances_-_votre_horaire_3_-768x888.png 768w\" sizes=\"auto, (max-width: 1302px) 100vw, 1302px\" \/>\n\t\t\t\t<\/figure>\n\t\t\t<\/li>\n\t\t<\/ul>\n\t<\/figure>\n","protected":false},"excerpt":{"rendered":"<p>La vente d&rsquo;un billet de train Castres (Tarn) &#8211; Thiers (Puy de D\u00f4me), deux gares du r\u00e9seau SNCF<\/p>\n","protected":false},"author":1,"featured_media":2783,"comment_status":"open","ping_status":"open","sticky":false,"template":"","format":"standard","meta":{"footnotes":""},"categories":[2],"tags":[],"class_list":["post-629","post","type-post","status-publish","format-standard","has-post-thumbnail","hentry","category-infos"],"_links":{"self":[{"href":"https:\/\/usagers-transports.haut-allier.eu\/index.php\/wp-json\/wp\/v2\/posts\/629","targetHints":{"allow":["GET"]}}],"collection":[{"href":"https:\/\/usagers-transports.haut-allier.eu\/index.php\/wp-json\/wp\/v2\/posts"}],"about":[{"href":"https:\/\/usagers-transports.haut-allier.eu\/index.php\/wp-json\/wp\/v2\/types\/post"}],"author":[{"embeddable":true,"href":"https:\/\/usagers-transports.haut-allier.eu\/index.php\/wp-json\/wp\/v2\/users\/1"}],"replies":[{"embeddable":true,"href":"https:\/\/usagers-transports.haut-allier.eu\/index.php\/wp-json\/wp\/v2\/comments?post=629"}],"version-history":[{"count":1,"href":"https:\/\/usagers-transports.haut-allier.eu\/index.php\/wp-json\/wp\/v2\/posts\/629\/revisions"}],"predecessor-version":[{"id":2788,"href":"https:\/\/usagers-transports.haut-allier.eu\/index.php\/wp-json\/wp\/v2\/posts\/629\/revisions\/2788"}],"wp:featuredmedia":[{"embeddable":true,"href":"https:\/\/usagers-transports.haut-allier.eu\/index.php\/wp-json\/wp\/v2\/media\/2783"}],"wp:attachment":[{"href":"https:\/\/usagers-transports.haut-allier.eu\/index.php\/wp-json\/wp\/v2\/media?parent=629"}],"wp:term":[{"taxonomy":"category","embeddable":true,"href":"https:\/\/usagers-transports.haut-allier.eu\/index.php\/wp-json\/wp\/v2\/categories?post=629"},{"taxonomy":"post_tag","embeddable":true,"href":"https:\/\/usagers-transports.haut-allier.eu\/index.php\/wp-json\/wp\/v2\/tags?post=629"}],"curies":[{"name":"wp","href":"https:\/\/api.w.org\/{rel}","templated":true}]}}