{"id":63,"date":"2013-07-16T07:41:53","date_gmt":"2013-07-16T05:41:53","guid":{"rendered":"http:\/\/5.45.101.177\/haut-allier\/usagers-transportse\/index.php\/2013\/07\/16\/apres-un-debroussaillage-sncf-c063\/"},"modified":"2013-07-16T07:41:53","modified_gmt":"2013-07-16T05:41:53","slug":"apres-un-debroussaillage-sncf-c063","status":"publish","type":"post","link":"https:\/\/usagers-transports.haut-allier.eu\/index.php\/2013\/07\/16\/apres-un-debroussaillage-sncf-c063\/","title":{"rendered":"Apr\u00e8s un d\u00e9broussaillage SNCF : c&rsquo;est Verdun"},"content":{"rendered":"<p>Mais quel produit utilise la SNCF \/ RFF pour d\u00e9broussailler les abords de ses installations ? Faut-il s&rsquo;en inqui\u00e9ter ? On peut se poser l\u00e9gitimement la question quand on voit les photos \u00e9difiantes communiqu\u00e9es par des riverains des voies apr\u00e8s l&rsquo;op\u00e9ration.<\/p>\n<p><img loading=\"lazy\" decoding=\"async\" class=\" aligncenter size-full wp-image-1434\" src=\"http:\/\/5.45.101.177\/haut-allier\/usagers-transportse\/wp-content\/uploads\/2013\/07\/100_5263.jpg\" alt=\"100_5263.jpg\" align=\"center\" width=\"640\" height=\"480\" srcset=\"https:\/\/usagers-transports.haut-allier.eu\/wp-content\/uploads\/2013\/07\/100_5263.jpg 640w, https:\/\/usagers-transports.haut-allier.eu\/wp-content\/uploads\/2013\/07\/100_5263-300x225.jpg 300w\" sizes=\"auto, (max-width: 640px) 100vw, 640px\" \/><\/p>\n<p><img loading=\"lazy\" decoding=\"async\" class=\" aligncenter size-full wp-image-1435\" src=\"http:\/\/5.45.101.177\/haut-allier\/usagers-transportse\/wp-content\/uploads\/2013\/07\/100_5264.jpg\" alt=\"100_5264.jpg\" align=\"center\" width=\"640\" height=\"480\" srcset=\"https:\/\/usagers-transports.haut-allier.eu\/wp-content\/uploads\/2013\/07\/100_5264.jpg 640w, https:\/\/usagers-transports.haut-allier.eu\/wp-content\/uploads\/2013\/07\/100_5264-300x225.jpg 300w\" sizes=\"auto, (max-width: 640px) 100vw, 640px\" \/><\/p>\n<p><img loading=\"lazy\" decoding=\"async\" class=\" aligncenter size-full wp-image-1436\" src=\"http:\/\/5.45.101.177\/haut-allier\/usagers-transportse\/wp-content\/uploads\/2013\/07\/100_5265.jpg\" alt=\"100_5265.jpg\" align=\"center\" width=\"640\" height=\"480\" srcset=\"https:\/\/usagers-transports.haut-allier.eu\/wp-content\/uploads\/2013\/07\/100_5265.jpg 640w, https:\/\/usagers-transports.haut-allier.eu\/wp-content\/uploads\/2013\/07\/100_5265-300x225.jpg 300w\" sizes=\"auto, (max-width: 640px) 100vw, 640px\" \/><\/p>\n<p><img loading=\"lazy\" decoding=\"async\" class=\" aligncenter size-full wp-image-1437\" src=\"http:\/\/5.45.101.177\/haut-allier\/usagers-transportse\/wp-content\/uploads\/2013\/07\/100_5266.jpg\" alt=\"100_5266.jpg\" align=\"center\" width=\"640\" height=\"480\" srcset=\"https:\/\/usagers-transports.haut-allier.eu\/wp-content\/uploads\/2013\/07\/100_5266.jpg 640w, https:\/\/usagers-transports.haut-allier.eu\/wp-content\/uploads\/2013\/07\/100_5266-300x225.jpg 300w\" sizes=\"auto, (max-width: 640px) 100vw, 640px\" \/><\/p>\n<p><img loading=\"lazy\" decoding=\"async\" class=\" aligncenter size-full wp-image-1438\" src=\"http:\/\/5.45.101.177\/haut-allier\/usagers-transportse\/wp-content\/uploads\/2013\/07\/100_5267.jpg\" alt=\"100_5267.jpg\" align=\"center\" width=\"640\" height=\"480\" srcset=\"https:\/\/usagers-transports.haut-allier.eu\/wp-content\/uploads\/2013\/07\/100_5267.jpg 640w, https:\/\/usagers-transports.haut-allier.eu\/wp-content\/uploads\/2013\/07\/100_5267-300x225.jpg 300w\" sizes=\"auto, (max-width: 640px) 100vw, 640px\" \/><\/p>\n<p><img loading=\"lazy\" decoding=\"async\" class=\" aligncenter size-full wp-image-1439\" src=\"http:\/\/5.45.101.177\/haut-allier\/usagers-transportse\/wp-content\/uploads\/2013\/07\/100_5269.jpg\" alt=\"100_5269.jpg\" align=\"center\" width=\"640\" height=\"480\" srcset=\"https:\/\/usagers-transports.haut-allier.eu\/wp-content\/uploads\/2013\/07\/100_5269.jpg 640w, https:\/\/usagers-transports.haut-allier.eu\/wp-content\/uploads\/2013\/07\/100_5269-300x225.jpg 300w\" sizes=\"auto, (max-width: 640px) 100vw, 640px\" \/><\/p>\n<p><img loading=\"lazy\" decoding=\"async\" class=\" aligncenter size-full wp-image-1440\" src=\"http:\/\/5.45.101.177\/haut-allier\/usagers-transportse\/wp-content\/uploads\/2013\/07\/100_5270.jpg\" alt=\"100_5270.jpg\" align=\"center\" width=\"640\" height=\"480\" srcset=\"https:\/\/usagers-transports.haut-allier.eu\/wp-content\/uploads\/2013\/07\/100_5270.jpg 640w, https:\/\/usagers-transports.haut-allier.eu\/wp-content\/uploads\/2013\/07\/100_5270-300x225.jpg 300w\" sizes=\"auto, (max-width: 640px) 100vw, 640px\" \/><\/p>\n<p><em>De bien belles images en effet&#8230; Photos prises au Pont d&rsquo;Alleyras, apr\u00e8s \u00ab\u00a0nettoyage\u00a0\u00bb : arbres, notamment fruitiers de terrains priv\u00e9s, br\u00fbl\u00e9s, bas-c\u00f4t\u00e9s et talus dont on pourrait penser qu&rsquo;ils ont \u00e9t\u00e9 trait\u00e9s au napalm&#8230;<\/em><\/p>\n<p>S&rsquo;il s&rsquo;agit de d\u00e9broussailler pour \u00e9viter les incendies dus aux \u00e9tincelles provoqu\u00e9es par les essieux sur les rails ou par les freins des trains c&rsquo;est rat\u00e9 avec ce r\u00e9sultat d&rsquo;hyper s\u00e9cheresse sur la v\u00e9g\u00e9tation !<\/p>\n<p>Il est s\u00fbr que des explications sur la m\u00e9thode utilis\u00e9e de la part de la SNCF seraient les bienvenues.<\/p>\n","protected":false},"excerpt":{"rendered":"<p>Mais quel produit utilise la SNCF \/ RFF pour d\u00e9broussailler les abords de ses installations ? Faut-il s&rsquo;en<\/p>\n","protected":false},"author":1,"featured_media":1434,"comment_status":"closed","ping_status":"open","sticky":false,"template":"","format":"standard","meta":{"footnotes":""},"categories":[2],"tags":[],"class_list":["post-63","post","type-post","status-publish","format-standard","has-post-thumbnail","hentry","category-infos"],"_links":{"self":[{"href":"https:\/\/usagers-transports.haut-allier.eu\/index.php\/wp-json\/wp\/v2\/posts\/63","targetHints":{"allow":["GET"]}}],"collection":[{"href":"https:\/\/usagers-transports.haut-allier.eu\/index.php\/wp-json\/wp\/v2\/posts"}],"about":[{"href":"https:\/\/usagers-transports.haut-allier.eu\/index.php\/wp-json\/wp\/v2\/types\/post"}],"author":[{"embeddable":true,"href":"https:\/\/usagers-transports.haut-allier.eu\/index.php\/wp-json\/wp\/v2\/users\/1"}],"replies":[{"embeddable":true,"href":"https:\/\/usagers-transports.haut-allier.eu\/index.php\/wp-json\/wp\/v2\/comments?post=63"}],"version-history":[{"count":0,"href":"https:\/\/usagers-transports.haut-allier.eu\/index.php\/wp-json\/wp\/v2\/posts\/63\/revisions"}],"wp:featuredmedia":[{"embeddable":true,"href":"https:\/\/usagers-transports.haut-allier.eu\/index.php\/wp-json\/wp\/v2\/media\/1434"}],"wp:attachment":[{"href":"https:\/\/usagers-transports.haut-allier.eu\/index.php\/wp-json\/wp\/v2\/media?parent=63"}],"wp:term":[{"taxonomy":"category","embeddable":true,"href":"https:\/\/usagers-transports.haut-allier.eu\/index.php\/wp-json\/wp\/v2\/categories?post=63"},{"taxonomy":"post_tag","embeddable":true,"href":"https:\/\/usagers-transports.haut-allier.eu\/index.php\/wp-json\/wp\/v2\/tags?post=63"}],"curies":[{"name":"wp","href":"https:\/\/api.w.org\/{rel}","templated":true}]}}