{"id":632,"date":"2019-10-23T05:55:33","date_gmt":"2019-10-23T03:55:33","guid":{"rendered":"http:\/\/5.45.101.177\/haut-allier\/usagers-transportse\/index.php\/2019\/10\/23\/ligne-du-train-cevenol-les-10-3632\/"},"modified":"2019-10-23T05:55:33","modified_gmt":"2019-10-23T03:55:33","slug":"ligne-du-train-cevenol-les-10-3632","status":"publish","type":"post","link":"https:\/\/usagers-transports.haut-allier.eu\/index.php\/2019\/10\/23\/ligne-du-train-cevenol-les-10-3632\/","title":{"rendered":"Ligne du train C\u00e9venol : les 10,3 millions de la r\u00e9gion Auvergne Rh\u00f4ne Alpes sont vot\u00e9s"},"content":{"rendered":"<p>Suite aux annonces lors du colloque d&rsquo;Alleyras voici le d\u00e9tail des travaux pour la p\u00e9riode 2020 &#8211; 2023 sur la ligne Clermont-Ferrand N\u00eemes et la portion Saint-Georges d&rsquo;Aurac Langogne :<br \/>\n&nbsp;<br \/>\n<strong>La R\u00e9gion a vot\u00e9 le 18 octobre des \u00e9tudes et des travaux pour la survie<br \/>\nde la ligne des C\u00e9vennes et Saint-Georges-d&rsquo;Aurac et Langogne.<\/strong><br \/>\n&nbsp;<br \/>\nLe diagnostic r\u00e9alis\u00e9 depuis 2016 par SNCF R\u00e9seau sur cette ligne a<br \/>\nmontr\u00e9 un \u00e9tat critique de l\u2019infrastructure avec un risque de suspension<br \/>\nd\u2019exploitation d\u00e8s 2017. Cette ligne a donc \u00e9t\u00e9 inscrite au Plan de<br \/>\nsauvetage et des travaux d\u2019urgence \u00e0 hauteur de 3 M\u20ac, dont 60% R\u00e9gion,<br \/>\nont \u00e9t\u00e9 r\u00e9alis\u00e9s en 2017. Mais depuis, plusieurs autres op\u00e9rations ont<br \/>\nd\u00fb \u00eatre annul\u00e9es faute de financement de la part de l\u2019\u00c9tat, et ce malgr\u00e9<br \/>\nplusieurs d\u00e9lib\u00e9rations successives de la R\u00e9gion, avec proposition d\u2019une<br \/>\navance de la part financi\u00e8re de l\u2019\u00c9tat.<br \/>\n&nbsp;<br \/>\nAujourd\u2019hui, des travaux sont indispensables pour garantir le maintien<br \/>\ndes circulations au-del\u00e0 de 2020. Il est donc propos\u00e9 de valider une<br \/>\nnouvelle campagne de travaux de survie sur la ligne \u00e0 mener par SNCF<br \/>\nR\u00e9seau entre 2020 et 2023 (\u00e0 l\u2019occasion de coupures de lignes d\u2019environ<br \/>\n3 mois chaque ann\u00e9e).<br \/>\n&nbsp;<br \/>\nLe montant de l\u2019op\u00e9ration est estim\u00e9 \u00e0 10 322 000 \u20ac. Le financement<br \/>\nserait pris en charge int\u00e9gralement par la R\u00e9gion. En effet, malgr\u00e9 une<br \/>\ndemande de co-financement formul\u00e9e par la R\u00e9gion par courrier du 8 ao\u00fbt<br \/>\n2019, SNCF R\u00e9seau n\u2019accepte plus de financer les op\u00e9rations dites \u00ab de<br \/>\nsurvie \u00bb sur les petites lignes, consid\u00e9rant qu\u2019elles n\u2019engendrent<br \/>\naucune \u00e9conomie de maintenance. L\u2019\u00c9tat restreint quant \u00e0 lui son champ<br \/>\nd\u2019intervention \u00e0 certaines lignes jug\u00e9es prioritaires (p\u00e9riurbain ou<br \/>\ninterurbain \u00ab \u00e0 enjeu \u00bb).<br \/>\n&nbsp;<br \/>\nLes travaux concernent notamment :<br \/>\n&#8211; la sauvegarde du plancher de la voie courante (remplacement de rail et<br \/>\ntraverses),<br \/>\n&#8211; le confortement de tunnels et ouvrages en terre,<br \/>\n&#8211; la reprise de ma\u00e7onnerie de plusieurs ponts-routes,<br \/>\n&#8211; le remplacement de c\u00e2bles de signalisation.<br \/>\n&nbsp;<br \/>\nA noter qu\u2019en parall\u00e8le, une \u00e9tude pr\u00e9liminaire de l\u2019ensemble de la<br \/>\nligne vient d\u2019\u00eatre lanc\u00e9e de mani\u00e8re partenariale avec la R\u00e9gion<br \/>\nOccitanie, l\u2019\u00c9tat et SNCF R\u00e9seau (1,1 M\u20ac dont 23 % R\u00e9gion Auvergne<br \/>\nRh\u00f4ne-Alpes) afin de pr\u00e9figurer plus finement l\u2019avenir de la ligne et<br \/>\nles investissements correspondants \u00e0 partir de 2023.<br \/>\n&nbsp;<br \/>\nC\u00f4t\u00e9 Occitanie, le montant consacr\u00e9 \u00e0 la ligne des C\u00e9vennes a \u00e9t\u00e9 abond\u00e9<br \/>\n\u00e0 l\u2019occasion d\u2019un avenant de r\u00e9vision du CPER sign\u00e9 d\u00e9but 2017 : le<br \/>\nmontant fl\u00e9ch\u00e9 sur la r\u00e9g\u00e9n\u00e9ration de la section Al\u00e8s -\u2013 Langogne a<br \/>\nainsi \u00e9t\u00e9 port\u00e9 \u00e0 43 M\u20ac (au lieu des 23 M\u20ac initiaux) et des travaux sont<br \/>\nprogramm\u00e9s.<br \/>\n&nbsp;<br \/>\nL\u2019\u00e9tat de certaines lignes \u00e9volue plus ou moins rapidement et l\u2019urgence<br \/>\nde certaines situations induit la mise en \u0153uvre de mesures \u00e0 court<br \/>\nterme. C\u2019est notamment le cas de la ligne des C\u00e9vennes, pour sa section<br \/>\nsitu\u00e9e entre Saint-Georges-d\u2019&rsquo;Aurac (Pk 512,962) et Langogne (limite de<br \/>\nR\u00e9gion AuRA avec OCCITANIE, pk 578,800), pour laquelle des travaux sont<br \/>\nn\u00e9cessaires de 2019 \u00e0 2021, et pour lesquels SNCF R\u00e9seau a propos\u00e9<br \/>\nplusieurs conventions de financement depuis 2017.<br \/>\nLe financement de ces op\u00e9rations n\u2019ayant pu aboutir, l\u2019\u00e9tat de<br \/>\nl\u2019infrastructure a continu\u00e9 \u00e0 se d\u00e9t\u00e9riorer. Une expertise r\u00e9alis\u00e9e en<br \/>\nmai et juin 2019 a confirm\u00e9 les risques de suspension d\u2019exploitation.<br \/>\nCette nouvelle op\u00e9ration, objet de la pr\u00e9sente convention, a donc pour<br \/>\nobjectif de proposer des travaux urgents d\u00e8s 2020 et jusqu\u2019en 2023 (avec<br \/>\nles \u00e9tudes \u00e0 d\u00e9marrer d\u00e8s 2019) pour \u00e9viter un risque de nouvelles LPV<br \/>\nd\u00e8s le Service Annuel 2020, et un risque de suspension d\u2019exploitation au<br \/>\nService Annuel 2023.<br \/>\n&nbsp;<br \/>\n<strong>L\u2019ensemble des \u00e9tudes et des travaux a pour objectif d\u2019\u00e9viter<br \/>\nl\u2019apparition de nouvelles Limitations Permanentes de Vitesses tr\u00e8s<br \/>\nrestrictives, pouvant appara\u00eetre potentiellement d\u00e8s le service annuel<br \/>\n2020, et tr\u00e8s certainement au service annuel 2022, ainsi qu\u2019un risque de<br \/>\nsuspension d\u2019exploitation au Service annuel 2023, sur la ligne 790000<br \/>\nsur la section comprise entre St Georges d\u2019Aurac (Pk 512,962) \u00e0 Langogne<br \/>\n(limite de R\u00e9gion AuRA avec OCCITANIE, pk 578,800).<\/strong><br \/>\n&nbsp;<br \/>\nLa zone concern\u00e9e par la pr\u00e9sente convention est class\u00e9e en UIC 8 AV.<br \/>\n&nbsp;<br \/>\n<strong>L\u2019objectif fonctionnel est d\u2019\u00e9viter l\u2019apparition de nouvelles<br \/>\nLimitations Permanentes de Vitesses tr\u00e8s restrictives, pouvant<br \/>\nappara\u00eetre potentiellement d\u00e8s le service annuel 2020, et tr\u00e8s<br \/>\ncertainement au service annuel 2022, ainsi qu\u2019un risque de suspension<br \/>\nd\u2019exploitation au Service annuel 2023 sur la section comprise entre St<br \/>\nGeorges d\u2019Aurac (Pk 512,962) \u00e0 Langogne (limite de R\u00e9gion AuRA avec<br \/>\nOCCITANIE, pk 578,800).<\/strong><br \/>\n&nbsp;<br \/>\n<strong>Il s\u2019agit d\u2019un programme \u00e0 minima, il devrait permettre d\u2019attendre des<br \/>\ntravaux plus cons\u00e9quents d\u2019une op\u00e9ration qui pourrait se r\u00e9aliser \u00e0<br \/>\nl\u2019horizon 2025\/2027.<\/strong><br \/>\n&nbsp;<br \/>\n<strong>Description et objectif des \u00e9tudes<\/strong><br \/>\n&nbsp;<br \/>\nLe programme int\u00e8gre la r\u00e9alisation d\u2019\u00e9tudes de niveau Avant-Projet<br \/>\n(AVP), pour les objets suivants :<br \/>\na. Le tunnel de Ribains<br \/>\nb. Le Grillage Plaqu\u00e9 Ancr\u00e9 du Versant de la Garde.<br \/>\n&nbsp;<br \/>\nAinsi qu\u2019une \u00e9tude trajectographique sur neufs ouvrages en terre identifi\u00e9s.<br \/>\nLes \u00e9tudes permettront de d\u00e9finir :<br \/>\n&#8211; La consistance du programme technique de r\u00e9alisation<br \/>\n&#8211; Le calendrier d\u00e9taill\u00e9 de r\u00e9alisation des travaux.<br \/>\n&nbsp;<br \/>\n\/Nota : les travaux sur les neufs ouvrages en terre, seront \u00e0 envisager<br \/>\npour une prolongation de l\u2019exploitation au-del\u00e0 de 2023.\/<br \/>\n&nbsp;<br \/>\n<strong>Programme pr\u00e9visionnel des Travaux<\/strong><br \/>\n&nbsp;<br \/>\nLa pr\u00e9sente convention porte sur la r\u00e9alisation des travaux d\u00e9finis \u00e0 ce<br \/>\nparagraphe.<br \/>\n&nbsp;<br \/>\nLe programme des travaux est propos\u00e9 suite :<br \/>\n&#8211; aux quatre expertises voie r\u00e9alis\u00e9es entre 2016 et 2019, qui<br \/>\npermettent de couvrir la totalit\u00e9 de la section de ligne entre<br \/>\nSaint-Georges-d\u2019Aurac et Langogne<br \/>\n&#8211; \u00e0 l\u2019expertise de la signalisation ferroviaire, r\u00e9alis\u00e9e en 2018<br \/>\n&#8211; \u00e0 l\u2019expertise des tunnels de Crest et Ribains, r\u00e9alis\u00e9e en Juin 2019.<br \/>\n&nbsp;<br \/>\n<em>M\u00e9tier VOIE<\/em><br \/>\n&nbsp;<br \/>\nSt-Georges &#8211; Langeac<br \/>\n&#8211; Expertise de 2019 probl\u00e8me de rail obsol\u00e8te S52 pouvant conduire \u00e0 une<br \/>\nLPV 70 km\/h compl\u00e9mentaire si pas de remplacement avant le SA2022<br \/>\n&#8211; Remplacement de rail S 52 des zones les plus urgentes<br \/>\n&#8211; L\u2019\u00e9radication du rail S52 restant devra \u00eatre envisag\u00e9 au-del\u00e0 2023<br \/>\n&#8211; N\u00e9cessit\u00e9 d\u2019intervention pour l\u2019\u00e9puration localis\u00e9e de 3 zones ; soit<br \/>\nune longueur d\u2019environ 100ml<br \/>\n&#8211; Cette section devra faire l\u2019objet d\u2019un relevage ou d\u2019un remplacement<br \/>\nde ballast au-del\u00e0 de 2023<br \/>\n&nbsp;<br \/>\nLangeac \u2013 au Pk 524<br \/>\n&#8211; Expertise 2018 => une courbe \u00e0 traiter en remplacement de rail pour<br \/>\n\u00e9viter la mise en place d\u2019une LPV 60km\/h Monistrol &#8211; Chapeauroux<br \/>\n&#8211; Expertise de 2016 => remplacement de traverses dans des zones cibl\u00e9es,<br \/>\nd\u00e8s 2020 et jusqu\u2019en 2022<br \/>\n&#8211; La LPV 40 actuellement en place restera en place apr\u00e8s ces<br \/>\ninterventions Chapeauroux &#8211; Langogne<br \/>\n&#8211; Traitement du syst\u00e8me de drainage et \u00e9puration de ballast terreux<br \/>\nconstat\u00e9 pour \u00e9viter d\u2019engendrer des zones boueuses.<br \/>\n&nbsp;<br \/>\n<em>M\u00e9tier Ouvrages d\u2019art et Ouvrages en terre<\/em><br \/>\n&nbsp;<br \/>\nLe patrimoine de cette ligne est tr\u00e8s riche. Les \u00ab Ouvrages \u00bb concernant<br \/>\nla section trait\u00e9e sont :<br \/>\n&#8211; 170 Ouvrages en terre (OT) dont 145 sensibles (OTS)<br \/>\n&#8211; 49 Tunnels<br \/>\n&#8211; 460 Murs et perr\u00e9s<br \/>\n&#8211; 105 Ponts Rails (PRA) y compris viaducs<br \/>\n&#8211; 18 Ponts Route (PRO)<br \/>\n&#8211; 207 Petits Ouvrage Sous Voie (POSV).<br \/>\n&nbsp;<br \/>\nLes interventions \u00e0 traiter en urgence sont les suivantes :<br \/>\n&nbsp;<br \/>\nTunnel de RIBAINS (Ouvrage en Surveillance Renforc\u00e9e)<br \/>\n&#8211; Mise en place de mesures conservatoires<br \/>\n&#8211; Risque de LPV \u00e0 10km\/h<br \/>\n&#8211; Risque de chute de ma\u00e7onnerie<br \/>\n&nbsp;<br \/>\nTravaux \u00e0 r\u00e9aliser : consolidation par b\u00e9ton projet\u00e9<br \/>\n&nbsp;<br \/>\nTunnel de CREST<br \/>\n&#8211; Deux nouvelles tranches de travaux sont \u00e0 r\u00e9aliser<br \/>\n&#8211; Les Travaux consistent \u00e0 traiter des zones non rev\u00eatues par du b\u00e9ton<br \/>\nprojet\u00e9.<br \/>\n&nbsp;<br \/>\nLe programme d\u2019op\u00e9ration prend en compte les deux tranches de travaux \u00e0<br \/>\nr\u00e9aliser dans la m\u00eame p\u00e9riode de travaux.<br \/>\n&nbsp;<br \/>\nVersant de la GARDE<br \/>\n&nbsp; Protection par Grillage Plaqu\u00e9 Ancr\u00e9 (GPA)<br \/>\n&nbsp; La p\u00e9riode qui pourrait \u00eatre envisag\u00e9e pour la r\u00e9alisation est 2021\/2022.<br \/>\n&nbsp;<br \/>\n&nbsp; Quatre Ponts routes_doivent \u00eatre trait\u00e9s avec renforcement contre-vo\u00fbte<br \/>\net reprise de ma\u00e7onnerie<br \/>\n&nbsp;<br \/>\nCes 4 ouvrages n\u00e9cessitent des travaux de confortement urgents.<br \/>\n&nbsp;<br \/>\nTrois de ces ponts routes sont int\u00e9gr\u00e9s dans la convention (ouvrages de<br \/>\nr\u00e9tablissement) :<br \/>\n&nbsp; Le pont route du km 498+730 avec renforcement de la structure par une<br \/>\ncontre-vo\u00fbte en b\u00e9ton projet\u00e9 et r\u00e9fection de l\u2019\u00e9tanch\u00e9it\u00e9 Cet ouvrage<br \/>\nse situe entre Fontannes et Frugi\u00e8res-le-Pin (en campagne).<br \/>\n&nbsp; Le pont route du km 504+132 avec renforcement de la structure par une<br \/>\ncontre-vo\u00fbte en b\u00e9ton projet\u00e9, reprise des ma\u00e7onneries et r\u00e9fection de<br \/>\nl\u2019\u00e9tanch\u00e9it\u00e9. Cet ouvrage se situe entre Frugi\u00e8res-le-Pin et Paulhaguet<br \/>\n(liaison entre une ferme et un hameau).<br \/>\n&nbsp; Le pont route du km 511+907 avec la reconstruction des ma\u00e7onneries<br \/>\nainsi que de l\u2019aqueduc sous la cul\u00e9e c\u00f4t\u00e9 droit et r\u00e9fection de<br \/>\nl\u2019\u00e9tanch\u00e9it\u00e9. Cet ouvrage se situe entre Paulhaguet et St Georges<br \/>\nd\u2019&rsquo;Aurac (en campagne).<br \/>\n&nbsp;<br \/>\nLe pont route suivant est sous la responsabilit\u00e9 de gestion du Conseil<br \/>\nD\u00e9partemental de la Haute Loire (CD43) :<br \/>\n&nbsp; Le pont route du km 554+801 avec des travaux de renforcement de la<br \/>\nstructure par une contre-vo\u00fbte en b\u00e9ton projet\u00e9, la reprise des<br \/>\nma\u00e7onneries et la r\u00e9fection de l\u2019\u00e9tanch\u00e9it\u00e9. Cet ouvrage se situe \u00e0 la<br \/>\nsortie d\u2019&rsquo;Alleyras \u00e0 500m en campagne.<br \/>\nSNCF R\u00e9seau engagera tr\u00e8s rapidement une d\u00e9marche aupr\u00e8s du Conseil<br \/>\nD\u00e9partemental afin que celui-ci conforte l\u2019ouvrage.<br \/>\nLa planification des travaux est \u00e0 envisager sur les m\u00eames p\u00e9riodes que<br \/>\nceux trait\u00e9s dans la cadre de la pr\u00e9sente convention, soit 2021, 2022 et<br \/>\n2023.<br \/>\n&nbsp;<br \/>\nTravaux de ma\u00e7onnerie<br \/>\n&#8211; Travaux de rejointoiement et de r\u00e9paration des ma\u00e7onneries, traitement<br \/>\nde 1 \u00e0 2 murs \/ an sur 4 ans.<br \/>\n&nbsp;<br \/>\n<em>M\u00e9tier Signalisation<\/em><br \/>\n&nbsp;<br \/>\nLes interventions suivantes sont propos\u00e9es :<br \/>\n&nbsp;<br \/>\nBMVU<br \/>\nUne expertise du BMVU a \u00e9t\u00e9 r\u00e9alis\u00e9e en 2018.<br \/>\n\u00c0 l\u2019horizon de 2021 :<br \/>\n&#8211; Remise \u00e0 niveau avec remplacement de connecteurs pour traiter une partie<br \/>\ndes incidents (d\u00e9faut isolement suite aux recherches apr\u00e8s expertise).<br \/>\n&#8211; R\u00e9g\u00e9n\u00e9ration TCC du BMVU de la gare de Langeac.<br \/>\n&nbsp;<br \/>\nGare de LANGEAC Changement des 16 c\u00e2bles Non Marqu\u00e9s (NM)<br \/>\n&nbsp;<br \/>\nMonistrol Chapeauroux Remplacement c\u00e2bles<br \/>\n&nbsp;<br \/>\nPassage \u00e0 Niveau (PN)<br \/>\n&nbsp;<br \/>\nLa section concern\u00e9e int\u00e8gre 7 PN : PN 91, 93, 94, 95, 97 et 99. Trois<br \/>\nPN sont \u00e0 traiter avant 2023 : Les PN 91, 93 et 95 (PN avec les valeurs<br \/>\nd\u2019isolement les plus faibles). Les travaux sont constitu\u00e9s de<br \/>\nremplacements de c\u00e2bles.<br \/>\n&nbsp;<br \/>\n<strong>Le calendrier pr\u00e9visionnel pourra \u00e9voluer en fonction des proc\u00e9dures<br \/>\nadministratives \u00e9ventuelles, de m\u00eame qu\u2019il peut \u00e9voluer sur<br \/>\njustification de SNCF R\u00e9seau.<\/strong><br \/>\n&nbsp;<br \/>\nLes travaux sont pr\u00e9vus de 2020 \u00e0 2023, en fermeture de ligne, et<br \/>\nnotamment :<br \/>\n&#8211; En 2020 : du 23 Mars au 19 Juin<br \/>\n&#8211; En 2021 : p\u00e9riode de 12 semaines dans l\u2019ombre des plages travaux<br \/>\npos\u00e9es par Occitanie.<br \/>\nLa coupure 2022 sera notamment consacr\u00e9e aux travaux importants sur les<br \/>\nouvrages d&rsquo;\u2019arts.<br \/>\n&nbsp;<br \/>\n<em>Le viaduc de Vabres<\/em><br \/>\n<img loading=\"lazy\" decoding=\"async\" class=\" aligncenter size-full wp-image-2798\" src=\"http:\/\/5.45.101.177\/haut-allier\/usagers-transportse\/wp-content\/uploads\/2019\/10\/vlcsnap-2019-10-23-05h49m53s927.jpg\" alt=\"vlcsnap-2019-10-23-05h49m53s927.jpg\" align=\"center\" width=\"1280\" height=\"720\" srcset=\"https:\/\/usagers-transports.haut-allier.eu\/wp-content\/uploads\/2019\/10\/vlcsnap-2019-10-23-05h49m53s927.jpg 1280w, https:\/\/usagers-transports.haut-allier.eu\/wp-content\/uploads\/2019\/10\/vlcsnap-2019-10-23-05h49m53s927-300x169.jpg 300w, https:\/\/usagers-transports.haut-allier.eu\/wp-content\/uploads\/2019\/10\/vlcsnap-2019-10-23-05h49m53s927-1024x576.jpg 1024w, https:\/\/usagers-transports.haut-allier.eu\/wp-content\/uploads\/2019\/10\/vlcsnap-2019-10-23-05h49m53s927-768x432.jpg 768w\" sizes=\"auto, (max-width: 1280px) 100vw, 1280px\" \/><\/p>\n","protected":false},"excerpt":{"rendered":"<p>Suite aux annonces lors du colloque d&rsquo;Alleyras voici le d\u00e9tail des travaux pour la p\u00e9riode 2020 &#8211; 2023<\/p>\n","protected":false},"author":1,"featured_media":2797,"comment_status":"open","ping_status":"open","sticky":false,"template":"","format":"standard","meta":{"footnotes":""},"categories":[2],"tags":[],"class_list":["post-632","post","type-post","status-publish","format-standard","has-post-thumbnail","hentry","category-infos"],"_links":{"self":[{"href":"https:\/\/usagers-transports.haut-allier.eu\/index.php\/wp-json\/wp\/v2\/posts\/632","targetHints":{"allow":["GET"]}}],"collection":[{"href":"https:\/\/usagers-transports.haut-allier.eu\/index.php\/wp-json\/wp\/v2\/posts"}],"about":[{"href":"https:\/\/usagers-transports.haut-allier.eu\/index.php\/wp-json\/wp\/v2\/types\/post"}],"author":[{"embeddable":true,"href":"https:\/\/usagers-transports.haut-allier.eu\/index.php\/wp-json\/wp\/v2\/users\/1"}],"replies":[{"embeddable":true,"href":"https:\/\/usagers-transports.haut-allier.eu\/index.php\/wp-json\/wp\/v2\/comments?post=632"}],"version-history":[{"count":0,"href":"https:\/\/usagers-transports.haut-allier.eu\/index.php\/wp-json\/wp\/v2\/posts\/632\/revisions"}],"wp:featuredmedia":[{"embeddable":true,"href":"https:\/\/usagers-transports.haut-allier.eu\/index.php\/wp-json\/wp\/v2\/media\/2797"}],"wp:attachment":[{"href":"https:\/\/usagers-transports.haut-allier.eu\/index.php\/wp-json\/wp\/v2\/media?parent=632"}],"wp:term":[{"taxonomy":"category","embeddable":true,"href":"https:\/\/usagers-transports.haut-allier.eu\/index.php\/wp-json\/wp\/v2\/categories?post=632"},{"taxonomy":"post_tag","embeddable":true,"href":"https:\/\/usagers-transports.haut-allier.eu\/index.php\/wp-json\/wp\/v2\/tags?post=632"}],"curies":[{"name":"wp","href":"https:\/\/api.w.org\/{rel}","templated":true}]}}