{"id":633,"date":"2019-11-11T17:13:07","date_gmt":"2019-11-11T16:13:07","guid":{"rendered":"http:\/\/5.45.101.177\/haut-allier\/usagers-transportse\/index.php\/2019\/11\/11\/billets-limites-de-oui-sncf633\/"},"modified":"2019-11-11T17:13:07","modified_gmt":"2019-11-11T16:13:07","slug":"billets-limites-de-oui-sncf633","status":"publish","type":"post","link":"https:\/\/usagers-transports.haut-allier.eu\/index.php\/2019\/11\/11\/billets-limites-de-oui-sncf633\/","title":{"rendered":"Billets limit\u00e9s de Oui.SNCF : cliquons cliquons sur le nouveau bouton !!!"},"content":{"rendered":"<p>Suite \u00e0 notre p\u00e9tition <a href=\"http:\/\/chng.it\/dMVGYxbb\"><strong>\u00ab\u00a0Pour des billets SNCF non limit\u00e9s \u00e0 2 changements\u00a0\u00bb<\/strong><\/a> en vente sur Internet sur laquelle vous pouvez toujours apposer votre signature <strong>un bouton vient d&rsquo;appara\u00eetre dans l&rsquo;affichage des r\u00e9sultats de nos demandes sur le site Oui.sncf<\/strong>  :<br \/>\n&nbsp;<br \/>\n<img loading=\"lazy\" decoding=\"async\" class=\" aligncenter size-full wp-image-2800\" src=\"http:\/\/5.45.101.177\/haut-allier\/usagers-transportse\/wp-content\/uploads\/2019\/11\/firefox_screenshot_2019-11-08t06-57-50.224z.png\" alt=\"firefox_screenshot_2019-11-08t06-57-50.224z.png\" align=\"center\" width=\"788\" height=\"557\" srcset=\"https:\/\/usagers-transports.haut-allier.eu\/wp-content\/uploads\/2019\/11\/firefox_screenshot_2019-11-08t06-57-50.224z.png 788w, https:\/\/usagers-transports.haut-allier.eu\/wp-content\/uploads\/2019\/11\/firefox_screenshot_2019-11-08t06-57-50.224z-300x212.png 300w, https:\/\/usagers-transports.haut-allier.eu\/wp-content\/uploads\/2019\/11\/firefox_screenshot_2019-11-08t06-57-50.224z-768x543.png 768w\" sizes=\"auto, (max-width: 788px) 100vw, 788px\" \/><br \/>\n&nbsp;<br \/>\n<strong>Oh mais g\u00e9nial ! Ca y est ! Notre demande est prise en compte ! Cliquons cliquons !<\/strong><br \/>\n&nbsp;<br \/>\n<img loading=\"lazy\" decoding=\"async\" class=\" aligncenter size-full wp-image-2801\" src=\"http:\/\/5.45.101.177\/haut-allier\/usagers-transportse\/wp-content\/uploads\/2019\/11\/firefox_screenshot_2019-11-08t06-59-15.708z.png\" alt=\"firefox_screenshot_2019-11-08t06-59-15.708z.png\" align=\"center\" width=\"445\" height=\"213\" srcset=\"https:\/\/usagers-transports.haut-allier.eu\/wp-content\/uploads\/2019\/11\/firefox_screenshot_2019-11-08t06-59-15.708z.png 445w, https:\/\/usagers-transports.haut-allier.eu\/wp-content\/uploads\/2019\/11\/firefox_screenshot_2019-11-08t06-59-15.708z-300x144.png 300w\" sizes=\"auto, (max-width: 445px) 100vw, 445px\" \/><br \/>\n&nbsp;<br \/>\nEt hop, par un d\u00e9senchantement magique toute l&rsquo;impuissance du groupe SNCF saute aux yeux de tous : avec ses 2 correspondances maximum, on nous donne le choix d&rsquo;en prendre une&#8230; ou deux.<br \/>\n&nbsp;<br \/>\nDamned ! Mais me direz vous il faut peut-\u00eatre essayer avec les trajets n\u00e9cessitant plus de 2 correspondances qui ne trouvaient pas de r\u00e9ponse ?<br \/>\n&nbsp;<br \/>\nOui bien s\u00fbr ! Sommes nous courges.<br \/>\n&nbsp;<br \/>\nDe ce pas redemandons par exemple le <a href=\"http:\/\/usagers-transports.haut-allier.eu\/?dieppe-mazamet-impossible-d,630\"><strong>trajet Dieppe (Seine Maritime) Mazamet (Tarn)<\/strong><\/a> objet d&rsquo;un article ici il y a quelques semaines&#8230; R\u00e9sultat :<br \/>\n&nbsp;<br \/>\n<img loading=\"lazy\" decoding=\"async\" class=\" aligncenter size-full wp-image-2802\" src=\"http:\/\/5.45.101.177\/haut-allier\/usagers-transportse\/wp-content\/uploads\/2019\/11\/firefox_screenshot_2019-11-11t15-35-06.359z.png\" alt=\"firefox_screenshot_2019-11-11t15-35-06.359z.png\" align=\"center\" width=\"630\" height=\"394\" srcset=\"https:\/\/usagers-transports.haut-allier.eu\/wp-content\/uploads\/2019\/11\/firefox_screenshot_2019-11-11t15-35-06.359z.png 630w, https:\/\/usagers-transports.haut-allier.eu\/wp-content\/uploads\/2019\/11\/firefox_screenshot_2019-11-11t15-35-06.359z-300x188.png 300w\" sizes=\"auto, (max-width: 630px) 100vw, 630px\" \/><br \/>\n&nbsp;<br \/>\n<strong>Et non, la SNCF et son syst\u00e8me informatique sont toujours incapables de nous pr\u00e9senter une solution avec ou sans bouton&#8230;<\/strong><br \/>\n&nbsp;<br \/>\nCurieux, amusons nous \u00e0 cliquer sur \u00ab\u00a0En Savoir +\u00a0\u00bb L\u00e0 on nous explique en long en large et en travers que nous sommes fautifs dans une longue page de charabia ou qu&rsquo;il y a des travaux, ou que le trajet ne peut exister ou&#8230; enfin en tout bas de page&#8230; et en petites lettres :<br \/>\n&nbsp;<br \/>\n <img loading=\"lazy\" decoding=\"async\" class=\" aligncenter size-full wp-image-2803\" src=\"http:\/\/5.45.101.177\/haut-allier\/usagers-transportse\/wp-content\/uploads\/2019\/11\/firefox_screenshot_2019-11-11t15-34-37.977z.png\" alt=\"firefox_screenshot_2019-11-11t15-34-37.977z.png\" align=\"center\" width=\"1008\" height=\"214\" srcset=\"https:\/\/usagers-transports.haut-allier.eu\/wp-content\/uploads\/2019\/11\/firefox_screenshot_2019-11-11t15-34-37.977z.png 1008w, https:\/\/usagers-transports.haut-allier.eu\/wp-content\/uploads\/2019\/11\/firefox_screenshot_2019-11-11t15-34-37.977z-300x64.png 300w, https:\/\/usagers-transports.haut-allier.eu\/wp-content\/uploads\/2019\/11\/firefox_screenshot_2019-11-11t15-34-37.977z-768x163.png 768w\" sizes=\"auto, (max-width: 1008px) 100vw, 1008px\" \/><br \/>\n&nbsp;<br \/>\nIls avouent enfin qu&rsquo;ils ne vendent pas les trajets de plus de deux changements et nous conseillent d&rsquo;aller voir en gare &#8211; si la ville la plus proche comporte encore un guichet ouvert, car ils ferment \u00e0 tour de bras &#8211; ou de t\u00e9l\u00e9phoner au 3635 aux heures annonc\u00e9es du lundi au vendredi. Dommage il fallait que j&rsquo;ach\u00e8te mon billet un samedi. C&rsquo;est ballot.<br \/>\n&nbsp;<br \/>\n<strong>Donc aucune avanc\u00e9e si ce n&rsquo;est qu&rsquo;avec ce bouton l&rsquo;usager est bien inform\u00e9 qu&rsquo;il a affaire \u00e0 un syst\u00e8me verrouill\u00e9 \u00e0 2 changements&#8230; Puisqu&rsquo;on ne lui en proposera jamais 3 ou 4 ou 5.<\/strong><br \/>\n&nbsp;<br \/>\nPoursuivons donc la diffusion de notre p\u00e9tition&#8230;<\/p>\n","protected":false},"excerpt":{"rendered":"<p>Suite \u00e0 notre p\u00e9tition \u00ab\u00a0Pour des billets SNCF non limit\u00e9s \u00e0 2 changements\u00a0\u00bb en vente sur Internet sur<\/p>\n","protected":false},"author":1,"featured_media":2799,"comment_status":"open","ping_status":"open","sticky":false,"template":"","format":"standard","meta":{"footnotes":""},"categories":[2],"tags":[],"class_list":["post-633","post","type-post","status-publish","format-standard","has-post-thumbnail","hentry","category-infos"],"_links":{"self":[{"href":"https:\/\/usagers-transports.haut-allier.eu\/index.php\/wp-json\/wp\/v2\/posts\/633","targetHints":{"allow":["GET"]}}],"collection":[{"href":"https:\/\/usagers-transports.haut-allier.eu\/index.php\/wp-json\/wp\/v2\/posts"}],"about":[{"href":"https:\/\/usagers-transports.haut-allier.eu\/index.php\/wp-json\/wp\/v2\/types\/post"}],"author":[{"embeddable":true,"href":"https:\/\/usagers-transports.haut-allier.eu\/index.php\/wp-json\/wp\/v2\/users\/1"}],"replies":[{"embeddable":true,"href":"https:\/\/usagers-transports.haut-allier.eu\/index.php\/wp-json\/wp\/v2\/comments?post=633"}],"version-history":[{"count":0,"href":"https:\/\/usagers-transports.haut-allier.eu\/index.php\/wp-json\/wp\/v2\/posts\/633\/revisions"}],"wp:featuredmedia":[{"embeddable":true,"href":"https:\/\/usagers-transports.haut-allier.eu\/index.php\/wp-json\/wp\/v2\/media\/2799"}],"wp:attachment":[{"href":"https:\/\/usagers-transports.haut-allier.eu\/index.php\/wp-json\/wp\/v2\/media?parent=633"}],"wp:term":[{"taxonomy":"category","embeddable":true,"href":"https:\/\/usagers-transports.haut-allier.eu\/index.php\/wp-json\/wp\/v2\/categories?post=633"},{"taxonomy":"post_tag","embeddable":true,"href":"https:\/\/usagers-transports.haut-allier.eu\/index.php\/wp-json\/wp\/v2\/tags?post=633"}],"curies":[{"name":"wp","href":"https:\/\/api.w.org\/{rel}","templated":true}]}}