{"id":634,"date":"2019-11-17T18:34:52","date_gmt":"2019-11-17T17:34:52","guid":{"rendered":"http:\/\/5.45.101.177\/haut-allier\/usagers-transportse\/index.php\/2019\/11\/17\/ligne-du-train-nice-tende-cuneo634\/"},"modified":"2019-11-17T18:34:52","modified_gmt":"2019-11-17T17:34:52","slug":"ligne-du-train-nice-tende-cuneo634","status":"publish","type":"post","link":"https:\/\/usagers-transports.haut-allier.eu\/index.php\/2019\/11\/17\/ligne-du-train-nice-tende-cuneo634\/","title":{"rendered":"Ligne du train Nice Tende Cuneo menac\u00e9e : cha\u00eene humaine le samedi 7 d\u00e9cembre !"},"content":{"rendered":"<p>Nos amis du sud-est ni\u00e7ois sont touch\u00e9s eux aussi par le d\u00e9sint\u00e9r\u00eat de la SNCF pour son r\u00e9seau ferr\u00e9 des trains du quotidien avec les menaces de fermeture qui p\u00e8sent sur la ligne Nice &#8211; Tende &#8211; Cuneo.<br \/>\n&nbsp;<br \/>\nAussi le Comit\u00e9 franco-italien pour la d\u00e9fense et le d\u00e9veloppement de la ligne ferroviaire Nice-Cuneo-Ventimiglia, l&rsquo;Association Roya Expansion Nature et le Collectif Sauvons la Roya appellent la population \u00e0 participer \u00e0<br \/>\n&nbsp;<br \/>\n<strong>UNE CHAINE HUMAINE DE NICE A CUNEO<br \/>\nAUX FEUX ROUGES LE LONG DE LA ROUTE 204<br \/>\nET DE LA SS20<\/strong><br \/>\n&nbsp;<br \/>\n<em> <strong>Samedi 7 d\u00e9cembre 2019 \u00e0 11 heures<\/strong> <\/em><br \/>\n&nbsp;<br \/>\n<strong>Lieux de rendez-vous :<\/strong><br \/>\n&nbsp;<br \/>\nFeux rouges et ronds-points des villes travers\u00e9es (voir liste sur le <a href=\"https:\/\/nice-cuneo-ventimiglia.blogspot.com\/2019\/11\/appel-mobilisation-generale-pour-les.html\"><strong>site<\/strong><\/a>)<br \/>\n&nbsp;<br \/>\nVenir avec :<br \/>\n&#8211; gilets de s\u00e9curit\u00e9 de toute couleur,<br \/>\n&#8211; instruments de musique, sifflets, cr\u00e9celles, tambours \u2026 et pique-nique,<br \/>\n&#8211; banderoles, panneaux sandwiches avec vos messages de revendication pour le service public : climat, \u00e9coles, transports, sant\u00e9&#8230;<br \/>\n&#8211; cordes et bandes de tissus pour s&rsquo;\u00e9tendre en cha\u00eene humaine le long de la route en cas de forte participation.<br \/>\n&nbsp;<br \/>\n<img loading=\"lazy\" decoding=\"async\" class=\" aligncenter size-full wp-image-2805\" src=\"http:\/\/5.45.101.177\/haut-allier\/usagers-transportse\/wp-content\/uploads\/2019\/11\/viaducgf.jpg\" alt=\"viaducgf.jpg\" align=\"center\" width=\"640\" height=\"480\" srcset=\"https:\/\/usagers-transports.haut-allier.eu\/wp-content\/uploads\/2019\/11\/viaducgf.jpg 640w, https:\/\/usagers-transports.haut-allier.eu\/wp-content\/uploads\/2019\/11\/viaducgf-300x225.jpg 300w\" sizes=\"auto, (max-width: 640px) 100vw, 640px\" \/><br \/>\n&nbsp;<br \/>\nConsignes de s\u00e9curit\u00e9 :<br \/>\n&nbsp;<br \/>\nNous ne couperons pas la circulation et ne bloquerons pas la voie publique.<br \/>\n&nbsp;<br \/>\nNous resterons sur les ronds-points, les bas-c\u00f4t\u00e9 ou les trottoirs : consignes \u00e0 respecter et \u00e0 faire respecter autour de vous, merci.<br \/>\n&nbsp;<br \/>\n<em>Le collectif des usagers des transports du haut Allier leur adresse tout son soutien.<\/em><br \/>\n&nbsp;<\/p>\n","protected":false},"excerpt":{"rendered":"<p>Nos amis du sud-est ni\u00e7ois sont touch\u00e9s eux aussi par le d\u00e9sint\u00e9r\u00eat de la SNCF pour son r\u00e9seau<\/p>\n","protected":false},"author":1,"featured_media":2804,"comment_status":"open","ping_status":"open","sticky":false,"template":"","format":"standard","meta":{"footnotes":""},"categories":[2],"tags":[],"class_list":["post-634","post","type-post","status-publish","format-standard","has-post-thumbnail","hentry","category-infos"],"_links":{"self":[{"href":"https:\/\/usagers-transports.haut-allier.eu\/index.php\/wp-json\/wp\/v2\/posts\/634","targetHints":{"allow":["GET"]}}],"collection":[{"href":"https:\/\/usagers-transports.haut-allier.eu\/index.php\/wp-json\/wp\/v2\/posts"}],"about":[{"href":"https:\/\/usagers-transports.haut-allier.eu\/index.php\/wp-json\/wp\/v2\/types\/post"}],"author":[{"embeddable":true,"href":"https:\/\/usagers-transports.haut-allier.eu\/index.php\/wp-json\/wp\/v2\/users\/1"}],"replies":[{"embeddable":true,"href":"https:\/\/usagers-transports.haut-allier.eu\/index.php\/wp-json\/wp\/v2\/comments?post=634"}],"version-history":[{"count":0,"href":"https:\/\/usagers-transports.haut-allier.eu\/index.php\/wp-json\/wp\/v2\/posts\/634\/revisions"}],"wp:featuredmedia":[{"embeddable":true,"href":"https:\/\/usagers-transports.haut-allier.eu\/index.php\/wp-json\/wp\/v2\/media\/2804"}],"wp:attachment":[{"href":"https:\/\/usagers-transports.haut-allier.eu\/index.php\/wp-json\/wp\/v2\/media?parent=634"}],"wp:term":[{"taxonomy":"category","embeddable":true,"href":"https:\/\/usagers-transports.haut-allier.eu\/index.php\/wp-json\/wp\/v2\/categories?post=634"},{"taxonomy":"post_tag","embeddable":true,"href":"https:\/\/usagers-transports.haut-allier.eu\/index.php\/wp-json\/wp\/v2\/tags?post=634"}],"curies":[{"name":"wp","href":"https:\/\/api.w.org\/{rel}","templated":true}]}}