{"id":635,"date":"2019-11-18T14:37:48","date_gmt":"2019-11-18T13:37:48","guid":{"rendered":"http:\/\/5.45.101.177\/haut-allier\/usagers-transportse\/index.php\/2019\/11\/18\/auvergne-rhone-alpes-les-abonnes635\/"},"modified":"2019-11-18T14:37:48","modified_gmt":"2019-11-18T13:37:48","slug":"auvergne-rhone-alpes-les-abonnes635","status":"publish","type":"post","link":"https:\/\/usagers-transports.haut-allier.eu\/index.php\/2019\/11\/18\/auvergne-rhone-alpes-les-abonnes635\/","title":{"rendered":"Auvergne Rh\u00f4ne-Alpes : Les abonn\u00e9s TER indemnis\u00e9s apr\u00e8s la gr\u00e8ve de la Toussaint"},"content":{"rendered":"<p>Les usagers qui ont subi les d\u00e9sagr\u00e9ments en Auvergne Rh\u00f4ne-Alpes lors de la gr\u00e8ve inopin\u00e9e des cheminots survenue \u00e0 la Toussaint vont \u00eatre indemnis\u00e9s. Une r\u00e9duction de 20 % va \u00eatre accord\u00e9e aux abonn\u00e9s TER de la r\u00e9gion, a annonc\u00e9 ce dimanche Laurent Wauquiez.<br \/>\n&nbsp;<br \/>\nDu 17 au 21 octobre, le trafic des trains avait \u00e9t\u00e9 fortement perturb\u00e9 par la gr\u00e8ve des cheminots, qui avaient us\u00e9 de leur droit de retrait dans la France enti\u00e8re \u00e0 la suite d\u2019une collision survenue \u00e0 un passage \u00e0 niveau \u00e0 Saint-Pierre-sur-Vence (Ardennes).<br \/>\n&nbsp;<br \/>\nLe 20 octobre, Guillaume Pepy, encore pr\u00e9sident de la SNCF et remplac\u00e9 depuis par Jean-Pierre Farandou, avait annonc\u00e9 la cr\u00e9ation d\u2019un fonds d\u2019indemnisation d\u2019un million d\u2019euros pour d\u00e9dommager les usagers des grandes lignes Intercit\u00e9s et des TGV. Laurent Wauquiez avait \u00e9crit au pr\u00e9sident de l\u2019entreprise publique (?) pour obtenir un geste en direction des abonn\u00e9s TER d\u2019Auvergne Rh\u00f4ne-Alpes.<br \/>\n&nbsp;<br \/>\nUne remise de 20 % s\u2019appliquera sur les abonnements mensuels du mois de janvier \u00ab et sur les abonnements annuels.<br \/>\n&nbsp;<br \/>\n<a href=\"https:\/\/www.20minutes.fr\/societe\/2653391-20191117-auvergne-rhone-alpes-abonnes-ter-indemnises-apres-greve-cheminots-toussaint?xtor=RSS-176\"><em> <strong>Lire aussi sur le site de 20 minutes.<\/strong> <\/em><\/a><\/p>\n","protected":false},"excerpt":{"rendered":"<p>Les usagers qui ont subi les d\u00e9sagr\u00e9ments en Auvergne Rh\u00f4ne-Alpes lors de la gr\u00e8ve inopin\u00e9e des cheminots survenue<\/p>\n","protected":false},"author":1,"featured_media":2806,"comment_status":"open","ping_status":"open","sticky":false,"template":"","format":"standard","meta":{"footnotes":""},"categories":[2],"tags":[],"class_list":["post-635","post","type-post","status-publish","format-standard","has-post-thumbnail","hentry","category-infos"],"_links":{"self":[{"href":"https:\/\/usagers-transports.haut-allier.eu\/index.php\/wp-json\/wp\/v2\/posts\/635","targetHints":{"allow":["GET"]}}],"collection":[{"href":"https:\/\/usagers-transports.haut-allier.eu\/index.php\/wp-json\/wp\/v2\/posts"}],"about":[{"href":"https:\/\/usagers-transports.haut-allier.eu\/index.php\/wp-json\/wp\/v2\/types\/post"}],"author":[{"embeddable":true,"href":"https:\/\/usagers-transports.haut-allier.eu\/index.php\/wp-json\/wp\/v2\/users\/1"}],"replies":[{"embeddable":true,"href":"https:\/\/usagers-transports.haut-allier.eu\/index.php\/wp-json\/wp\/v2\/comments?post=635"}],"version-history":[{"count":0,"href":"https:\/\/usagers-transports.haut-allier.eu\/index.php\/wp-json\/wp\/v2\/posts\/635\/revisions"}],"wp:featuredmedia":[{"embeddable":true,"href":"https:\/\/usagers-transports.haut-allier.eu\/index.php\/wp-json\/wp\/v2\/media\/2806"}],"wp:attachment":[{"href":"https:\/\/usagers-transports.haut-allier.eu\/index.php\/wp-json\/wp\/v2\/media?parent=635"}],"wp:term":[{"taxonomy":"category","embeddable":true,"href":"https:\/\/usagers-transports.haut-allier.eu\/index.php\/wp-json\/wp\/v2\/categories?post=635"},{"taxonomy":"post_tag","embeddable":true,"href":"https:\/\/usagers-transports.haut-allier.eu\/index.php\/wp-json\/wp\/v2\/tags?post=635"}],"curies":[{"name":"wp","href":"https:\/\/api.w.org\/{rel}","templated":true}]}}